{"id":33345,"date":"2022-12-07T18:00:43","date_gmt":"2022-12-07T17:00:43","guid":{"rendered":"https:\/\/eufortrisomy21.eu\/?p=33345"},"modified":"2024-02-20T17:22:44","modified_gmt":"2024-02-20T16:22:44","slug":"the-future-is-ours-time-for-more-autonomy","status":"publish","type":"post","link":"https:\/\/eufortrisomy21.eu\/hu\/the-future-is-ours-time-for-more-autonomy\/","title":{"rendered":"A j\u00f6v\u0151 a mi\u00e9nk \u2013 a nagyobb auton\u00f3mia ideje"},"content":{"rendered":"<p>YouTube link: <a href=\"https:\/\/www.youtube.com\/watch?v=j2QFE6f5QPY\">magyar (magyar)<\/a>, <a href=\"https:\/\/www.youtube.com\/watch?v=y754i2Gk5jk\">rom\u00e1n (rom\u00e1n)<\/a>, <a href=\"https:\/\/www.youtube.com\/watch?v=imPvo3tS7l8\">Fran\u00e7ais (francia)<\/a>, <a href=\"https:\/\/www.youtube.com\/watch?v=ZjAbSg9kFG0\">Deutsch (n\u00e9met)<\/a>, <a href=\"https:\/\/www.youtube.com\/watch?v=-KLPE1gQVC4\">Polski (Polski)<\/a>, <a href=\"https:\/\/www.youtube.com\/watch?v=MgHYTZBAlyE\">\u03b5\u03bb\u03bb\u03b7\u03bd\u03b9\u03ba\u03ac (g\u00f6r\u00f6g)<\/a><\/p>\n<p>Megtekintheti hivatalos jelent\u00e9s\u00fcnket <a href=\"https:\/\/drive.google.com\/file\/d\/1yMfOOM1MKX2PptIr70ZjFIDLy8B5rYdU\/view?usp=sharing\">itt<\/a>.<\/p>\n<p>7-\u00e9n<sup>th<\/sup> 2022. decemberi EU for Trisomy 21 adott otthont az EU \u00e1ltal t\u00e1mogatott The Future is Ours projekt\u00fcnk els\u0151 rendezv\u00e9ny\u00e9nek \u201eIdeje t\u00f6bb AUTON\u00d3MIA\u00e9rt\u201d c\u00edmmel.<\/p>\n<p><span style=\"font-weight: 400;\">2022 szeptember\u00e9ben az EU for Trisomy 21 h\u00e1l\u00f3zat p\u00e9nzbeli t\u00e1mogat\u00e1sban r\u00e9szes\u00fclt az EU CERV p\u00e1ly\u00e1zati programj\u00e1n kereszt\u00fcl, elind\u00edtva a The Future is Ours nev\u0171 projektet. Ez a projekt 3 online esem\u00e9nyt, valamint egy m\u00e1sik szem\u00e9lyes esem\u00e9nyt tartalmaz 2023 m\u00e1jus\u00e1ban Br\u00fcsszelben. Minden esem\u00e9ny az EU Trisomy 21 h\u00e1l\u00f3zat n\u00e9gy c\u00e9lj\u00e1nak egyik\u00e9re \u00f6sszpontos\u00edt:<\/span><\/p>\n<p><span style=\"font-weight: 400;\">\u2013 Auton\u00f3mia, Mit jelent a Down-szindr\u00f3m\u00e1s embereknek f\u00fcggetlennek lenni \u00e9s d\u00f6nt\u00e9seket hozni?\u00a0<\/span><\/p>\n<p><span style=\"font-weight: 400;\">\u2013 L\u00e1that\u00f3s\u00e1g, mit jelent a Down-szindr\u00f3m\u00e1s emberek sz\u00e1m\u00e1ra, hogy l\u00e1tj\u00e1k \u00e9s hallj\u00e1k?\u00a0<\/span><\/p>\n<p><span style=\"font-weight: 400;\">\u2013 Eg\u00e9szs\u00e9g, A j\u00f3 orvosok \u00e9s az eg\u00e9szs\u00e9g\u00fcgyi t\u00e1mogat\u00e1s fontoss\u00e1ga\u00a0<\/span><\/p>\n<p><span style=\"font-weight: 400;\">\u2013 Egyenl\u0151 b\u00e1n\u00e1sm\u00f3d, mit jelent a Down-szindr\u00f3m\u00e1s emberek tiszteletben tart\u00e1sa?<\/span><\/p>\n<p>Ennek a projektnek az els\u0151 esem\u00e9ny\u00e9t, a \u201eTime for more AUTON\u00d3MI\u00c1T\u201d c\u00edm\u0171 projektet online tartott\u00e1k a fogyat\u00e9koss\u00e1ggal \u00e9l\u0151k jogainak nemzetk\u00f6zi napj\u00e1nak h\u00e1l\u00f3zati \u00fcnneps\u00e9g\u00e9nek r\u00e9szek\u00e9nt 3-\u00e1n.<sup>rd<\/sup> 2022. december.<\/p>\n<p>A \u201eTime for more AUTONOMY\u201d c\u00edm\u0171 filmben 5 \u00f6nv\u00e9d\u0151 el\u0151ad\u00f3 \u00e9rkezett 5 k\u00fcl\u00f6nb\u00f6z\u0151 orsz\u00e1gb\u00f3l, akik az auton\u00f3m \u00e9let fontoss\u00e1g\u00e1r\u00f3l besz\u00e9ltek. 9 nyelvre (angol, magyar, rom\u00e1n, francia, n\u00e9met, lengyel, g\u00f6r\u00f6g \u00e9s spanyol) ford\u00edtott\u00e1k le, \u00e9s t\u00f6bb mint 400 r\u00e9sztvev\u0151je volt 22 orsz\u00e1gb\u00f3l (16 EU-orsz\u00e1g).<\/p>\n<p><span style=\"font-weight: 400;\"><span style=\"font-weight: 400;\">A rendezv\u00e9ny els\u0151 el\u0151ad\u00f3ja az volt<strong> Soufiane El Amrani<\/strong>, an<\/span><\/span> 2008 \u00f3ta az Inclusion Europe szervezetn\u00e9l dolgoz\u00f3, k\u00f6nnyen olvashat\u00f3 \u00e9s \u00e9rdek\u00e9rv\u00e9nyes\u00edt\u0151 szak\u00e9rt\u0151. E munka r\u00e9szek\u00e9nt sz\u00e1mos k\u00e9pz\u00e9st tartott az inform\u00e1ci\u00f3k hozz\u00e1f\u00e9rhet\u0151v\u00e9 t\u00e9tel\u00e9r\u0151l, valamint arr\u00f3l, hogyan konzult\u00e1ljon \u00e9rtelmi fogyat\u00e9koss\u00e1ggal \u00e9l\u0151kkel az \u0151ket \u00e9rint\u0151 d\u00f6nt\u00e9sekben. Emellett tagja az \u00d6n\u00e9rv\u00e9nyes\u00edt\u0151k Eur\u00f3pai Platformj\u00e1nak \u00e9s az Empower Us Teamnek is. 2020 novembere \u00f3ta Soufiane az Eur\u00f3pa \u00f6nv\u00e9d\u0151inek k\u00e9pvisel\u0151je a Nemzetk\u00f6zi Befogad\u00e1si Tan\u00e1csban.<\/p>\n<p>Az \u201eIdeje a t\u00f6bb AUTON\u00d3MI\u00c1HOZ\u201d rendezv\u00e9nyen a fogyat\u00e9kkal \u00e9l\u0151k EU-n bel\u00fcli auton\u00f3mi\u00e1j\u00e1r\u00f3l besz\u00e9lt, k\u00fcl\u00f6n\u00f6s tekintettel a v\u00e1laszt\u00f3jogi t\u00f6rv\u00e9ny k\u00f6zelg\u0151 v\u00e1ltoz\u00e1s\u00e1ra, amely lehet\u0151v\u00e9 teszi az \u00e9rtelmi fogyat\u00e9kosok, k\u00f6zt\u00fck a Down-szindr\u00f3m\u00e1s emberek sz\u00e1m\u00e1ra, hogy szavazzanak a soron k\u00f6vetkez\u0151 uni\u00f3s parlamenti k\u00e9pvisel\u0151i \u00fcl\u00e9sen. Felh\u00edvta a figyelmet arra, hogy a v\u00e1laszt\u00f3jogi t\u00f6rv\u00e9ny megv\u00e1ltoztat\u00e1sa ugyan j\u00f3 l\u00e9p\u00e9s, de az EU-nak jav\u00edtania kell a kommunik\u00e1ci\u00f3jukon, hogy val\u00f3ban el\u00e9rhet\u0151 legyen az \u00faj szavaz\u00f3k\u00f6r sz\u00e1m\u00e1ra.<\/p>\n<p>A \u201eMy auton\u00f3m \u00e9letem\u201d panel n\u00e9gy Self-Advocate el\u0151ad\u00f3t tartalmazott Eur\u00f3pa minden r\u00e9sz\u00e9r\u0151l:<\/p>\n<ul>\n<li>\n<p class=\"_04xlpA direction-ltr align-start para-style-body\"><span class=\"JsGRdQ\"><strong>Fanny Neumayer<\/strong>, 27 \u00e9ves, B\u00e9csben \u00e9l, <strong>Ausztria<\/strong>. <\/span><span class=\"JsGRdQ\">Neumayer asszony az Evangelische Gymnasium (egy k\u00f6z\u00e9piskola) k\u00f6zponti irod\u00e1j\u00e1ban dolgozik B\u00e9csben, a 11. ker\u00fcletben. <\/span><span class=\"JsGRdQ\">Az ausztriai szavaz\u00e1ssal kapcsolatos tapasztalatair\u00f3l besz\u00e9lt.<\/span><\/p>\n<\/li>\n<li>\n<p class=\"_04xlpA direction-ltr align-start para-style-body\"><span class=\"JsGRdQ\"><strong>Fiona Lambart<\/strong>, 24 \u00e9ves \u00e9s Darmstadtban \u00e9l Frankfurt mellett, <strong>N\u00e9metorsz\u00e1g<\/strong>. <\/span><span class=\"JsGRdQ\">Lambart asszony h\u00e1ztart\u00e1si szakemberk\u00e9nt dolgozik.<\/span><span class=\"JsGRdQ\">\u00a0Besz\u00e9lt a munk\u00e1j\u00e1r\u00f3l \u00e9s arr\u00f3l, hogyan dolgozik az auton\u00f3m \u00e9let\u00e9rt.<\/span><\/p>\n<\/li>\n<li>\n<p class=\"_04xlpA direction-ltr align-start para-style-body\"><span class=\"JsGRdQ\"><strong>Frantzeska\u2013Christina Douka<\/strong>, 37 \u00e9ves, Szalonikiben \u00e9l, <strong>G\u00f6r\u00f6gorsz\u00e1g<\/strong>. Douka asszony a g\u00f6r\u00f6gorsz\u00e1gi Down-szindr\u00f3m\u00e1s sz\u00f6vets\u00e9g kedvezm\u00e9nyezettje, egyed\u00fcl \u00e9l, egy t\u00e1mogatott lak\u00e1sban. <\/span><span class=\"JsGRdQ\">Szeret t\u00e1ncolni, \u00e9s a ritmikus gimnasztik\u00e1ban sportol\u00f3. Sokszor indult a Speci\u00e1lis Olimpiai Szervezetn\u00e9l, nyert \u00e9rmeket, sz\u00e1mos orsz\u00e1gban utazott Eur\u00f3p\u00e1n bel\u00fcl \u00e9s k\u00edv\u00fcl.<\/span><\/p>\n<\/li>\n<li>\n<p class=\"_04xlpA direction-ltr align-start para-style-body\"><span class=\"JsGRdQ\"><strong>Jean Phillipe Barone<\/strong>, 44 \u00e9ves, Marseille-ben \u00e9l, <strong>Franciaorsz\u00e1g<\/strong>. Lak\u00e1s\u00e1ban lakik egy k\u00f6z\u00f6ss\u00e9gben, \u00e9s egy \u00e1talak\u00edtott \u00e9tteremben dolgozik. J\u00f3l \u00e9rzi mag\u00e1t a kommunik\u00e1ci\u00f3s eszk\u00f6z\u00f6k haszn\u00e1lat\u00e1ban, \u00e9s rendszeresen k\u00e9pviseli az #Tcap21 egyes\u00fcletet minden m\u00e9di\u00e1n kereszt\u00fcl. Most arra k\u00e9sz\u00fcl, hogy csatlakozzon nyit\u00f3 #Train Inc. k\u00e1v\u00e9z\u00f3nkhoz, \u00e9s teljes auton\u00f3mi\u00e1t \u00e9rjen el.<\/span><\/p>\n<\/li>\n<\/ul>\n<p>A panel ut\u00e1n a r\u00e9sztvev\u0151k k\u00e9rd\u00e9seket tehettek fel el\u0151ad\u00f3inknak. Egy f\u00fczet a besz\u00e9deikb\u0151l vett id\u00e9zetekkel, valamint Soufiane power pointj\u00e1val <span style=\"font-weight: 400;\">Az El Amrani minden r\u00e9sztvev\u0151 sz\u00e1m\u00e1ra el\u00e9rhet\u0151v\u00e9 v\u00e1lt. Ez let\u00f6lthet\u0151 angolul <a href=\"https:\/\/drive.google.com\/file\/d\/1SVsLWWYytRREpmbalTXhit8NbVKCsVkB\/view?usp=share_link\">itt<\/a>.<\/span><\/p>\n<p>Az esem\u00e9ny szervez\u00e9se, valamint maga az esem\u00e9ny alatti \u00e9s ut\u00e1ni vita sor\u00e1n az EU for Trisomy 21 aj\u00e1nl\u00e1sok list\u00e1j\u00e1t \u00e1ll\u00edtja \u00f6ssze az EU sz\u00e1m\u00e1ra, amelyeket figyelembe kell vennie annak \u00e9rdek\u00e9ben, hogy a 2024-es eur\u00f3pai parlamenti v\u00e1laszt\u00e1sokat val\u00f3ban el\u00e9rhet\u0151v\u00e9 tegy\u00e9k a Down-k\u00f3ros emberek sz\u00e1m\u00e1ra. szindr\u00f3ma minden EU-orsz\u00e1gban. Ezt a dokumentumot a Down-szindr\u00f3ma vil\u00e1gnapj\u00e1n, 2023. m\u00e1rcius 21-\u00e9n adj\u00e1k \u00e1t a Bizotts\u00e1gnak \u00e9s az Eur\u00f3pai Parlamentnek.<\/p>\n<p><strong>K\u00f6vetkez\u0151 rendezv\u00e9ny\u00fcnk: Time for More Visibility m\u00e1rcius 16-\u00e1n 18 \u00f3rakor lesz.\u00a0<\/strong><\/p>","protected":false},"excerpt":{"rendered":"<p>YouTube Link: Magyar (Hungarian), Rom\u00e2n (Romanian), Fran\u00e7ais (French), Deutsch (German), Polski (Polski), \u03b5\u03bb\u03bb\u03b7\u03bd\u03b9\u03ba\u03ac (Greek) You can take a look at&hellip;<\/p>","protected":false},"author":3,"featured_media":0,"comment_status":"closed","ping_status":"closed","sticky":false,"template":"","format":"standard","meta":{"_acf_changed":false,"footnotes":""},"categories":[45],"tags":[],"class_list":["post-33345","post","type-post","status-publish","format-standard","hentry","category-21-march-21"],"acf":[],"_links":{"self":[{"href":"https:\/\/eufortrisomy21.eu\/hu\/wp-json\/wp\/v2\/posts\/33345"}],"collection":[{"href":"https:\/\/eufortrisomy21.eu\/hu\/wp-json\/wp\/v2\/posts"}],"about":[{"href":"https:\/\/eufortrisomy21.eu\/hu\/wp-json\/wp\/v2\/types\/post"}],"author":[{"embeddable":true,"href":"https:\/\/eufortrisomy21.eu\/hu\/wp-json\/wp\/v2\/users\/3"}],"replies":[{"embeddable":true,"href":"https:\/\/eufortrisomy21.eu\/hu\/wp-json\/wp\/v2\/comments?post=33345"}],"version-history":[{"count":3,"href":"https:\/\/eufortrisomy21.eu\/hu\/wp-json\/wp\/v2\/posts\/33345\/revisions"}],"predecessor-version":[{"id":33626,"href":"https:\/\/eufortrisomy21.eu\/hu\/wp-json\/wp\/v2\/posts\/33345\/revisions\/33626"}],"wp:attachment":[{"href":"https:\/\/eufortrisomy21.eu\/hu\/wp-json\/wp\/v2\/media?parent=33345"}],"wp:term":[{"taxonomy":"category","embeddable":true,"href":"https:\/\/eufortrisomy21.eu\/hu\/wp-json\/wp\/v2\/categories?post=33345"},{"taxonomy":"post_tag","embeddable":true,"href":"https:\/\/eufortrisomy21.eu\/hu\/wp-json\/wp\/v2\/tags?post=33345"}],"curies":[{"name":"wp","href":"https:\/\/api.w.org\/{rel}","templated":true}]}}