{"id":33570,"date":"2023-06-05T15:06:48","date_gmt":"2023-06-05T13:06:48","guid":{"rendered":"https:\/\/eufortrisomy21.eu\/?p=33570"},"modified":"2024-02-20T17:22:09","modified_gmt":"2024-02-20T16:22:09","slug":"time-for-more-health","status":"publish","type":"post","link":"https:\/\/eufortrisomy21.eu\/hu\/time-for-more-health\/","title":{"rendered":"Ideje t\u00f6bb eg\u00e9szs\u00e9gre"},"content":{"rendered":"<p><strong>A j\u00f6v\u0151 a mi\u00e9nk: \u00e1t\u00fct\u0151 siker Br\u00fcsszelben <\/strong><\/p>\n<p><strong>Br\u00fcsszel, m\u00e1jus 1<\/strong><strong>2<\/strong><strong>, 2023<\/strong><\/p>\n<p>A hivatalos jelent\u00e9st megtal\u00e1lod <a href=\"https:\/\/drive.google.com\/file\/d\/1GWGiY_j5SqgJcWtJ3wEvT8RlmPlHY2Gg\/view?usp=sharing\">itt<\/a>.<\/p>\n<p><img loading=\"lazy\" decoding=\"async\" class=\"wp-image-33571 alignleft\" src=\"https:\/\/eufortrisomy21.eu\/wp-content\/uploads\/2023\/06\/IMG_2495-scaled.jpeg\" alt=\"\" width=\"460\" height=\"345\" srcset=\"https:\/\/eufortrisomy21.eu\/wp-content\/uploads\/2023\/06\/IMG_2495-scaled.jpeg 2560w, https:\/\/eufortrisomy21.eu\/wp-content\/uploads\/2023\/06\/IMG_2495-300x225.jpeg 300w, https:\/\/eufortrisomy21.eu\/wp-content\/uploads\/2023\/06\/IMG_2495-1024x768.jpeg 1024w, https:\/\/eufortrisomy21.eu\/wp-content\/uploads\/2023\/06\/IMG_2495-768x576.jpeg 768w, https:\/\/eufortrisomy21.eu\/wp-content\/uploads\/2023\/06\/IMG_2495-1536x1152.jpeg 1536w, https:\/\/eufortrisomy21.eu\/wp-content\/uploads\/2023\/06\/IMG_2495-2048x1536.jpeg 2048w, https:\/\/eufortrisomy21.eu\/wp-content\/uploads\/2023\/06\/IMG_2495-16x12.jpeg 16w\" sizes=\"(max-width: 460px) 100vw, 460px\" \/>A Future is Ours projekt \u00e1t\u00fct\u0151 sikert aratott a k\u00f6zelm\u00faltban, m\u00e1jus 1. \u00e9s m\u00e1jus 3. k\u00f6z\u00f6tt Br\u00fcsszelben megrendezett #TheFutureIsOurs szem\u00e9lyes rendezv\u00e9ny\u00e9vel. Az esem\u00e9ny jelent\u0151s m\u00e9rf\u00f6ldk\u00f6vet jelentett a Down-szindr\u00f3m\u00e1s \u00f6n\u00e9rv\u00e9nyes\u00edt\u00e9sben: 11 uni\u00f3s orsz\u00e1gb\u00f3l 72 szem\u00e9ly vett r\u00e9szt, k\u00f6zt\u00fck 28 Down-szindr\u00f3m\u00e1s \u00f6nv\u00e9d\u0151.<\/p>\n<p>Az esem\u00e9ny egy kellemes vacsor\u00e1val indult m\u00e1jus 1-j\u00e9n, ahol a r\u00e9sztvev\u0151k k\u00fcl\u00f6nb\u00f6z\u0151 orsz\u00e1gokb\u00f3l j\u00f6ttek \u00f6ssze \u00e9s osztott\u00e1k meg tapasztalataikat. M\u00e1jus 2-\u00e1n Lukas Mandl EP-k\u00e9pvisel\u0151 \u00fcdv\u00f6z\u00f6lte a r\u00e9sztvev\u0151ket a ZWEIG \u00e9p\u00fcletben, \u00e9s t\u00e1mogat\u00e1s\u00e1r\u00f3l biztos\u00edtotta a rendezv\u00e9ny c\u00e9ljait, kiemelve a Down-szindr\u00f3m\u00e1s szem\u00e9lyek jogai\u00e9rt val\u00f3 ki\u00e1ll\u00e1s fontoss\u00e1g\u00e1t.<\/p>\n<p>A m\u0171helyek, amelyek sz\u00e1mos, a Down-szindr\u00f3m\u00e1s szem\u00e9lyek l\u00e1that\u00f3s\u00e1gi auton\u00f3mi\u00e1j\u00e1val, egyenl\u0151 b\u00e1n\u00e1sm\u00f3dj\u00e1val \u00e9s j\u00f3l\u00e9t\u00e9vel kapcsolatos t\u00e9m\u00e1kat \u00f6leltek fel, informat\u00edvak \u00e9s gyakorlatiasak voltak, \u00e9rt\u00e9kes ismereteket \u00e9s eszk\u00f6z\u00f6ket k\u00edn\u00e1lva a r\u00e9sztvev\u0151knek eg\u00e9szs\u00e9g\u00fck \u00e9s j\u00f3l\u00e9t\u00fck jav\u00edt\u00e1s\u00e1hoz. D\u00e9lut\u00e1n a Time for more Health panelbesz\u00e9lget\u00e9sen Rosa Estar\u00e0s Ferragut eur\u00f3pai parlamenti k\u00e9pvisel\u0151, Helmut Geuking eur\u00f3pai parlamenti k\u00e9pvisel\u0151, Mara Dierssen Sotos professzor, Pilar Garcia Fern\u00e1ndez doktor, Jean Phillipe Barone \u00f6nv\u00e9d\u0151 \u00e9s Mareike Fuisz szak\u00e9rt\u0151 vett r\u00e9szt az eg\u00e9szs\u00e9ggel kapcsolatos fontos k\u00e9rd\u00e9sekr\u0151l. \u00e9s a Down-szindr\u00f3m\u00e1s emberek j\u00f3l\u00e9te.<\/p>\n<p><img loading=\"lazy\" decoding=\"async\" class=\"alignright wp-image-33572\" src=\"https:\/\/eufortrisomy21.eu\/wp-content\/uploads\/2023\/06\/IMG_2575-scaled.jpeg\" alt=\"\" width=\"298\" height=\"397\" srcset=\"https:\/\/eufortrisomy21.eu\/wp-content\/uploads\/2023\/06\/IMG_2575-scaled.jpeg 1920w, https:\/\/eufortrisomy21.eu\/wp-content\/uploads\/2023\/06\/IMG_2575-225x300.jpeg 225w, https:\/\/eufortrisomy21.eu\/wp-content\/uploads\/2023\/06\/IMG_2575-768x1024.jpeg 768w, https:\/\/eufortrisomy21.eu\/wp-content\/uploads\/2023\/06\/IMG_2575-1152x1536.jpeg 1152w, https:\/\/eufortrisomy21.eu\/wp-content\/uploads\/2023\/06\/IMG_2575-1536x2048.jpeg 1536w, https:\/\/eufortrisomy21.eu\/wp-content\/uploads\/2023\/06\/IMG_2575-9x12.jpeg 9w\" sizes=\"(max-width: 298px) 100vw, 298px\" \/><\/p>\n<p>Az esem\u00e9ny egyik leghat\u00e1sosabb eleme a \u201eMeet Your MEP\u201d r\u00e9sz volt, amely lehet\u0151s\u00e9get biztos\u00edtott a r\u00e9sztvev\u0151knek, hogy tal\u00e1lkozzanak orsz\u00e1guk k\u00e9pvisel\u0151ivel az Eur\u00f3pai Parlamentben, \u00e9s ki\u00e1lljanak a Down-szindr\u00f3m\u00e1s \u00f6nv\u00e9d\u0151 jogaik\u00e9rt. Az eln\u00f6k, Roberta Metsola volt a sok EP-k\u00e9pvisel\u0151 k\u00f6z\u00f6tt, aki megtisztelte az alkalmat, \u00e9s mindenkit szeretettel \u00fcdv\u00f6z\u00f6lt.<\/p>\n<p>Az esem\u00e9ny egy kellemes fogadtat\u00e1sban cs\u00facsosodott ki, amelyet Margarita De la Pisa eur\u00f3pai parlamenti k\u00e9pvisel\u0151 tartott, \u00e9s lehet\u0151s\u00e9get biztos\u00edtott a r\u00e9sztvev\u0151knek, az el\u0151ad\u00f3knak \u00e9s a szervez\u0151knek a laz\u00edt\u00e1sra, a t\u00e1ncra \u00e9s a spanyol finoms\u00e1gokra.<\/p>\n<p>Az EU For Trisomy 21 b\u00fcszke ennek az esem\u00e9nynek a siker\u00e9re, amely k\u00fcl\u00f6nb\u00f6z\u0151 orsz\u00e1gokb\u00f3l \u00e9s h\u00e1tter\u0171 Down-szindr\u00f3m\u00e1s \u00f6nv\u00e9d\u0151k soksz\u00edn\u0171 csoportj\u00e1t hozza \u00f6ssze. H\u00e1l\u00e1sak vagyunk el\u0151ad\u00f3inknak, r\u00e9sztvev\u0151inknek \u00e9s partnerszervezeteinknek, hogy \u00f3ri\u00e1si t\u00e1mogat\u00e1st ny\u00fajtottak a Down-szindr\u00f3m\u00e1s egy\u00e9nek jogai\u00e9rt. Ez\u00faton is k\u00f6sz\u00f6nj\u00fck az EP-k\u00e9pvisel\u0151knek a kedves jelenl\u00e9tet az esem\u00e9nyen. Maradjon vel\u00fcnk, ha tov\u00e1bbi fot\u00f3kat, vide\u00f3kat \u00e9s j\u00f6v\u0151beli h\u00edreket kaphat a Down-szindr\u00f3ma elleni v\u00e9dekez\u00e9sr\u0151l \u00e9s az \u00f6n\u00e9rv\u00e9nyes\u00edt\u00e9sr\u0151l weboldalunkon \u00e9s k\u00f6z\u00f6ss\u00e9gi m\u00e9dia csatorn\u00e1inkon.<\/p>","protected":false},"excerpt":{"rendered":"<p>The Future Is Ours: A Resounding Success in Brussels Brussels, May 12, 2023 You can find the official report here.&hellip;<\/p>","protected":false},"author":3,"featured_media":0,"comment_status":"closed","ping_status":"closed","sticky":false,"template":"","format":"standard","meta":{"_acf_changed":false,"footnotes":""},"categories":[45],"tags":[],"class_list":["post-33570","post","type-post","status-publish","format-standard","hentry","category-21-march-21"],"acf":[],"_links":{"self":[{"href":"https:\/\/eufortrisomy21.eu\/hu\/wp-json\/wp\/v2\/posts\/33570"}],"collection":[{"href":"https:\/\/eufortrisomy21.eu\/hu\/wp-json\/wp\/v2\/posts"}],"about":[{"href":"https:\/\/eufortrisomy21.eu\/hu\/wp-json\/wp\/v2\/types\/post"}],"author":[{"embeddable":true,"href":"https:\/\/eufortrisomy21.eu\/hu\/wp-json\/wp\/v2\/users\/3"}],"replies":[{"embeddable":true,"href":"https:\/\/eufortrisomy21.eu\/hu\/wp-json\/wp\/v2\/comments?post=33570"}],"version-history":[{"count":3,"href":"https:\/\/eufortrisomy21.eu\/hu\/wp-json\/wp\/v2\/posts\/33570\/revisions"}],"predecessor-version":[{"id":33630,"href":"https:\/\/eufortrisomy21.eu\/hu\/wp-json\/wp\/v2\/posts\/33570\/revisions\/33630"}],"wp:attachment":[{"href":"https:\/\/eufortrisomy21.eu\/hu\/wp-json\/wp\/v2\/media?parent=33570"}],"wp:term":[{"taxonomy":"category","embeddable":true,"href":"https:\/\/eufortrisomy21.eu\/hu\/wp-json\/wp\/v2\/categories?post=33570"},{"taxonomy":"post_tag","embeddable":true,"href":"https:\/\/eufortrisomy21.eu\/hu\/wp-json\/wp\/v2\/tags?post=33570"}],"curies":[{"name":"wp","href":"https:\/\/api.w.org\/{rel}","templated":true}]}}