{"id":33632,"date":"2023-07-07T14:20:00","date_gmt":"2023-07-07T12:20:00","guid":{"rendered":"https:\/\/eufortrisomy21.eu\/?p=33632"},"modified":"2024-02-20T17:21:50","modified_gmt":"2024-02-20T16:21:50","slug":"time-for-more-equal-treatment","status":"publish","type":"post","link":"https:\/\/eufortrisomy21.eu\/hu\/time-for-more-equal-treatment\/","title":{"rendered":"Ideje az egyenl\u0151bb b\u00e1n\u00e1sm\u00f3dnak"},"content":{"rendered":"<p><strong>\u201eA j\u00f6v\u0151 a mi\u00e9nk\u201d projekt: A v\u00e1ltoz\u00e1s \u00e9s a befogad\u00e1s felhatalmaz\u00e1sa<\/strong><\/p>\n<p>2023. j\u00falius 7. \u2013 Az EU for Trisomy 21 Network \u00f6r\u00f6mmel jelenti be negyedik rendezv\u00e9ny\u00e9nek sikeres lez\u00e1r\u00e1s\u00e1t a folyamatban l\u00e9v\u0151 \u201eA j\u00f6v\u0151 a mi\u00e9nk\u201d projektben. A j\u00falius 6-\u00e1n megrendezett esem\u00e9ny, amelyet az Eur\u00f3pai Uni\u00f3 a CERV-t\u00e1mogat\u00e1son kereszt\u00fcl szponzor\u00e1lt, \u00e1t\u00fct\u0151 sikert aratott a p\u00e1rbesz\u00e9d el\u0151mozd\u00edt\u00e1s\u00e1ban \u00e9s az \u00e9rtelmi fogyat\u00e9koss\u00e1ggal \u00e9l\u0151 egy\u00e9nek meger\u0151s\u00edt\u00e9s\u00e9ben, k\u00fcl\u00f6n\u00f6s tekintettel a munkahelyi egyenl\u0151 b\u00e1n\u00e1sm\u00f3dra \u00e9s a kapcsol\u00f3d\u00f3 t\u00e9m\u00e1kra. A hivatalos jelent\u00e9st olvashatj\u00e1k <a href=\"https:\/\/drive.google.com\/file\/d\/1scn0DUrbaoWa7EqPKB69h1-JLZh1Gk--\/view?usp=sharing\">itt<\/a>.<\/p>\n<p>Az esem\u00e9nyen Eur\u00f3pa-szerte \u00e9rkeztek r\u00e9sztvev\u0151k, \u00e9s t\u00f6bb nyelven, k\u00f6zt\u00fck olasz, angol, rom\u00e1n \u00e9s magyar tolm\u00e1csok is rendelkez\u00e9sre \u00e1llnak.<\/p>\n<p>\u201eA j\u00f6v\u0151 a mi\u00e9nk\u201d egy projekt, amely 2019-ben a Down-szindr\u00f3ma vil\u00e1gnapj\u00e1nak meg\u00fcnnepl\u00e9s\u00e9re elk\u00f6telezett helyi szervezetek h\u00e1l\u00f3zatak\u00e9nt indult. Id\u0151vel az \u00e9rdek\u00e9rv\u00e9nyes\u00edt\u00e9s \u00e9s a felhatalmaz\u00e1s platformj\u00e1v\u00e1 fejl\u0151d\u00f6tt. A projekt m\u00e1r k\u00e9t online esem\u00e9nynek \u00e9s egy szem\u00e9lyes \u00f6sszej\u00f6vetelnek adott otthont Br\u00fcsszelben, ahol 75 r\u00e9sztvev\u0151 k\u00fcl\u00f6nb\u00f6z\u0151 EU-orsz\u00e1gokb\u00f3l \u00e9s 28 Down-szindr\u00f3m\u00e1s szem\u00e9ly tal\u00e1lkozott parlamenti k\u00e9pvisel\u0151kkel, hogy megvitass\u00e1k a kulcsfontoss\u00e1g\u00fa k\u00e9rd\u00e9seket, k\u00f6zt\u00fck az eg\u00e9szs\u00e9get.<\/p>\n<p>A sorozat utols\u00f3 esem\u00e9nye a munkahelyi egyenl\u0151 b\u00e1n\u00e1sm\u00f3d kritikus k\u00e9rd\u00e9s\u00e9vel foglalkozott. Az el\u0151ad\u00f3k k\u00f6z\u00f6tt Chiara Gemma, az Eur\u00f3pai Parlament k\u00e9pvisel\u0151je is helyet kapott; Maria James, arany\u00e9rmes \u00fasz\u00f3 \u00e9s sz\u00f3sz\u00f3l\u00f3 M\u00e1lt\u00e1r\u00f3l; Yasmin Ismail, junior pszichol\u00f3gus Rom\u00e1ni\u00e1b\u00f3l; valamint Kisari K\u00e1roly, a Magyar Rejtett Kincsek Le Egyes\u00fclet \u00e9s a Mentor\u00e1ll\u00e1s Alap\u00edtv\u00e1ny alap\u00edt\u00f3ja.<\/p>\n<p>Chiara Gemma, aki az Eur\u00f3pai Parlament Foglalkoztat\u00e1si \u00e9s Szoci\u00e1lis Bizotts\u00e1g\u00e1ban \u00e9s a Fogyat\u00e9kos\u00fcgyi Csoportk\u00f6zi Csoportban dolgozik, egy el\u0151re r\u00f6gz\u00edtett vide\u00f3n kereszt\u00fcl sz\u00f3l\u00edtotta meg a hallgat\u00f3s\u00e1got az utols\u00f3 pillanatban tett utaz\u00e1si k\u00f6telezetts\u00e9gei miatt. Hangs\u00falyozta az \u00f6n\u00e9rv\u00e9nyes\u00edt\u00e9s fontoss\u00e1g\u00e1t, \u00e9s annak sz\u00fcks\u00e9gess\u00e9g\u00e9t, hogy feler\u0151s\u00edts\u00e9k az \u00e9rtelmi fogyat\u00e9koss\u00e1ggal \u00e9l\u0151k v\u00e9lem\u00e9ny\u00e9t a politikai sz\u00ednt\u00e9ren.<\/p>\n<p>Maria James, az \u00fasz\u00e1s szenved\u00e9lyes sz\u00f3sz\u00f3l\u00f3ja \u00e9s arany\u00e9rmes, megosztotta inspir\u00e1l\u00f3 \u00fatj\u00e1t, \u00e9s megvitatta a Down-szindr\u00f3m\u00e1s emberek egyenl\u0151 b\u00e1n\u00e1sm\u00f3dj\u00e1t el\u0151mozd\u00edt\u00f3 munk\u00e1j\u00e1t. Yasmin Ismail, egy fiatal pszichol\u00f3gus \u00e9rt\u00e9kes betekint\u00e9st ny\u00fajtott karrierj\u00e9be \u00e9s az \u00e1ltala lek\u00fczd\u00f6tt kih\u00edv\u00e1sokba, \u00e9s arra buzd\u00edtott m\u00e1sokat, hogy k\u00f6vess\u00e9k \u00e1lmaikat. Kisari K\u00e1roly, a szakter\u00fclet \u00fatt\u00f6r\u0151je szervezeteinek magyarorsz\u00e1gi k\u00fcldet\u00e9s\u00e9t taglalta, a fogyat\u00e9koss\u00e1ggal \u00e9l\u0151 egy\u00e9nek t\u00e1rsadalmi integr\u00e1ci\u00f3j\u00e1t \u00e9s a ny\u00edlt munkaer\u0151piacot helyezve el\u0151t\u00e9rbe.<\/p>\n<p>Az esem\u00e9ny sor\u00e1n a k\u00f6z\u00f6ns\u00e9gnek lehet\u0151s\u00e9ge volt k\u00e9rd\u00e9seket feltenni az el\u0151ad\u00f3knak, el\u0151seg\u00edtve az interakt\u00edv besz\u00e9lget\u00e9seket \u00e9s jav\u00edtva a meg\u00e9rt\u00e9st.<\/p>\n<p>Az EU for Trisomy 21 Network elk\u00f6telezte mag\u00e1t amellett, hogy folytassa \u00e9rdek\u00e9rv\u00e9nyes\u00edt\u00e9si \u00e9s felhatalmaz\u00e1si er\u0151fesz\u00edt\u00e9seit. Egy m\u00e1sik uni\u00f3s projektre p\u00e1ly\u00e1zott, amelynek c\u00e9lja, hogy az \u00f6n\u00e9rv\u00e9nyes\u00edt\u0151ket k\u00e9pess\u00e9 tegye a m\u00e9di\u00e1val, a politikusokkal \u00e9s a nyilv\u00e1noss\u00e1ggal val\u00f3 hat\u00e9kony kommunik\u00e1ci\u00f3ra, el\u0151seg\u00edtve a l\u00e1that\u00f3s\u00e1got \u00e9s az auton\u00f3mi\u00e1t.<\/p>\n<p>A \u201eThe Future is Ours\u201d projekt j\u00falius 6-i sikere meger\u0151s\u00edti az EU Trisomy 21 Network ir\u00e1nti elk\u00f6telezetts\u00e9g\u00e9t egy befogad\u00f3bb \u00e9s m\u00e9lt\u00e1nyosabb t\u00e1rsadalom l\u00e9trehoz\u00e1sa ir\u00e1nt az \u00e9rtelmi fogyat\u00e9koss\u00e1ggal \u00e9l\u0151k sz\u00e1m\u00e1ra Eur\u00f3pa-szerte.<\/p>","protected":false},"excerpt":{"rendered":"<p>&#8220;The Future is Ours&#8221; Project: Empowering Change and Inclusion 7.th July 2023\u2014 The EU for Trisomy 21 Network is delighted&hellip;<\/p>","protected":false},"author":3,"featured_media":0,"comment_status":"closed","ping_status":"closed","sticky":false,"template":"","format":"standard","meta":{"_acf_changed":false,"footnotes":""},"categories":[45],"tags":[],"class_list":["post-33632","post","type-post","status-publish","format-standard","hentry","category-21-march-21"],"acf":[],"_links":{"self":[{"href":"https:\/\/eufortrisomy21.eu\/hu\/wp-json\/wp\/v2\/posts\/33632"}],"collection":[{"href":"https:\/\/eufortrisomy21.eu\/hu\/wp-json\/wp\/v2\/posts"}],"about":[{"href":"https:\/\/eufortrisomy21.eu\/hu\/wp-json\/wp\/v2\/types\/post"}],"author":[{"embeddable":true,"href":"https:\/\/eufortrisomy21.eu\/hu\/wp-json\/wp\/v2\/users\/3"}],"replies":[{"embeddable":true,"href":"https:\/\/eufortrisomy21.eu\/hu\/wp-json\/wp\/v2\/comments?post=33632"}],"version-history":[{"count":3,"href":"https:\/\/eufortrisomy21.eu\/hu\/wp-json\/wp\/v2\/posts\/33632\/revisions"}],"predecessor-version":[{"id":33635,"href":"https:\/\/eufortrisomy21.eu\/hu\/wp-json\/wp\/v2\/posts\/33632\/revisions\/33635"}],"wp:attachment":[{"href":"https:\/\/eufortrisomy21.eu\/hu\/wp-json\/wp\/v2\/media?parent=33632"}],"wp:term":[{"taxonomy":"category","embeddable":true,"href":"https:\/\/eufortrisomy21.eu\/hu\/wp-json\/wp\/v2\/categories?post=33632"},{"taxonomy":"post_tag","embeddable":true,"href":"https:\/\/eufortrisomy21.eu\/hu\/wp-json\/wp\/v2\/tags?post=33632"}],"curies":[{"name":"wp","href":"https:\/\/api.w.org\/{rel}","templated":true}]}}