{"id":31637,"date":"2021-03-11T16:22:13","date_gmt":"2021-03-11T15:22:13","guid":{"rendered":"https:\/\/eufortrisomy21.eu\/?p=31637"},"modified":"2021-03-11T16:25:52","modified_gmt":"2021-03-11T15:25:52","slug":"press-release-focus-on-the-online-conference","status":"publish","type":"post","link":"https:\/\/eufortrisomy21.eu\/it\/press-release-focus-on-the-online-conference\/","title":{"rendered":"Comunicato stampa: Focus sulla CONFERENZA (online)"},"content":{"rendered":"<p style=\"text-align: right;\"><img loading=\"lazy\" decoding=\"async\" class=\"size-medium wp-image-14470 alignleft\" src=\"https:\/\/eufortrisomy21.eu\/wp-content\/uploads\/2020\/02\/Banniere7-300x120.jpg\" alt=\"\" width=\"300\" height=\"120\" srcset=\"https:\/\/eufortrisomy21.eu\/wp-content\/uploads\/2020\/02\/Banniere7-300x120.jpg 300w, https:\/\/eufortrisomy21.eu\/wp-content\/uploads\/2020\/02\/Banniere7-1024x410.jpg 1024w, https:\/\/eufortrisomy21.eu\/wp-content\/uploads\/2020\/02\/Banniere7-768x307.jpg 768w, https:\/\/eufortrisomy21.eu\/wp-content\/uploads\/2020\/02\/Banniere7-1536x614.jpg 1536w, https:\/\/eufortrisomy21.eu\/wp-content\/uploads\/2020\/02\/Banniere7.jpg 2000w\" sizes=\"(max-width: 300px) 100vw, 300px\" \/>comunicato stampa<\/p>\n<p style=\"text-align: right;\">Bruxelles<\/p>\n<p style=\"text-align: right;\">10 marzo 2021<\/p>\n<p>&nbsp;<\/p>\n<h2 style=\"text-align: center;\"><span style=\"color: #99ccff;\">3 progetti per celebrare la Giornata mondiale della sindrome di Down \u00a0<\/span><\/h2>\n<h2 style=\"text-align: center;\"><span style=\"color: #ffcc00;\"><span class=\"fontstyle0\">Focus on the (online) <\/span><span class=\"fontstyle2\">CONFERENZA<\/span><\/span><\/h2>\n<h2 style=\"text-align: center;\"><span style=\"color: #000000;\">\u00a0<span class=\"fontstyle0\">Trisomia 21: cosa pu\u00f2 fare l&#039;Europa?<\/span><\/span><\/h2>\n<p style=\"text-align: center;\">\u00a0<span class=\"fontstyle0\">Per celebrare la Giornata Internazionale della Trisomia 21, <em>EUfortrisomia 21<\/em> organizza una conferenza<br \/>\n<\/span><span class=\"fontstyle2\"><span style=\"color: #99ccff;\"><strong>Gioved\u00ec 18 marzo 2021 dalle 14 alle 15:30<\/strong><\/span><br \/>\n<\/span><span class=\"fontstyle0\">(Fuso orario di Bruxelles)<\/span><\/p>\n<p><span style=\"color: #ffcc00;\"><span style=\"color: #333333;\"><span class=\"fontstyle0\">Genitori esperti, una persona con sindrome di Down e deputati (Sig.ra Estrella Dura (S&amp;D), Sig.ra Katrin Langensiepen (Verdi), Sig.ra Radka Maxova (Renew), Sig. Fran\u00e7ois-Xavier Bellamy (PPE), Sig. Patrick Jaki (ECR)) parler\u00e0 delle principali questioni per le persone con sindrome di Down: visibilit\u00e0, autonomia, inclusione, non discriminazione e dignit\u00e0.<\/span><\/span><\/span><\/p>\n<p><span style=\"color: #ffcc00;\"><span style=\"color: #333333;\"><span class=\"fontstyle0\"><img loading=\"lazy\" decoding=\"async\" class=\"size-medium wp-image-31642 alignleft\" src=\"https:\/\/eufortrisomy21.eu\/wp-content\/uploads\/2021\/03\/Trisomy-21-What-can-Europe-do-253x300.jpg\" alt=\"\" width=\"253\" height=\"300\" srcset=\"https:\/\/eufortrisomy21.eu\/wp-content\/uploads\/2021\/03\/Trisomy-21-What-can-Europe-do-253x300.jpg 253w, https:\/\/eufortrisomy21.eu\/wp-content\/uploads\/2021\/03\/Trisomy-21-What-can-Europe-do-10x12.jpg 10w, https:\/\/eufortrisomy21.eu\/wp-content\/uploads\/2021\/03\/Trisomy-21-What-can-Europe-do.jpg 708w\" sizes=\"(max-width: 253px) 100vw, 253px\" \/>Questi interventi e discussioni saranno utili per il dibattito sul <\/span><span class=\"fontstyle2\">Unione di uguaglianza: <strong>Strategia sui diritti delle persone con disabilit\u00e0 2021-2030 <\/strong><\/span><span class=\"fontstyle0\">(annunciato dal Parlamento europeo il 3<\/span><span class=\"fontstyle0\">rd <\/span><span class=\"fontstyle0\">di marzo).<\/span><\/span><strong><span class=\"fontstyle0\"><br \/>\n<\/span><\/strong><\/span><\/p>\n<p><span style=\"color: #333333;\"><span class=\"fontstyle0\">\u00c8 prevista una traduzione in:<br \/>\n<\/span><\/span><\/p>\n<ul>\n<li><span style=\"color: #333333;\"><span class=\"fontstyle0\">inglese<\/span><\/span><\/li>\n<li><span style=\"color: #333333;\"><span class=\"fontstyle0\">Tedesco (lingua normale e facile)<\/span><\/span><\/li>\n<li><span style=\"color: #333333;\"><span class=\"fontstyle0\">spagnolo<\/span><\/span><\/li>\n<li><span style=\"color: #333333;\"><span class=\"fontstyle0\">francese<\/span><\/span><\/li>\n<\/ul>\n<p style=\"text-align: center;\"><span style=\"color: #ffcc00;\"><span class=\"fontstyle0\" style=\"color: #333333;\">Se lo desideri <\/span><strong><span class=\"fontstyle3\">partecipare alla conferenza<\/span><\/strong><span class=\"fontstyle0\" style=\"color: #333333;\">, registrati su<\/span><strong><span class=\"fontstyle0\"><br \/>\n<\/span><a href=\"mailto:contact@eufortrisomy21.eu\"><span class=\"fontstyle0\">contact@eufortrisomy21.eu<\/span><\/a><\/strong><\/span><\/p>\n<p>&nbsp;<\/p>\n<p style=\"text-align: center;\"><span class=\"fontstyle0\">EUfortrisomia 21 <\/span><span class=\"fontstyle2\">\u00e8 una comunit\u00e0 di genitori di bambini con sindrome di Down,<br \/>\nuniti per promuovere i diritti delle persone con sindrome di Down in 4 aree prioritarie:<br \/>\nvisibilit\u00e0, non discriminazione, salute, autonomia<\/span><\/p>\n<p style=\"text-align: center;\"><strong>Contatto<\/strong> : contact@eufortrisomy21.eu<\/p>\n<p style=\"text-align: right;\"><a href=\"https:\/\/eufortrisomy21.eu\/wp-content\/uploads\/2021\/03\/2021-03-11-EN-PRESS-RELEASE-conference.pdf\" target=\"_blank\" rel=\"noopener\">Clicca qui <\/a>per scaricare il comunicato stampa<\/p>","protected":false},"excerpt":{"rendered":"<p>\u00a0Per celebrare la Giornata Internazionale della Trisomia 21, EUfortrisomy21 organizza una conferenza gioved\u00ec 18 marzo 2021 dalle 2 alle 15:30...<\/p>","protected":false},"author":3,"featured_media":0,"comment_status":"closed","ping_status":"closed","sticky":false,"template":"","format":"standard","meta":{"_acf_changed":false,"footnotes":""},"categories":[45],"tags":[],"class_list":["post-31637","post","type-post","status-publish","format-standard","hentry","category-21-march-21"],"acf":[],"_links":{"self":[{"href":"https:\/\/eufortrisomy21.eu\/it\/wp-json\/wp\/v2\/posts\/31637"}],"collection":[{"href":"https:\/\/eufortrisomy21.eu\/it\/wp-json\/wp\/v2\/posts"}],"about":[{"href":"https:\/\/eufortrisomy21.eu\/it\/wp-json\/wp\/v2\/types\/post"}],"author":[{"embeddable":true,"href":"https:\/\/eufortrisomy21.eu\/it\/wp-json\/wp\/v2\/users\/3"}],"replies":[{"embeddable":true,"href":"https:\/\/eufortrisomy21.eu\/it\/wp-json\/wp\/v2\/comments?post=31637"}],"version-history":[{"count":0,"href":"https:\/\/eufortrisomy21.eu\/it\/wp-json\/wp\/v2\/posts\/31637\/revisions"}],"wp:attachment":[{"href":"https:\/\/eufortrisomy21.eu\/it\/wp-json\/wp\/v2\/media?parent=31637"}],"wp:term":[{"taxonomy":"category","embeddable":true,"href":"https:\/\/eufortrisomy21.eu\/it\/wp-json\/wp\/v2\/categories?post=31637"},{"taxonomy":"post_tag","embeddable":true,"href":"https:\/\/eufortrisomy21.eu\/it\/wp-json\/wp\/v2\/tags?post=31637"}],"curies":[{"name":"wp","href":"https:\/\/api.w.org\/{rel}","templated":true}]}}