{"id":33632,"date":"2023-07-07T14:20:00","date_gmt":"2023-07-07T12:20:00","guid":{"rendered":"https:\/\/eufortrisomy21.eu\/?p=33632"},"modified":"2024-02-20T17:21:50","modified_gmt":"2024-02-20T16:21:50","slug":"time-for-more-equal-treatment","status":"publish","type":"post","link":"https:\/\/eufortrisomy21.eu\/it\/time-for-more-equal-treatment\/","title":{"rendered":"Tempo per una maggiore parit\u00e0 di trattamento"},"content":{"rendered":"<p><strong>Progetto \u201cIl futuro \u00e8 nostro\u201d: potenziare il cambiamento e l\u2019inclusione<\/strong><\/p>\n<p>7 luglio 2023 \u2014 La rete UE per la Trisomia 21 \u00e8 lieta di annunciare la conclusione positiva del suo quarto evento nel progetto in corso &quot;Il futuro \u00e8 nostro&quot;. Tenutosi il 6 luglio, l&#039;evento, sponsorizzato dall&#039;Unione Europea attraverso il finanziamento CERV, \u00e8 stato un successo clamoroso nel promuovere il dialogo e l&#039;emancipazione delle persone con disabilit\u00e0 intellettiva, con un focus particolare sulla parit\u00e0 di trattamento sul posto di lavoro e argomenti correlati. Potete leggere il resoconto ufficiale <a href=\"https:\/\/drive.google.com\/file\/d\/1scn0DUrbaoWa7EqPKB69h1-JLZh1Gk--\/view?usp=sharing\">qui<\/a>.<\/p>\n<p>L&#039;evento ha riunito partecipanti da tutta Europa, con interpreti disponibili per pi\u00f9 lingue, tra cui italiano, inglese, rumeno e ungherese.<\/p>\n<p>\u201cThe Future is Ours\u201d \u00e8 un progetto nato nel 2019 come rete di organizzazioni locali dedicate a celebrare la Giornata mondiale della sindrome di Down. Nel corso del tempo, si \u00e8 evoluto in una piattaforma di sostegno e responsabilizzazione. Il progetto ha gi\u00e0 ospitato due eventi online e un incontro di persona a Bruxelles, dove 75 partecipanti provenienti da vari paesi dell\u2019UE e 28 persone con sindrome di Down hanno incontrato i parlamentari per discutere questioni cruciali, inclusa la salute.<\/p>\n<p>Questo evento finale della serie ha affrontato la questione critica della parit\u00e0 di trattamento sul posto di lavoro. Tra gli illustri relatori figuravano Chiara Gemma, deputata al Parlamento europeo; Maria James, nuotatrice medaglia d&#039;oro e avvocatessa di Malta; Yasmin Ismail, una giovane psicologa rumena; e K\u00e1roly Kisari, il fondatore dell&#039;Associazione ungherese Hidden Treasures Down e della Fondazione Mentor\u00e1ll\u00e1s.<\/p>\n<p>Chiara Gemma, membro della commissione per l&#039;occupazione e gli affari sociali e dell&#039;intergruppo disabilit\u00e0 del Parlamento europeo, si \u00e8 rivolta al pubblico attraverso un video preregistrato a causa dei suoi impegni di viaggio dell&#039;ultimo minuto. Ha sottolineato l\u2019importanza dell\u2019auto-difesa e la necessit\u00e0 di amplificare la voce delle persone con disabilit\u00e0 intellettiva nell\u2019arena politica.<\/p>\n<p>Maria James, appassionata sostenitrice e medaglia d&#039;oro nel nuoto, ha condiviso il suo viaggio stimolante e ha discusso del suo lavoro per promuovere la parit\u00e0 di trattamento sul posto di lavoro per le persone con sindrome di Down. Yasmin Ismail, una giovane psicologa, ha offerto preziosi spunti sulla sua carriera e sulle sfide che ha superato, incoraggiando gli altri a perseguire i propri sogni. K\u00e1roly Kisari, un pioniere nel settore, ha discusso la missione delle sue organizzazioni in Ungheria, concentrandosi sull&#039;integrazione delle persone con disabilit\u00e0 nella societ\u00e0 e nel mercato del lavoro aperto.<\/p>\n<p>Nel corso dell&#039;evento, il pubblico ha avuto l&#039;opportunit\u00e0 di porre domande ai relatori, favorendo discussioni interattive e migliorando la comprensione.<\/p>\n<p>La rete UE per la Trisomia 21 \u00e8 impegnata a continuare i suoi sforzi di sensibilizzazione e responsabilizzazione. Ha presentato domanda per un altro progetto dell\u2019UE che mira a consentire agli autodifensori di comunicare in modo efficace con i media, i politici e il pubblico, promuovendo visibilit\u00e0 e autonomia.<\/p>\n<p>Il successo del progetto \u201cThe Future is Ours\u201d del 6 luglio riafferma l\u2019impegno dell\u2019UE per la rete Trisomy 21 per creare una societ\u00e0 pi\u00f9 inclusiva ed equa per le persone con disabilit\u00e0 intellettiva in tutta Europa.<\/p>","protected":false},"excerpt":{"rendered":"<p>&#8220;The Future is Ours&#8221; Project: Empowering Change and Inclusion 7.th July 2023\u2014 The EU for Trisomy 21 Network is delighted&hellip;<\/p>","protected":false},"author":3,"featured_media":0,"comment_status":"closed","ping_status":"closed","sticky":false,"template":"","format":"standard","meta":{"_acf_changed":false,"footnotes":""},"categories":[45],"tags":[],"class_list":["post-33632","post","type-post","status-publish","format-standard","hentry","category-21-march-21"],"acf":[],"_links":{"self":[{"href":"https:\/\/eufortrisomy21.eu\/it\/wp-json\/wp\/v2\/posts\/33632"}],"collection":[{"href":"https:\/\/eufortrisomy21.eu\/it\/wp-json\/wp\/v2\/posts"}],"about":[{"href":"https:\/\/eufortrisomy21.eu\/it\/wp-json\/wp\/v2\/types\/post"}],"author":[{"embeddable":true,"href":"https:\/\/eufortrisomy21.eu\/it\/wp-json\/wp\/v2\/users\/3"}],"replies":[{"embeddable":true,"href":"https:\/\/eufortrisomy21.eu\/it\/wp-json\/wp\/v2\/comments?post=33632"}],"version-history":[{"count":3,"href":"https:\/\/eufortrisomy21.eu\/it\/wp-json\/wp\/v2\/posts\/33632\/revisions"}],"predecessor-version":[{"id":33635,"href":"https:\/\/eufortrisomy21.eu\/it\/wp-json\/wp\/v2\/posts\/33632\/revisions\/33635"}],"wp:attachment":[{"href":"https:\/\/eufortrisomy21.eu\/it\/wp-json\/wp\/v2\/media?parent=33632"}],"wp:term":[{"taxonomy":"category","embeddable":true,"href":"https:\/\/eufortrisomy21.eu\/it\/wp-json\/wp\/v2\/categories?post=33632"},{"taxonomy":"post_tag","embeddable":true,"href":"https:\/\/eufortrisomy21.eu\/it\/wp-json\/wp\/v2\/tags?post=33632"}],"curies":[{"name":"wp","href":"https:\/\/api.w.org\/{rel}","templated":true}]}}