{"id":30925,"date":"2021-02-19T16:40:13","date_gmt":"2021-02-19T15:40:13","guid":{"rendered":"https:\/\/eufortrisomy21.eu\/?p=30925"},"modified":"2021-02-23T15:00:23","modified_gmt":"2021-02-23T14:00:23","slug":"focus-on-the-21st-of-march-2021-lets-celebrate-world-down-syndrome-day-in-europe","status":"publish","type":"post","link":"https:\/\/eufortrisomy21.eu\/lt\/focus-on-the-21st-of-march-2021-lets-celebrate-world-down-syndrome-day-in-europe\/","title":{"rendered":"Prane\u0161imas spaudai: sutelkite d\u0117mes\u012f \u012f 2021 m. Kovo 21 d. \u0160v\u0119skime Pasaulin\u0119 Dauno sindromo dien\u0105 Europoje!"},"content":{"rendered":"<p><img loading=\"lazy\" decoding=\"async\" class=\"size-medium wp-image-20686 alignright\" src=\"https:\/\/eufortrisomy21.eu\/wp-content\/uploads\/2020\/11\/Logo_EUforTrisomy21-Couleur-300x213.png\" alt=\"\" width=\"300\" height=\"213\" srcset=\"https:\/\/eufortrisomy21.eu\/wp-content\/uploads\/2020\/11\/Logo_EUforTrisomy21-Couleur-300x213.png 300w, https:\/\/eufortrisomy21.eu\/wp-content\/uploads\/2020\/11\/Logo_EUforTrisomy21-Couleur-1024x727.png 1024w, https:\/\/eufortrisomy21.eu\/wp-content\/uploads\/2020\/11\/Logo_EUforTrisomy21-Couleur-768x545.png 768w, https:\/\/eufortrisomy21.eu\/wp-content\/uploads\/2020\/11\/Logo_EUforTrisomy21-Couleur.png 1429w\" sizes=\"(max-width: 300px) 100vw, 300px\" \/>Kitas Pasaulin\u0117s Dauno sindromo dienos leidimas (21<sup>\u0161v<\/sup> Kovo m\u0117n., kaip nusprend\u0117 Jungtin\u0117s Tautos), reikalauja ypatingo impulso, nes tai vyksta 2021 m., o Dauno sindromas medicinoje vadinamas 21 trisomija!<\/p>\n<p>\u0160iuo po\u017ei\u016briu vaik\u0173, sergan\u010di\u0173 Dauno sindromu, t\u0117v\u0173 bendruomen\u0117 i\u0161 visos Europos susib\u016br\u0117 po EUfortrisomy21 etikete. Pasirengim\u0105 prad\u0117jusi\u0173 t\u0117v\u0173 grup\u0117s d\u0117ka 16 \u0161ali\u0173 jau atstovaujama EUfortrisomy21 etiket\u0117je, suteikian\u010dioje Pasaulin\u0117s Dauno sindromo dienos min\u0117jimui europin\u012f aspekt\u0105.<\/p>\n<p>Kas juos sieja: j\u0173 pasiry\u017eimas 2021-uosius paversti metais, skirtais \u017emon\u0117ms su Dauno sindromu; metus jiems pagerbti, suteikti jiems deram\u0105 viet\u0105 Europos visuomen\u0117je.<\/p>\n<p>D\u0117l 21<sup>\u0161v<\/sup> kovo m\u0117n. bus pasi\u016blyti trys projektai \u0161iai datai pamin\u0117ti Europos lygiu. \u0160i\u0173 projekt\u0173 specifika bus i\u0161platinta vasario m\u0117nes\u012f: projektas d\u017eiaugtis, projektas apm\u0105styti ir projektas veikti.<\/p>\n<p><strong>Contact:\u00a0 press@eufortrisomy21.eu <\/strong><\/p>\n<p><u>21<\/u> yra vaik\u0173, sergan\u010di\u0173 Dauno sindromu, t\u0117v\u0173 bendruomen\u0117, vienijanti Dauno sindrom\u0105 turin\u010di\u0173 \u017emoni\u0173 teisi\u0173 gynim\u0105 4 prioritetin\u0117se srityse: matomumas, nediskriminavimas, sveikata, autonomija.<\/p>","protected":false},"excerpt":{"rendered":"<p>The next edition of World Down Syndrome Day (21st of March as decided by United Nation) calls for a special&hellip;<\/p>","protected":false},"author":2,"featured_media":0,"comment_status":"closed","ping_status":"closed","sticky":false,"template":"","format":"standard","meta":{"_acf_changed":false,"footnotes":""},"categories":[45],"tags":[],"class_list":["post-30925","post","type-post","status-publish","format-standard","hentry","category-21-march-21"],"acf":[],"_links":{"self":[{"href":"https:\/\/eufortrisomy21.eu\/lt\/wp-json\/wp\/v2\/posts\/30925"}],"collection":[{"href":"https:\/\/eufortrisomy21.eu\/lt\/wp-json\/wp\/v2\/posts"}],"about":[{"href":"https:\/\/eufortrisomy21.eu\/lt\/wp-json\/wp\/v2\/types\/post"}],"author":[{"embeddable":true,"href":"https:\/\/eufortrisomy21.eu\/lt\/wp-json\/wp\/v2\/users\/2"}],"replies":[{"embeddable":true,"href":"https:\/\/eufortrisomy21.eu\/lt\/wp-json\/wp\/v2\/comments?post=30925"}],"version-history":[{"count":0,"href":"https:\/\/eufortrisomy21.eu\/lt\/wp-json\/wp\/v2\/posts\/30925\/revisions"}],"wp:attachment":[{"href":"https:\/\/eufortrisomy21.eu\/lt\/wp-json\/wp\/v2\/media?parent=30925"}],"wp:term":[{"taxonomy":"category","embeddable":true,"href":"https:\/\/eufortrisomy21.eu\/lt\/wp-json\/wp\/v2\/categories?post=30925"},{"taxonomy":"post_tag","embeddable":true,"href":"https:\/\/eufortrisomy21.eu\/lt\/wp-json\/wp\/v2\/tags?post=30925"}],"curies":[{"name":"wp","href":"https:\/\/api.w.org\/{rel}","templated":true}]}}