{"id":31637,"date":"2021-03-11T16:22:13","date_gmt":"2021-03-11T15:22:13","guid":{"rendered":"https:\/\/eufortrisomy21.eu\/?p=31637"},"modified":"2021-03-11T16:25:52","modified_gmt":"2021-03-11T15:25:52","slug":"press-release-focus-on-the-online-conference","status":"publish","type":"post","link":"https:\/\/eufortrisomy21.eu\/lt\/press-release-focus-on-the-online-conference\/","title":{"rendered":"Prane\u0161imas spaudai: sutelkite d\u0117mes\u012f \u012f (internetin\u0119) KONFERENCIJ\u0104"},"content":{"rendered":"<p style=\"text-align: right;\"><img loading=\"lazy\" decoding=\"async\" class=\"size-medium wp-image-14470 alignleft\" src=\"https:\/\/eufortrisomy21.eu\/wp-content\/uploads\/2020\/02\/Banniere7-300x120.jpg\" alt=\"\" width=\"300\" height=\"120\" srcset=\"https:\/\/eufortrisomy21.eu\/wp-content\/uploads\/2020\/02\/Banniere7-300x120.jpg 300w, https:\/\/eufortrisomy21.eu\/wp-content\/uploads\/2020\/02\/Banniere7-1024x410.jpg 1024w, https:\/\/eufortrisomy21.eu\/wp-content\/uploads\/2020\/02\/Banniere7-768x307.jpg 768w, https:\/\/eufortrisomy21.eu\/wp-content\/uploads\/2020\/02\/Banniere7-1536x614.jpg 1536w, https:\/\/eufortrisomy21.eu\/wp-content\/uploads\/2020\/02\/Banniere7.jpg 2000w\" sizes=\"(max-width: 300px) 100vw, 300px\" \/>Prane\u0161imas spaudai<\/p>\n<p style=\"text-align: right;\">Briuselis<\/p>\n<p style=\"text-align: right;\">2021 m. Kovo 10 d<\/p>\n<p>&nbsp;<\/p>\n<h2 style=\"text-align: center;\"><span style=\"color: #99ccff;\">3 projektai, skirti \u0161v\u0119sti Pasaulin\u0119 Dauno sindromo dien\u0105 \u00a0<\/span><\/h2>\n<h2 style=\"text-align: center;\"><span style=\"color: #ffcc00;\"><span class=\"fontstyle0\">Sutelkite d\u0117mes\u012f \u012f (internete) <\/span><span class=\"fontstyle2\">KONFERENCIJA<\/span><\/span><\/h2>\n<h2 style=\"text-align: center;\"><span style=\"color: #000000;\">\u00a0<span class=\"fontstyle0\">Trisomy 21: K\u0105 gali padaryti Europa?<\/span><\/span><\/h2>\n<p style=\"text-align: center;\">\u00a0<span class=\"fontstyle0\">\u0160v\u0119sti Tarptautin\u0119 21-osios Trisomijos dien\u0105, <em>21<\/em> organizuoja konferencij\u0105<br \/>\n<\/span><span class=\"fontstyle2\"><span style=\"color: #99ccff;\"><strong>2021 m. Kovo 18 d., Ketvirtadienis, 14\u201315.30 val<\/strong><\/span><br \/>\n<\/span><span class=\"fontstyle0\">(Briuselio laiko juosta)<\/span><\/p>\n<p><span style=\"color: #ffcc00;\"><span style=\"color: #333333;\"><span class=\"fontstyle0\">T\u0117vai ekspertai, asmuo, turintis Dauno sindrom\u0105, ir Europos Parlamento nariai (p. Estrella Dura (S&amp;D), p. Katrin Langensiepen (\u017ealieji), p. Radka Maxova (atnaujinti), p. Fran\u00e7ois-Xavier Bellamy (PPE), p. Patrick Jaki (ECR) kalb\u0117s apie pagrindines Dauno sindrom\u0105 turin\u010di\u0173 \u017emoni\u0173 problemas: matomum\u0105, autonomij\u0105, \u012ftraukim\u0105, nediskriminavim\u0105 ir orum\u0105.<\/span><\/span><\/span><\/p>\n<p><span style=\"color: #ffcc00;\"><span style=\"color: #333333;\"><span class=\"fontstyle0\"><img loading=\"lazy\" decoding=\"async\" class=\"size-medium wp-image-31642 alignleft\" src=\"https:\/\/eufortrisomy21.eu\/wp-content\/uploads\/2021\/03\/Trisomy-21-What-can-Europe-do-253x300.jpg\" alt=\"\" width=\"253\" height=\"300\" srcset=\"https:\/\/eufortrisomy21.eu\/wp-content\/uploads\/2021\/03\/Trisomy-21-What-can-Europe-do-253x300.jpg 253w, https:\/\/eufortrisomy21.eu\/wp-content\/uploads\/2021\/03\/Trisomy-21-What-can-Europe-do-10x12.jpg 10w, https:\/\/eufortrisomy21.eu\/wp-content\/uploads\/2021\/03\/Trisomy-21-What-can-Europe-do.jpg 708w\" sizes=\"(max-width: 253px) 100vw, 253px\" \/>\u0160ios intervencijos ir diskusijos bus naudingos diskusijoms apie <\/span><span class=\"fontstyle2\">Lygyb\u0117s s\u0105junga: <strong>Ne\u012fgali\u0173j\u0173 teisi\u0173 strategija 2021\u20132030 m <\/strong><\/span><span class=\"fontstyle0\">(Europos Parlamentas paskelb\u0117 3<\/span><span class=\"fontstyle0\">rd <\/span><span class=\"fontstyle0\">kovo m\u0117n.).<\/span><\/span><strong><span class=\"fontstyle0\"><br \/>\n<\/span><\/strong><\/span><\/p>\n<p><span style=\"color: #333333;\"><span class=\"fontstyle0\">Vertimas planuojamas:<br \/>\n<\/span><\/span><\/p>\n<ul>\n<li><span style=\"color: #333333;\"><span class=\"fontstyle0\">Angl\u0173<\/span><\/span><\/li>\n<li><span style=\"color: #333333;\"><span class=\"fontstyle0\">Vokie\u010di\u0173 (normali ir lengva kalba)<\/span><\/span><\/li>\n<li><span style=\"color: #333333;\"><span class=\"fontstyle0\">Ispan\u0173<\/span><\/span><\/li>\n<li><span style=\"color: #333333;\"><span class=\"fontstyle0\">Pranc\u016bz\u0173 kalba<\/span><\/span><\/li>\n<\/ul>\n<p style=\"text-align: center;\"><span style=\"color: #ffcc00;\"><span class=\"fontstyle0\" style=\"color: #333333;\">Jei norite <\/span><strong><span class=\"fontstyle3\">dalyvauti konferencijoje<\/span><\/strong><span class=\"fontstyle0\" style=\"color: #333333;\">, pra\u0161ome u\u017esiregistruoti<\/span><strong><span class=\"fontstyle0\"><br \/>\n<\/span><a href=\"mailto:contact@eufortrisomy21.eu\"><span class=\"fontstyle0\">contact@eufortrisomy21.eu<\/span><\/a><\/strong><\/span><\/p>\n<p>&nbsp;<\/p>\n<p style=\"text-align: center;\"><span class=\"fontstyle0\">21 <\/span><span class=\"fontstyle2\">yra vaik\u0173, turin\u010di\u0173 Dauno sindrom\u0105, t\u0117v\u0173 bendruomen\u0117,<br \/>\nsusivienijo siekti \u017emoni\u0173, turin\u010di\u0173 Dauno sindrom\u0105, teisi\u0173 4 prioritetin\u0117se srityse:<br \/>\nmatomumas, nediskriminavimas, sveikata, autonomija<\/span><\/p>\n<p style=\"text-align: center;\"><strong>kontaktas<\/strong> : contact@eufortrisomy21.eu<\/p>\n<p style=\"text-align: right;\"><a href=\"https:\/\/eufortrisomy21.eu\/wp-content\/uploads\/2021\/03\/2021-03-11-EN-PRESS-RELEASE-conference.pdf\" target=\"_blank\" rel=\"noopener\">Paspauskite \u010dia <\/a>atsisi\u0173sti prane\u0161im\u0105 spaudai<\/p>","protected":false},"excerpt":{"rendered":"<p>\u00a0To celebrate the International Day of Trisomy 21, EUfortrisomy21 organizes a conference Thursday 18th March 2021 from 2 to 3:30&hellip;<\/p>","protected":false},"author":3,"featured_media":0,"comment_status":"closed","ping_status":"closed","sticky":false,"template":"","format":"standard","meta":{"_acf_changed":false,"footnotes":""},"categories":[45],"tags":[],"class_list":["post-31637","post","type-post","status-publish","format-standard","hentry","category-21-march-21"],"acf":[],"_links":{"self":[{"href":"https:\/\/eufortrisomy21.eu\/lt\/wp-json\/wp\/v2\/posts\/31637"}],"collection":[{"href":"https:\/\/eufortrisomy21.eu\/lt\/wp-json\/wp\/v2\/posts"}],"about":[{"href":"https:\/\/eufortrisomy21.eu\/lt\/wp-json\/wp\/v2\/types\/post"}],"author":[{"embeddable":true,"href":"https:\/\/eufortrisomy21.eu\/lt\/wp-json\/wp\/v2\/users\/3"}],"replies":[{"embeddable":true,"href":"https:\/\/eufortrisomy21.eu\/lt\/wp-json\/wp\/v2\/comments?post=31637"}],"version-history":[{"count":0,"href":"https:\/\/eufortrisomy21.eu\/lt\/wp-json\/wp\/v2\/posts\/31637\/revisions"}],"wp:attachment":[{"href":"https:\/\/eufortrisomy21.eu\/lt\/wp-json\/wp\/v2\/media?parent=31637"}],"wp:term":[{"taxonomy":"category","embeddable":true,"href":"https:\/\/eufortrisomy21.eu\/lt\/wp-json\/wp\/v2\/categories?post=31637"},{"taxonomy":"post_tag","embeddable":true,"href":"https:\/\/eufortrisomy21.eu\/lt\/wp-json\/wp\/v2\/tags?post=31637"}],"curies":[{"name":"wp","href":"https:\/\/api.w.org\/{rel}","templated":true}]}}