{"id":32206,"date":"2021-03-19T13:25:51","date_gmt":"2021-03-19T12:25:51","guid":{"rendered":"https:\/\/eufortrisomy21.eu\/?p=32206"},"modified":"2022-06-24T11:55:59","modified_gmt":"2022-06-24T09:55:59","slug":"press-release-on-march-21st-europe-is-honouring-persons-with-downs-syndrome","status":"publish","type":"post","link":"https:\/\/eufortrisomy21.eu\/lt\/press-release-on-march-21st-europe-is-honouring-persons-with-downs-syndrome\/","title":{"rendered":"Prane\u0161imas spaudai: Kovo 21 d. Europa pagerbia Dauno sindrom\u0105 turin\u010dius asmenis"},"content":{"rendered":"<p style=\"text-align: right;\"><img loading=\"lazy\" decoding=\"async\" class=\"size-medium wp-image-14470 alignleft\" src=\"https:\/\/eufortrisomy21.eu\/wp-content\/uploads\/2020\/02\/Banniere7-300x120.jpg\" alt=\"\" width=\"300\" height=\"120\" srcset=\"https:\/\/eufortrisomy21.eu\/wp-content\/uploads\/2020\/02\/Banniere7-300x120.jpg 300w, https:\/\/eufortrisomy21.eu\/wp-content\/uploads\/2020\/02\/Banniere7-1024x410.jpg 1024w, https:\/\/eufortrisomy21.eu\/wp-content\/uploads\/2020\/02\/Banniere7-768x307.jpg 768w, https:\/\/eufortrisomy21.eu\/wp-content\/uploads\/2020\/02\/Banniere7-1536x614.jpg 1536w, https:\/\/eufortrisomy21.eu\/wp-content\/uploads\/2020\/02\/Banniere7.jpg 2000w\" sizes=\"(max-width: 300px) 100vw, 300px\" \/>Prane\u0161imas spaudai<\/p>\n<p style=\"text-align: right;\">Briuselis<\/p>\n<p style=\"text-align: right;\">2021 m. Kovo 19 d<\/p>\n<p>&nbsp;<\/p>\n<h2 style=\"text-align: center;\"><span style=\"color: #99ccff;\"><strong>Kovo 21 d. Europa pagerbia Dauno sindrom\u0105 turin\u010dius asmenis:\u00a0\u00a0<\/strong><strong>pilie\u010di\u0173 <\/strong><\/span><strong>ir <span style=\"color: #99ccff;\">politiniai lyderiai<\/span> kvie\u010diami \u0161v\u0119sti <\/strong><span style=\"color: #99ccff;\"><strong>Tarptautin\u0117 trisomijos diena 21<\/strong><\/span><span style=\"color: #99ccff;\">\u00a0<\/span><\/h2>\n<p style=\"text-align: center;\"><strong>A\u010di\u016b <span style=\"color: #ffcc00;\">Ponia Von der Leyen<\/span> ir \u012f <span style=\"color: #ffcc00;\">Europos Parlamento nariai (EP nariai)<\/span><\/strong><\/p>\n<p style=\"text-align: center;\"><strong>kurie dalyvauja \u0161ioje kampanijoje.<\/strong><\/p>\n<p style=\"text-align: left;\"><span style=\"color: #000000;\">\u00a0<\/span>Vis\u0105 savait\u0119 t\u016bkstan\u010diai pilie\u010di\u0173 ir \u0161eim\u0173 visoje Europoje skleid\u017eia i\u0161\u0161\u016bk\u012f \u00ab\u00a0<em>\u0160okiai kovo 21 d\u00a0<\/em>\u00bb<\/p>\n<p style=\"text-align: center;\"><span style=\"color: #99ccff;\"><strong>Visi kvie\u010diami prisijungti prie mobilizacijos iki kovo 21 d<\/strong><\/span><\/p>\n<p style=\"text-align: center;\">bendrindamas \u0161\u012f tre\u010diadienio vakar\u0105 (kovo 17 d.) paskelbt\u0105 vaizdo \u012fra\u0161\u0173 rinkin\u012f:<\/p>\n<p style=\"text-align: center;\"><span style=\"color: #99ccff;\"><strong>@ eufortrisomy21<br \/>\n#EUfortrisomy21 #challenge #downsindromas<\/strong><\/span><\/p>\n<p>Nor\u0117dami atrasti toliau <a href=\"https:\/\/eufortrisomy21.eu\/fr\/\">https:\/\/eufortrisomy21.eu\/fr\/<\/a><br \/>\nDalintis :<br \/>\n* twitter *: <a href=\"https:\/\/twitter.com\/eufortrisomy21?s=21\">https:\/\/twitter.com\/eufortrisomy21?s=21<\/a><br \/>\n* \u201eInstagram\u201c *: <a href=\"https:\/\/instagram.com\/eufortrisomy21?igshid=1htqe2arifhnb\">https:\/\/instagram.com\/eufortrisomy21?igshid=1htqe2arifhnb<br \/>\n<\/a>*Facebook * : <a href=\"https:\/\/www.facebook.com\/EUforTrisomy21\/\">https:\/\/www.facebook.com\/EUforTrisomy21\/<\/a><br \/>\n*Tik tak * : <a href=\"https:\/\/vm.tiktok.com\/ZSJFpN5D8\/\">https:\/\/vm.tiktok.com\/ZSJFpN5D8\/<\/a><\/p>\n<p>Vykdydami kit\u0105 projekt\u0105, Europos politiniai lyderiai rodo savo nor\u0105 \u0161v\u0119sti \u0161i\u0105 dat\u0105 remdami jaun\u0105 \u017emog\u0173, turint\u012f Dauno sindrom\u0105. <span style=\"color: #ffcc00;\"><strong>1<\/strong><strong>23 EP nariai <\/strong><\/span>teigiamai atsak\u0117 \u012f pasi\u016blym\u0105 susitikti (da\u017enai prakti\u0161kai) su vienu Downo sindrom\u0105 turin\u010diu jaunuoliu ir (arba) jo t\u0117vais i\u0161 savo \u0161alies, tapusiu \u201eTrsisomy 21 \u0161alininku\u201c. Ponia <span style=\"color: #ffcc00;\"><strong>von der Leyen<\/strong><\/span>, Europos Komisijos pirmininkas, dalyvauja ir palaiko iniciatyv\u0105.<\/p>\n<p>&nbsp;<\/p>\n<p><img loading=\"lazy\" decoding=\"async\" class=\"aligncenter wp-image-32207 size-full\" src=\"https:\/\/eufortrisomy21.eu\/wp-content\/uploads\/2021\/03\/EN.png\" alt=\"\" width=\"1241\" height=\"1754\" srcset=\"https:\/\/eufortrisomy21.eu\/wp-content\/uploads\/2021\/03\/EN.png 1241w, https:\/\/eufortrisomy21.eu\/wp-content\/uploads\/2021\/03\/EN-212x300.png 212w, https:\/\/eufortrisomy21.eu\/wp-content\/uploads\/2021\/03\/EN-725x1024.png 725w, https:\/\/eufortrisomy21.eu\/wp-content\/uploads\/2021\/03\/EN-768x1085.png 768w, https:\/\/eufortrisomy21.eu\/wp-content\/uploads\/2021\/03\/EN-1087x1536.png 1087w, https:\/\/eufortrisomy21.eu\/wp-content\/uploads\/2021\/03\/EN-8x12.png 8w\" sizes=\"(max-width: 1241px) 100vw, 1241px\" \/><\/p>\n<p style=\"text-align: center;\"><span class=\"fontstyle0\">21 <\/span><span class=\"fontstyle2\">yra vaik\u0173, turin\u010di\u0173 Dauno sindrom\u0105, t\u0117v\u0173 bendruomen\u0117,<br \/>\nsusivienijo siekti \u017emoni\u0173, turin\u010di\u0173 Dauno sindrom\u0105, teisi\u0173 4 prioritetin\u0117se srityse:<br \/>\nmatomumas, nediskriminavimas, sveikata, autonomija<\/span><\/p>\n<p style=\"text-align: center;\"><strong>kontaktas<\/strong> : contact@eufortrisomy21.eu<\/p>\n<p style=\"text-align: right;\"><a href=\"https:\/\/eufortrisomy21.eu\/wp-content\/uploads\/2021\/03\/2021-03-19-FINAL-PRESS-RELEASE.pdf\" target=\"_blank\" rel=\"noopener\">Paspauskite \u010dia <\/a>atsisi\u0173sti prane\u0161im\u0105 spaudai<\/p>\n<p style=\"text-align: right;\"><a href=\"https:\/\/eufortrisomy21.eu\/wp-content\/uploads\/2021\/03\/Communique-de-presse_EN.pdf\" target=\"_blank\" rel=\"noopener\">Paspauskite \u010dia <\/a>parsisi\u0173sti reik\u0161mingus skai\u010dius<\/p>","protected":false},"excerpt":{"rendered":"<p>\u00a0To celebrate the International Day of Trisomy 21, EUfortrisomy21 organizes a conference Thursday 18th March 2021 from 2 to 3:30&hellip;<\/p>","protected":false},"author":3,"featured_media":0,"comment_status":"closed","ping_status":"closed","sticky":false,"template":"","format":"standard","meta":{"_acf_changed":false,"footnotes":""},"categories":[45],"tags":[],"class_list":["post-32206","post","type-post","status-publish","format-standard","hentry","category-21-march-21"],"acf":[],"_links":{"self":[{"href":"https:\/\/eufortrisomy21.eu\/lt\/wp-json\/wp\/v2\/posts\/32206"}],"collection":[{"href":"https:\/\/eufortrisomy21.eu\/lt\/wp-json\/wp\/v2\/posts"}],"about":[{"href":"https:\/\/eufortrisomy21.eu\/lt\/wp-json\/wp\/v2\/types\/post"}],"author":[{"embeddable":true,"href":"https:\/\/eufortrisomy21.eu\/lt\/wp-json\/wp\/v2\/users\/3"}],"replies":[{"embeddable":true,"href":"https:\/\/eufortrisomy21.eu\/lt\/wp-json\/wp\/v2\/comments?post=32206"}],"version-history":[{"count":0,"href":"https:\/\/eufortrisomy21.eu\/lt\/wp-json\/wp\/v2\/posts\/32206\/revisions"}],"wp:attachment":[{"href":"https:\/\/eufortrisomy21.eu\/lt\/wp-json\/wp\/v2\/media?parent=32206"}],"wp:term":[{"taxonomy":"category","embeddable":true,"href":"https:\/\/eufortrisomy21.eu\/lt\/wp-json\/wp\/v2\/categories?post=32206"},{"taxonomy":"post_tag","embeddable":true,"href":"https:\/\/eufortrisomy21.eu\/lt\/wp-json\/wp\/v2\/tags?post=32206"}],"curies":[{"name":"wp","href":"https:\/\/api.w.org\/{rel}","templated":true}]}}