{"id":32350,"date":"2021-06-24T17:12:45","date_gmt":"2021-06-24T15:12:45","guid":{"rendered":"https:\/\/eufortrisomy21.eu\/?p=32350"},"modified":"2022-07-22T10:28:28","modified_gmt":"2022-07-22T08:28:28","slug":"online-conference-improving-the-visibility-of-people-with-down-syndrome-an-emergency-for-europe","status":"publish","type":"post","link":"https:\/\/eufortrisomy21.eu\/lt\/online-conference-improving-the-visibility-of-people-with-down-syndrome-an-emergency-for-europe\/","title":{"rendered":"Internetin\u0117 konferencija - 2021 m. Liepos 8 d. - \u017dmoni\u0173, turin\u010di\u0173 Dauno sindrom\u0105, matomumo gerinimas"},"content":{"rendered":"<p style=\"text-align: right;\"><img loading=\"lazy\" decoding=\"async\" class=\"size-medium wp-image-14470 alignleft\" src=\"https:\/\/eufortrisomy21.eu\/wp-content\/uploads\/2020\/02\/Banniere7-300x120.jpg\" alt=\"\" width=\"300\" height=\"120\" srcset=\"https:\/\/eufortrisomy21.eu\/wp-content\/uploads\/2020\/02\/Banniere7-300x120.jpg 300w, https:\/\/eufortrisomy21.eu\/wp-content\/uploads\/2020\/02\/Banniere7-1024x410.jpg 1024w, https:\/\/eufortrisomy21.eu\/wp-content\/uploads\/2020\/02\/Banniere7-768x307.jpg 768w, https:\/\/eufortrisomy21.eu\/wp-content\/uploads\/2020\/02\/Banniere7-1536x614.jpg 1536w, https:\/\/eufortrisomy21.eu\/wp-content\/uploads\/2020\/02\/Banniere7.jpg 2000w\" sizes=\"(max-width: 300px) 100vw, 300px\" \/><\/p>\n<p>&nbsp;<\/p>\n<p>&nbsp;<\/p>\n<p>&nbsp;<\/p>\n<p>&nbsp;<\/p>\n<h2 style=\"text-align: center;\">\u017dmoni\u0173, sergan\u010di\u0173 Dauno sindromu, matomumo gerinimas: nepaprastoji pad\u0117tis Europai. Kod\u0117l? Kaip?<\/h2>\n<p>Svarbi diskusija tur\u0117t\u0173 b\u016bti apie Dauno sindrom\u0105 turin\u010di\u0173 \u017emoni\u0173 matomumo didinim\u0105 Europoje <a href=\"https:\/\/futureu.europa.eu\/\" target=\"_blank\" rel=\"noopener\">pilie\u010di\u0173 konsultacijos d\u0117l Europos ateities<\/a>.<\/p>\n<p><strong><a href=\"https:\/\/docs.google.com\/forms\/d\/e\/1FAIpQLSfcweCVPOG7YO_JwvF9NAbhpVdDDrUbxl59EM7JJ17kPaB95Q\/viewform\" target=\"_blank\" rel=\"noopener\">Registruotis \u010dia<\/a> <\/strong>dalyvauti internetin\u0117je konferencijoje EUfortrisomy21 <strong>Liepos 8 d., 18 val. (Briuselio laiku)<\/strong> ir prisid\u0117ti prie internetini\u0173 debat\u0173, vykstan\u010di\u0173 pilie\u010di\u0173 konsultacijose apie \u201eEuropos ateit\u012f\u201c, siekiant pagerinti \u017emoni\u0173, sergan\u010di\u0173 Dauno sindromu, matomum\u0105.<\/p>\n<p><strong>Kalbos:<\/strong> Angl\u0173, ispan\u0173, pranc\u016bz\u0173, vokie\u010di\u0173, vokie\u010di\u0173 lengva kalba, \u010dek\u0173 ir ital\u0173<\/p>\n<p>&nbsp;<\/p>\n<h2><u>Programa:<\/u><\/h2>\n<p><strong>\u012evadas : <\/strong>Brando Benifei (Europos Parlamento narys \u2013 Italija)<\/p>\n<p><strong>1 dalis. Prie\u0161taringi diskriminacijos atvejai Europoje\u00a0<\/strong><\/p>\n<ul>\n<li>Miela b\u016bsima mama \u2013 Riccardo Bianchi \u2013 Coordown (IT)<\/li>\n<li>Brangioji b\u016bsimoji mama (cenz\u016bra ir byla prie\u0161 E\u017dTT) \u2013 Lucie Pacherie \u2013 Fondation J\u00e9r\u00f4me Lejeune (FR)<\/li>\n<li>Arcadi Spada atvejis (SP) ir Richardo Dawkinso atvejis \u2013 Raquel del Barrio (Trisomy 21 pagrindin\u0117 ES motina Ispanijoje)<\/li>\n<\/ul>\n<p><strong>2 dalis: Kod\u0117l \u0161i kalba apie diskriminacij\u0105 vis dar egzistuoja Europoje?<\/strong><\/p>\n<ul>\n<li>Filosofas: Danielle Moyse (FR)<\/li>\n<li>Tina Sander (asociacijos \u012fk\u016br\u0117ja): #NoNIPT kampanija Vokietijoje (GE)<\/li>\n<li>Sav\u0119s gyn\u0117jas: Natalie Dedreux \u2013 tinklara\u0161tinink\u0117 ir \u017eurnalist\u0117 (GE)<\/li>\n<\/ul>\n<p><strong>3 dalis: Kaip elgtis siekiant skatinti \u017emoni\u0173, sergan\u010di\u0173 21 trisomija, orum\u0105 ir matomum\u0105?<\/strong><\/p>\n<ul>\n<li>Sav\u0119s gyn\u0117jas: Caterina Moretti (SP)<\/li>\n<li>Ponios Dubravkos Suicos, Europos Komisijos nar\u0117s, Europos ateities konferencijos pirminink\u0117s, vaizdo \u012fra\u0161as<\/li>\n<\/ul>\n<p><strong>Klausimai ir atsakymai<\/strong><\/p>\n<p><strong>I\u0161vada: <\/strong>Radka Maxova (Europos Parlamento nar\u0117 \u2013 \u010cekija)<\/p>\n<p id=\"tw-target-text\" class=\"tw-data-text tw-text-large XcVN5d tw-ta\" data-placeholder=\"Traduction\">Galimi m\u016bs\u0173 internetin\u0117s konferencijos vaizdo \u012fra\u0161ai <a href=\"https:\/\/www.youtube.com\/channel\/UCFbORaGOrc9HBNBSK7DG-nQ?app=desktop&amp;pli=1\" target=\"_blank\" rel=\"noopener\">m\u016bs\u0173 YouTube kanale<\/a>.<\/p>\n<p style=\"text-align: center;\"><span class=\"fontstyle0\">21 <\/span><span class=\"fontstyle2\">yra vaik\u0173, turin\u010di\u0173 Dauno sindrom\u0105, t\u0117v\u0173 bendruomen\u0117,<br \/>\nsusivienijo siekti \u017emoni\u0173, turin\u010di\u0173 Dauno sindrom\u0105, teisi\u0173 4 prioritetin\u0117se srityse:<br \/>\nmatomumas, nediskriminavimas, sveikata, autonomija<\/span><\/p>\n<p style=\"text-align: center;\"><strong>kontaktas<\/strong> : contact@eufortrisomy21.eu<\/p>\n<p style=\"text-align: right;\">","protected":false},"excerpt":{"rendered":"<p>Improving the visibility of people with Down syndrome in Europe should be a major debate in the citizen\u2019s consultation for&hellip;<\/p>","protected":false},"author":3,"featured_media":0,"comment_status":"closed","ping_status":"closed","sticky":false,"template":"","format":"standard","meta":{"_acf_changed":false,"footnotes":""},"categories":[45],"tags":[],"class_list":["post-32350","post","type-post","status-publish","format-standard","hentry","category-21-march-21"],"acf":[],"_links":{"self":[{"href":"https:\/\/eufortrisomy21.eu\/lt\/wp-json\/wp\/v2\/posts\/32350"}],"collection":[{"href":"https:\/\/eufortrisomy21.eu\/lt\/wp-json\/wp\/v2\/posts"}],"about":[{"href":"https:\/\/eufortrisomy21.eu\/lt\/wp-json\/wp\/v2\/types\/post"}],"author":[{"embeddable":true,"href":"https:\/\/eufortrisomy21.eu\/lt\/wp-json\/wp\/v2\/users\/3"}],"replies":[{"embeddable":true,"href":"https:\/\/eufortrisomy21.eu\/lt\/wp-json\/wp\/v2\/comments?post=32350"}],"version-history":[{"count":0,"href":"https:\/\/eufortrisomy21.eu\/lt\/wp-json\/wp\/v2\/posts\/32350\/revisions"}],"wp:attachment":[{"href":"https:\/\/eufortrisomy21.eu\/lt\/wp-json\/wp\/v2\/media?parent=32350"}],"wp:term":[{"taxonomy":"category","embeddable":true,"href":"https:\/\/eufortrisomy21.eu\/lt\/wp-json\/wp\/v2\/categories?post=32350"},{"taxonomy":"post_tag","embeddable":true,"href":"https:\/\/eufortrisomy21.eu\/lt\/wp-json\/wp\/v2\/tags?post=32350"}],"curies":[{"name":"wp","href":"https:\/\/api.w.org\/{rel}","templated":true}]}}