{"id":32385,"date":"2021-07-12T15:00:46","date_gmt":"2021-07-12T13:00:46","guid":{"rendered":"https:\/\/eufortrisomy21.eu\/?p=32385"},"modified":"2021-07-13T14:43:26","modified_gmt":"2021-07-13T12:43:26","slug":"eu-for-trisomy-21-takes-part-in-the-citizen-consultation-for-the-future-of-europe","status":"publish","type":"post","link":"https:\/\/eufortrisomy21.eu\/lt\/eu-for-trisomy-21-takes-part-in-the-citizen-consultation-for-the-future-of-europe\/","title":{"rendered":"\u201eEU for 21 Trisomy\u201c dalyvauja pilie\u010di\u0173 konsultacijose d\u0117l Europos ateities"},"content":{"rendered":"<p style=\"text-align: right;\"><img loading=\"lazy\" decoding=\"async\" class=\"aligncenter wp-image-32386 size-large\" src=\"https:\/\/eufortrisomy21.eu\/wp-content\/uploads\/2021\/07\/create-an-account-and-participate-in-the-COFUE-1024x522.jpeg\" alt=\"\" width=\"1024\" height=\"522\" srcset=\"https:\/\/eufortrisomy21.eu\/wp-content\/uploads\/2021\/07\/create-an-account-and-participate-in-the-COFUE-1024x522.jpeg 1024w, https:\/\/eufortrisomy21.eu\/wp-content\/uploads\/2021\/07\/create-an-account-and-participate-in-the-COFUE-300x153.jpeg 300w, https:\/\/eufortrisomy21.eu\/wp-content\/uploads\/2021\/07\/create-an-account-and-participate-in-the-COFUE-768x392.jpeg 768w, https:\/\/eufortrisomy21.eu\/wp-content\/uploads\/2021\/07\/create-an-account-and-participate-in-the-COFUE-1536x783.jpeg 1536w, https:\/\/eufortrisomy21.eu\/wp-content\/uploads\/2021\/07\/create-an-account-and-participate-in-the-COFUE-16x8.jpeg 16w, https:\/\/eufortrisomy21.eu\/wp-content\/uploads\/2021\/07\/create-an-account-and-participate-in-the-COFUE.jpeg 1600w\" sizes=\"(max-width: 1024px) 100vw, 1024px\" \/><\/p>\n<p>&nbsp;<\/p>\n<h2 style=\"text-align: center;\">Didinti \u017emoni\u0173, sergan\u010di\u0173 Dauno sindromu, matomum\u0105 Europoje<\/h2>\n<p>Sekant m\u016bs\u0173 <a href=\"https:\/\/eufortrisomy21.eu\/lt\/online-conference-improving-the-visibility-of-people-with-down-syndrome-an-emergency-for-europe\/\" target=\"_blank\" rel=\"noopener\">internetin\u0117 konferencija 2021 m. liepos 8 d<\/a> pagerinti \u017emoni\u0173, sergan\u010di\u0173 Dauno sindromu, matomum\u0105, <em>ES d\u0117l trisomijos 21<\/em> nori prisid\u0117ti prie internetini\u0173 diskusij\u0173 <a href=\"https:\/\/futureu.europa.eu\/\" target=\"_blank\" rel=\"noopener\">pilie\u010di\u0173 konsultacijos d\u0117l \u201eEuropos ateities\u201c (COFUE)<\/a> \u0161ia aktualia tema.<\/p>\n<p>Galimi m\u016bs\u0173 internetin\u0117s konferencijos vaizdo \u012fra\u0161ai <a href=\"https:\/\/www.youtube.com\/channel\/UCFbORaGOrc9HBNBSK7DG-nQ?app=desktop&amp;pli=1\" target=\"_blank\" rel=\"noopener\">m\u016bs\u0173 YouTube kanale<\/a>.<\/p>\n<p>Kiekvienas pilietis yra kvie\u010diamas <strong><a href=\"https:\/\/ecas.ec.europa.eu\/cas\/login?loginRequestId=ECAS_LR-2693389-GzNdnJ3Wy1IzedbURaMr8R19ucNOzlSHnydL7gzJBjizzjEf9cd1hdHXH4bk53zoajHzptmu9NxJKo4pzzrSGzTu2-yntOf97TTHqKzeMCLkj3P5-PBeTXip3FnJiThu1LQR0IbPodSkGSqs5PIMHbTiRxdYqcFsrzGA9QYocQRD5fWCNM877rBwqbyRMzzVAvu7PyDm\">sukurti paskyr\u0105<\/a><\/strong> COFUE svetain\u0117je ir paskelbti komentar\u0105 apie m\u016bs\u0173 internetin\u0117s konferencijos rengin\u012f <strong><a href=\"https:\/\/futureu.europa.eu\/processes\/ValuesRights\/f\/11\/meetings\/19405\">\u010dia<\/a><\/strong>.<\/p>\n<p>Jei jus domina \u0161ios Europos pilie\u010di\u0173 konsultacijos, kvie\u010diame dalyvauti <a href=\"https:\/\/docs.google.com\/forms\/d\/e\/1FAIpQLSd7voDpFs39q6UCbSVMIW_ifFfvU9SigQydcUe2mLEz7D_wQQ\/viewform\" target=\"_blank\" rel=\"noopener\">u\u017esiregistruoti \u0161ioje formoje<\/a>, kad gal\u0117tume su jumis bendrauti, kai prasid\u0117s diskusija.<\/p>\n<p>&nbsp;<\/p>\n<pre id=\"tw-target-text\" class=\"tw-data-text tw-text-large XcVN5d tw-ta\" data-placeholder=\"Traduction\"><\/pre>\n<p style=\"text-align: center;\"><span class=\"fontstyle0\">21 <\/span><span class=\"fontstyle2\">yra vaik\u0173, turin\u010di\u0173 Dauno sindrom\u0105, t\u0117v\u0173 bendruomen\u0117,<br \/>\nsusivienijo siekti \u017emoni\u0173, turin\u010di\u0173 Dauno sindrom\u0105, teisi\u0173 4 prioritetin\u0117se srityse:<br \/>\nmatomumas, nediskriminavimas, sveikata, autonomija<\/span><\/p>\n<p style=\"text-align: center;\"><strong>kontaktas<\/strong> : contact@eufortrisomy21.eu<\/p>\n<p style=\"text-align: right;\">","protected":false},"excerpt":{"rendered":"<p>Following the online conference on the 8th of July 2021 on improving the visibility of people with Down syndrome, EU&hellip;<\/p>","protected":false},"author":3,"featured_media":0,"comment_status":"closed","ping_status":"closed","sticky":false,"template":"","format":"standard","meta":{"_acf_changed":false,"footnotes":""},"categories":[45],"tags":[],"class_list":["post-32385","post","type-post","status-publish","format-standard","hentry","category-21-march-21"],"acf":[],"_links":{"self":[{"href":"https:\/\/eufortrisomy21.eu\/lt\/wp-json\/wp\/v2\/posts\/32385"}],"collection":[{"href":"https:\/\/eufortrisomy21.eu\/lt\/wp-json\/wp\/v2\/posts"}],"about":[{"href":"https:\/\/eufortrisomy21.eu\/lt\/wp-json\/wp\/v2\/types\/post"}],"author":[{"embeddable":true,"href":"https:\/\/eufortrisomy21.eu\/lt\/wp-json\/wp\/v2\/users\/3"}],"replies":[{"embeddable":true,"href":"https:\/\/eufortrisomy21.eu\/lt\/wp-json\/wp\/v2\/comments?post=32385"}],"version-history":[{"count":0,"href":"https:\/\/eufortrisomy21.eu\/lt\/wp-json\/wp\/v2\/posts\/32385\/revisions"}],"wp:attachment":[{"href":"https:\/\/eufortrisomy21.eu\/lt\/wp-json\/wp\/v2\/media?parent=32385"}],"wp:term":[{"taxonomy":"category","embeddable":true,"href":"https:\/\/eufortrisomy21.eu\/lt\/wp-json\/wp\/v2\/categories?post=32385"},{"taxonomy":"post_tag","embeddable":true,"href":"https:\/\/eufortrisomy21.eu\/lt\/wp-json\/wp\/v2\/tags?post=32385"}],"curies":[{"name":"wp","href":"https:\/\/api.w.org\/{rel}","templated":true}]}}