{"id":33030,"date":"2022-02-26T10:06:54","date_gmt":"2022-02-26T09:06:54","guid":{"rendered":"https:\/\/eufortrisomy21.eu\/?p=33030"},"modified":"2022-09-28T15:16:19","modified_gmt":"2022-09-28T13:16:19","slug":"eu-for-trisomy-21-statement-on-ukraine-conflict","status":"publish","type":"post","link":"https:\/\/eufortrisomy21.eu\/lt\/eu-for-trisomy-21-statement-on-ukraine-conflict\/","title":{"rendered":"ES u\u017e Trisomy 21 parei\u0161kim\u0105 d\u0117l Ukrainos konflikto"},"content":{"rendered":"<p><strong><img loading=\"lazy\" decoding=\"async\" class=\"wp-image-33031 alignleft\" src=\"https:\/\/eufortrisomy21.eu\/wp-content\/uploads\/2022\/03\/Untitled-design-5-300x169.png\" alt=\"\" width=\"303\" height=\"171\" srcset=\"https:\/\/eufortrisomy21.eu\/wp-content\/uploads\/2022\/03\/Untitled-design-5-300x169.png 300w, https:\/\/eufortrisomy21.eu\/wp-content\/uploads\/2022\/03\/Untitled-design-5-1024x577.png 1024w, https:\/\/eufortrisomy21.eu\/wp-content\/uploads\/2022\/03\/Untitled-design-5-768x433.png 768w, https:\/\/eufortrisomy21.eu\/wp-content\/uploads\/2022\/03\/Untitled-design-5-1536x865.png 1536w, https:\/\/eufortrisomy21.eu\/wp-content\/uploads\/2022\/03\/Untitled-design-5-18x10.png 18w, https:\/\/eufortrisomy21.eu\/wp-content\/uploads\/2022\/03\/Untitled-design-5.png 1640w\" sizes=\"(max-width: 303px) 100vw, 303px\" \/>Briuselis, <\/strong>2022 m. vasario 26 d. <span style=\"font-weight: 400;\">ES u\u017e Trisomy 21 solidarizuojasi su Ukrainos \u017emon\u0117mis, su kiekvienos \u0161io konflikto aukos sielvartu, li\u016bdesiu ir nusiaubimu. Bet kokios humanitarin\u0117s kriz\u0117s ir ginkluoto konflikto metu \u017emon\u0117s, turintys trisomija 21 ar kit\u0105 negali\u0105, susiduria su didesne prievartos, palikti b\u0117gti ar mirti rizika. Pagal 2015 m. Ne\u012fgali\u0173j\u0173 teisi\u0173 tarptautin\u0117s organizacijos ataskait\u0105 \u201eNo Way Home\u201c Ukrainoje yra registruota per 2,7 mln. ne\u012fgali\u0173j\u0173, o nuo visuomen\u0117s atskirtose \u012fstaigose gyvena per 82 t\u016bkst. vaik\u0173. Daugelis i\u0161 j\u0173 yra vaikai, turintys trisomij\u0105 21.<\/span><\/p>\n<p><span style=\"font-weight: 400;\">Daugelio did\u017ei\u0173j\u0173 miest\u0173 niokojimai ir d\u0117l \u0161io beprasmio konflikto kil\u0119s chaosas i\u0161 karto paveiks \u0161i\u0173 \u012fstaig\u0173 valdym\u0105 ir prie\u017ei\u016br\u0105, sklando gandai, kad kai kurie i\u0161 j\u0173 jau apleisti.\u00a0<\/span><\/p>\n<p><span style=\"font-weight: 400;\">Raginame Europos bendruomen\u0119 ir visas \u0161alis, pasi\u0161ventusias taikai, solidarumui ir pagarbai tarptautinei teisei, solidarizuotis su Ukrainos \u017emon\u0117mis ir panaudoti visas turimas priemones, siekiant greitai nutraukti \u0161i\u0105 agresij\u0105 ir atkurti taik\u0105.<\/span><\/p>\n<p><span style=\"font-weight: 400;\">Prisidedame prie pastang\u0173, kurioms vadovauja pana\u0161iai m\u0105stan\u010dios organizacijos, tokios kaip EDSA, Europos ne\u012fgali\u0173j\u0173 forumas ir tarptautinis Dauno sindromas savo atvirame lai\u0161ke Europos institucij\u0173 vadovui, Europos, Rusijos ir Ukrainos valstybi\u0173 bei NATO vadovams nuo 2022 m. vasario 24 d. <\/span><a href=\"https:\/\/www.edf-feph.org\/protection-and-safety-of-persons-with-disabilities-in-ukraine\/#:~:text=There%20are%202.7%20million%20persons,persons%20with%20disabilities%20is%20appalling.\"><span style=\"font-weight: 400;\">skaitykite iki galo \u010dia.<\/span><\/a><\/p>\n<p><span style=\"font-weight: 400;\">Ypa\u010d norime pabr\u0117\u017eti reikalavimus, keliamus politinei vadovybei ir visiems su \u0161ia krize kovojantiems humanitarin\u0117s pagalbos veik\u0117jams, siekiant u\u017etikrinti, kad asmenys, turintys trisomij\u0105 21 ir negali\u0105:<\/span><\/p>\n<ul>\n<li style=\"font-weight: 400;\" aria-level=\"1\"><span style=\"font-weight: 400;\">tur\u0117ti visi\u0161k\u0105 prieig\u0105 prie visos humanitarin\u0117s pagalbos;<\/span><\/li>\n<li style=\"font-weight: 400;\" aria-level=\"1\"><span style=\"font-weight: 400;\">yra apsaugoti nuo smurto, prievartos ir netinkamo elgesio;<\/span><\/li>\n<li style=\"font-weight: 400;\" aria-level=\"1\"><span style=\"font-weight: 400;\">yra suteikiama prieinama informacija apie saugos ir pagalbos protokolus, evakuacijos proced\u016bras ir pagalb\u0105;<\/span><\/li>\n<li style=\"font-weight: 400;\" aria-level=\"1\"><span style=\"font-weight: 400;\">tur\u0117ti visas galimybes naudotis pagrindin\u0117mis paslaugomis, \u012fskaitant vanden\u012f ir sanitarij\u0105, maist\u0105, socialin\u0119 param\u0105, \u0161vietim\u0105, sveikatos prie\u017ei\u016br\u0105, transport\u0105 ir informacij\u0105;<\/span><\/li>\n<li style=\"font-weight: 400;\" aria-level=\"1\"><span style=\"font-weight: 400;\">yra apskaityti ir n\u0117ra apleisti;<\/span><\/li>\n<li style=\"font-weight: 400;\" aria-level=\"1\"><span style=\"font-weight: 400;\">n\u0117ra palikti \u012fstaigose, n\u0117ra priversti likti \u012fstaigose arba n\u0117ra perkelti \u012f \u012fstaigas d\u0117l savo negalios ir<\/span><\/li>\n<li style=\"font-weight: 400;\" aria-level=\"1\"><span style=\"font-weight: 400;\">per jiems atstovaujan\u010dias organizacijas prasmingai dalyvauja visapusi\u0161koje humanitarin\u0117je veikloje.<\/span><\/li>\n<\/ul>\n<p><span style=\"font-weight: 400;\">Kartu su asmenimis, sergan\u010diais trisomija 21, ypatingas d\u0117mesys turi b\u016bti skiriamas tiems, kuriems gresia did\u017eiausias pavojus \u2013 \u012fskaitant (bet tuo neapsiribojant) sutrikusio intelekto asmenis, moteris, vyresnio am\u017eiaus \u017emones, vaikus, akluosius ir kur\u010dneregius, psichosocialin\u0119 negali\u0105 turin\u010dius asmenis, turintiems dideli\u0173 paramos poreiki\u0173 ir asmen\u0173, perkelt\u0173 prie\u0161 neseniai \u012fvykusius incidentus.<\/span><\/p>","protected":false},"excerpt":{"rendered":"<p>Brussels, 26.February 2022 &#8211; EU for Trisomy 21 stands in solidarity with the people of Ukraine, with the grief, sadness,&hellip;<\/p>","protected":false},"author":3,"featured_media":0,"comment_status":"closed","ping_status":"closed","sticky":false,"template":"","format":"standard","meta":{"_acf_changed":false,"footnotes":""},"categories":[45],"tags":[],"class_list":["post-33030","post","type-post","status-publish","format-standard","hentry","category-21-march-21"],"acf":[],"_links":{"self":[{"href":"https:\/\/eufortrisomy21.eu\/lt\/wp-json\/wp\/v2\/posts\/33030"}],"collection":[{"href":"https:\/\/eufortrisomy21.eu\/lt\/wp-json\/wp\/v2\/posts"}],"about":[{"href":"https:\/\/eufortrisomy21.eu\/lt\/wp-json\/wp\/v2\/types\/post"}],"author":[{"embeddable":true,"href":"https:\/\/eufortrisomy21.eu\/lt\/wp-json\/wp\/v2\/users\/3"}],"replies":[{"embeddable":true,"href":"https:\/\/eufortrisomy21.eu\/lt\/wp-json\/wp\/v2\/comments?post=33030"}],"version-history":[{"count":0,"href":"https:\/\/eufortrisomy21.eu\/lt\/wp-json\/wp\/v2\/posts\/33030\/revisions"}],"wp:attachment":[{"href":"https:\/\/eufortrisomy21.eu\/lt\/wp-json\/wp\/v2\/media?parent=33030"}],"wp:term":[{"taxonomy":"category","embeddable":true,"href":"https:\/\/eufortrisomy21.eu\/lt\/wp-json\/wp\/v2\/categories?post=33030"},{"taxonomy":"post_tag","embeddable":true,"href":"https:\/\/eufortrisomy21.eu\/lt\/wp-json\/wp\/v2\/tags?post=33030"}],"curies":[{"name":"wp","href":"https:\/\/api.w.org\/{rel}","templated":true}]}}