{"id":33345,"date":"2022-12-07T18:00:43","date_gmt":"2022-12-07T17:00:43","guid":{"rendered":"https:\/\/eufortrisomy21.eu\/?p=33345"},"modified":"2024-02-20T17:22:44","modified_gmt":"2024-02-20T16:22:44","slug":"the-future-is-ours-time-for-more-autonomy","status":"publish","type":"post","link":"https:\/\/eufortrisomy21.eu\/lt\/the-future-is-ours-time-for-more-autonomy\/","title":{"rendered":"Ateitis yra m\u016bs\u0173 \u2013 laikas daugiau savaranki\u0161kumo"},"content":{"rendered":"<p>\u201eYouTube\u201c nuoroda: <a href=\"https:\/\/www.youtube.com\/watch?v=j2QFE6f5QPY\">Magyar (vengr\u0173)<\/a>, <a href=\"https:\/\/www.youtube.com\/watch?v=y754i2Gk5jk\">Rom\u00e2n (rumun\u0173 k.)<\/a>, <a href=\"https:\/\/www.youtube.com\/watch?v=imPvo3tS7l8\">Fran\u00e7ais (pranc\u016bz\u0173 k.)<\/a>, <a href=\"https:\/\/www.youtube.com\/watch?v=ZjAbSg9kFG0\">Deutsch (vokie\u010di\u0173 k.)<\/a>, <a href=\"https:\/\/www.youtube.com\/watch?v=-KLPE1gQVC4\">Polski (Polski)<\/a>, <a href=\"https:\/\/www.youtube.com\/watch?v=MgHYTZBAlyE\">\u03b5\u03bb\u03bb\u03b7\u03bd\u03b9\u03ba\u03ac (graik\u0173 k.)<\/a><\/p>\n<p>Galite pa\u017evelgti \u012f m\u016bs\u0173 oficiali\u0105 ataskait\u0105 <a href=\"https:\/\/drive.google.com\/file\/d\/1yMfOOM1MKX2PptIr70ZjFIDLy8B5rYdU\/view?usp=sharing\">\u010dia<\/a>.<\/p>\n<p>7 d<sup>t\u016bkst<\/sup> 2022 m. gruod\u017eio m\u0117n. EU for Trisomy 21 vyko pirmasis m\u016bs\u0173 ES remiamo projekto \u201eThe Future is Ours\u201c renginys pavadinimu \u201eLaikas daugiau AUTONOMIJOS\u201c.<\/p>\n<p><span style=\"font-weight: 400;\">2022 m. rugs\u0117jo m\u0117n. ES u\u017e Trisomy 21 tinklas gavo pinigin\u0119 param\u0105 per ES CERV dotacij\u0173 program\u0105, prad\u0117damas projekt\u0105 \u201eThe Future is Ours\u201c. \u0160is projektas apima 3 internetinius renginius ir kit\u0105 asmenin\u012f rengin\u012f 2023 m. gegu\u017e\u0117s m\u0117n. Briuselyje. Kiekvienas renginys bus skirtas vienam i\u0161 keturi\u0173 ES Trisomy 21 tinklo tiksl\u0173:<\/span><\/p>\n<p><span style=\"font-weight: 400;\">\u2013 Autonomija, k\u0105 rei\u0161kia Dauno sindrom\u0105 turintiems \u017emon\u0117ms b\u016bti nepriklausomiems ir priimti sprendimus\u00a0<\/span><\/p>\n<p><span style=\"font-weight: 400;\">\u2013 Matomumas, k\u0105 rei\u0161kia \u017emon\u0117ms, sergantiems Dauno sindromu, b\u016bti matomam ir i\u0161girstam\u00a0<\/span><\/p>\n<p><span style=\"font-weight: 400;\">\u2013 Sveikata, Ger\u0173 gydytoj\u0173 ir sveikatos palaikymo svarba\u00a0<\/span><\/p>\n<p><span style=\"font-weight: 400;\">\u2013 Vienodas po\u017ei\u016bris, k\u0105 rei\u0161kia, kad \u017emon\u0117s, sergantys Dauno sindromu, yra gerbiami<\/span><\/p>\n<p>Pirmasis \u0161io projekto renginys \u201eLaikas daugiau AUTONOMIJOS\u201c buvo surengtas internete, kaip tinkl\u0173 \u0161vent\u0117 Tarptautin\u0117s ne\u012fgali\u0173j\u0173 teisi\u0173 dienos 3 d.<sup>rd<\/sup> 2022 m. gruod\u017eio m\u0117n.<\/p>\n<p>\u201eLaikas daugiau AUTONOMIJOS\u201c dalyvavo 5 \u201eSelf-advocat\u201c prane\u0161\u0117jai i\u0161 5 skirting\u0173 \u0161ali\u0173 ir kalb\u0117jo apie savaranki\u0161ko gyvenimo svarb\u0105. Jis buvo i\u0161verstas \u012f 9 kalbas (angl\u0173, vengr\u0173, rumun\u0173, pranc\u016bz\u0173, vokie\u010di\u0173, lenk\u0173, graik\u0173 ir ispan\u0173) ir jame dalyvavo daugiau nei 400 dalyvi\u0173 i\u0161 22 \u0161ali\u0173 (16 ES \u0161ali\u0173).<\/p>\n<p><span style=\"font-weight: 400;\"><span style=\"font-weight: 400;\">Pirmasis renginio prane\u0161\u0117jas buvo<strong> Soufiane El Amrani<\/strong>, an<\/span><\/span> lengvai skaitomas ir propagavimo ekspertas, dirbantis organizacijoje Inclusion Europe nuo 2008 m. Vykdydamas \u0161\u012f darb\u0105, jis ved\u0117 daug mokym\u0173, kaip padaryti informacij\u0105 prieinam\u0105 ir kaip konsultuoti \u017emones su intelekto negalia priimant jiems \u012ftakos turin\u010dius sprendimus. Jis taip pat priklauso Europos advokat\u0173 platformai ir komandai \u201e\u012egalinti mus\u201c. Nuo 2020 m. lapkri\u010dio m\u0117n. Soufiane yra Europos gyn\u0117j\u0173 atstov\u0117 Tarptautin\u0117je \u012ftraukties taryboje.<\/p>\n<p>Renginio \u201eLaikas daugiau AUTONOMIJOS\u201c metu jis kalb\u0117jo apie \u017emoni\u0173 su negalia autonomij\u0105 ES, daugiausia d\u0117mesio skirdamas art\u0117jan\u010diam rinkim\u0173 \u012fstatymo pakeitimui, leid\u017eian\u010diam \u017emon\u0117ms su intelekto negalia, \u012fskaitant asmenis, turin\u010dius Dauno sindrom\u0105, balsuoti b\u016bsimame ES parlamento naryje. 2024 m. rinkimai. Jis atkreip\u0117 d\u0117mes\u012f \u012f tai, kad rinkim\u0173 \u012fstatymo keitimas yra geras \u017eingsnis, ta\u010diau ES turi pagerinti j\u0173 komunikacij\u0105, kad b\u016bt\u0173 tikrai prieinama \u0161iam naujajam rink\u0117j\u0173 b\u016briui.<\/p>\n<p>Skydelyje \u201eMano savaranki\u0161kas gyvenimas\u201c dalyvavo keturi \u201eSelf-Advocate\u201c prane\u0161\u0117jai i\u0161 visos Europos:<\/p>\n<ul>\n<li>\n<p class=\"_04xlpA direction-ltr align-start para-style-body\"><span class=\"JsGRdQ\"><strong>Fanny Neumayer<\/strong>, 27 met\u0173 ir gyvena Vienoje, <strong>Austrija<\/strong>. <\/span><span class=\"JsGRdQ\">Ponia Neumayer dirba Evangelische gimnazijos (vidurin\u0117s mokyklos) b\u016bstin\u0117je Vienos 11-ajame rajone. <\/span><span class=\"JsGRdQ\">Ji papasakojo apie savo patirt\u012f balsuojant Austrijoje.<\/span><\/p>\n<\/li>\n<li>\n<p class=\"_04xlpA direction-ltr align-start para-style-body\"><span class=\"JsGRdQ\"><strong>Fiona Lambart<\/strong>, 24 met\u0173 ir gyvena Darm\u0161tate netoli Frankfurto, <strong>Vokietija<\/strong>. <\/span><span class=\"JsGRdQ\">M. Lambart dirba nam\u0173 tvarkymo specialiste.<\/span><span class=\"JsGRdQ\">\u00a0Ji papasakojo apie savo darb\u0105 ir tai, kaip ji siekia savaranki\u0161ko gyvenimo.<\/span><\/p>\n<\/li>\n<li>\n<p class=\"_04xlpA direction-ltr align-start para-style-body\"><span class=\"JsGRdQ\"><strong>Frantzeska\u2013Christina Douka<\/strong>, 37 m., gyvenantis Salonikuose, <strong>Graikija<\/strong>. Ponia Douka yra Graikijos Dauno sindromo asociacijos naudos gav\u0117ja, gyvena viena, palaikomo gyvenimo bute. <\/span><span class=\"JsGRdQ\">Ji m\u0117gsta \u0161okti ir yra ritmin\u0117s gimnastikos sportinink\u0117. Ji daug kart\u0173 dalyvavo Specialiosios olimpin\u0117s organizacijos var\u017eybose, laim\u0117jo medalius, keliavo po daugel\u012f Europos ir u\u017e jos rib\u0173.<\/span><\/p>\n<\/li>\n<li>\n<p class=\"_04xlpA direction-ltr align-start para-style-body\"><span class=\"JsGRdQ\"><strong>Jeanas Phillipe&#039;as Barone&#039;as<\/strong>, 44 m., gyvenantis Marselyje, <strong>Pranc\u016bzija<\/strong>. Jis gyvena savo bute bendrijoje ir dirba pritaikytame restorane. Jis jau\u010diasi patogiai naudodamas komunikacijos priemones ir nuolat atstovauja #Tcap21 asociacijai visose \u017einiasklaidos priemon\u0117se. Dabar jis mokosi prisijungti prie m\u016bs\u0173 atidaromos #Train Inc. kavin\u0117s ir pasiekti visi\u0161k\u0105 savaranki\u0161kum\u0105.<\/span><\/p>\n<\/li>\n<\/ul>\n<p>Po komisijos dalyviai gal\u0117jo u\u017eduoti klausimus m\u016bs\u0173 prane\u0161\u0117jams. Knygel\u0117 su citatomis i\u0161 j\u0173 kalb\u0173 ir Soufiane galios ta\u0161ku <span style=\"font-weight: 400;\">El Amrani buvo prieinamas visiems dalyviams. Tai galima atsisi\u0173sti angl\u0173 kalba <a href=\"https:\/\/drive.google.com\/file\/d\/1SVsLWWYytRREpmbalTXhit8NbVKCsVkB\/view?usp=share_link\">\u010dia<\/a>.<\/span><\/p>\n<p>Viso \u0161io renginio organizavimo, taip pat diskusij\u0173 per pat\u012f rengin\u012f ir po jo metu \u201eEU for Trisomy 21\u201c sudaro s\u0105ra\u0161\u0105 rekomendacij\u0173, \u012f kurias ES tur\u0117t\u0173 atsi\u017evelgti siekdama, kad 2024 m. ES parlamento rinkimai b\u016bt\u0173 tikrai prieinami \u017emon\u0117ms, sergantiems Dauno liga. Sindromas visose ES \u0161alyse. \u0160is dokumentas bus \u012fteiktas Komisijai ir ES Parlamentui Pasaulin\u0117s Dauno sindromo dienos proga, 2023 m. kovo 21 d.<\/p>\n<p><strong>Kitas m\u016bs\u0173 renginys: Laikas didesniam matomumui vyks kovo 16 d., 18 val.\u00a0<\/strong><\/p>","protected":false},"excerpt":{"rendered":"<p>YouTube Link: Magyar (Hungarian), Rom\u00e2n (Romanian), Fran\u00e7ais (French), Deutsch (German), Polski (Polski), \u03b5\u03bb\u03bb\u03b7\u03bd\u03b9\u03ba\u03ac (Greek) You can take a look at&hellip;<\/p>","protected":false},"author":3,"featured_media":0,"comment_status":"closed","ping_status":"closed","sticky":false,"template":"","format":"standard","meta":{"_acf_changed":false,"footnotes":""},"categories":[45],"tags":[],"class_list":["post-33345","post","type-post","status-publish","format-standard","hentry","category-21-march-21"],"acf":[],"_links":{"self":[{"href":"https:\/\/eufortrisomy21.eu\/lt\/wp-json\/wp\/v2\/posts\/33345"}],"collection":[{"href":"https:\/\/eufortrisomy21.eu\/lt\/wp-json\/wp\/v2\/posts"}],"about":[{"href":"https:\/\/eufortrisomy21.eu\/lt\/wp-json\/wp\/v2\/types\/post"}],"author":[{"embeddable":true,"href":"https:\/\/eufortrisomy21.eu\/lt\/wp-json\/wp\/v2\/users\/3"}],"replies":[{"embeddable":true,"href":"https:\/\/eufortrisomy21.eu\/lt\/wp-json\/wp\/v2\/comments?post=33345"}],"version-history":[{"count":3,"href":"https:\/\/eufortrisomy21.eu\/lt\/wp-json\/wp\/v2\/posts\/33345\/revisions"}],"predecessor-version":[{"id":33626,"href":"https:\/\/eufortrisomy21.eu\/lt\/wp-json\/wp\/v2\/posts\/33345\/revisions\/33626"}],"wp:attachment":[{"href":"https:\/\/eufortrisomy21.eu\/lt\/wp-json\/wp\/v2\/media?parent=33345"}],"wp:term":[{"taxonomy":"category","embeddable":true,"href":"https:\/\/eufortrisomy21.eu\/lt\/wp-json\/wp\/v2\/categories?post=33345"},{"taxonomy":"post_tag","embeddable":true,"href":"https:\/\/eufortrisomy21.eu\/lt\/wp-json\/wp\/v2\/tags?post=33345"}],"curies":[{"name":"wp","href":"https:\/\/api.w.org\/{rel}","templated":true}]}}