{"id":33570,"date":"2023-06-05T15:06:48","date_gmt":"2023-06-05T13:06:48","guid":{"rendered":"https:\/\/eufortrisomy21.eu\/?p=33570"},"modified":"2024-02-20T17:22:09","modified_gmt":"2024-02-20T16:22:09","slug":"time-for-more-health","status":"publish","type":"post","link":"https:\/\/eufortrisomy21.eu\/lt\/time-for-more-health\/","title":{"rendered":"Laikas daugiau sveikatos"},"content":{"rendered":"<p><strong>Ateitis yra m\u016bs\u0173: did\u017eiul\u0117 s\u0117km\u0117 Briuselyje <\/strong><\/p>\n<p><strong>Briuselis, gegu\u017e\u0117s 1 d<\/strong><strong>2<\/strong><strong>, 2023<\/strong><\/p>\n<p>Galite rasti oficiali\u0105 ataskait\u0105 <a href=\"https:\/\/drive.google.com\/file\/d\/1GWGiY_j5SqgJcWtJ3wEvT8RlmPlHY2Gg\/view?usp=sharing\">\u010dia<\/a>.<\/p>\n<p><img loading=\"lazy\" decoding=\"async\" class=\"wp-image-33571 alignleft\" src=\"https:\/\/eufortrisomy21.eu\/wp-content\/uploads\/2023\/06\/IMG_2495-scaled.jpeg\" alt=\"\" width=\"460\" height=\"345\" srcset=\"https:\/\/eufortrisomy21.eu\/wp-content\/uploads\/2023\/06\/IMG_2495-scaled.jpeg 2560w, https:\/\/eufortrisomy21.eu\/wp-content\/uploads\/2023\/06\/IMG_2495-300x225.jpeg 300w, https:\/\/eufortrisomy21.eu\/wp-content\/uploads\/2023\/06\/IMG_2495-1024x768.jpeg 1024w, https:\/\/eufortrisomy21.eu\/wp-content\/uploads\/2023\/06\/IMG_2495-768x576.jpeg 768w, https:\/\/eufortrisomy21.eu\/wp-content\/uploads\/2023\/06\/IMG_2495-1536x1152.jpeg 1536w, https:\/\/eufortrisomy21.eu\/wp-content\/uploads\/2023\/06\/IMG_2495-2048x1536.jpeg 2048w, https:\/\/eufortrisomy21.eu\/wp-content\/uploads\/2023\/06\/IMG_2495-16x12.jpeg 16w\" sizes=\"(max-width: 460px) 100vw, 460px\" \/>Projektas \u201eFuture is Ours\u201c sulauk\u0117 did\u017eiul\u0117s s\u0117km\u0117s neseniai vyk\u0119s asmeninis renginys \u201e#TheFutureIsOurs\u201c, kuris gegu\u017e\u0117s 1\u20133 d. vyko Briuselyje. Renginys buvo reik\u0161mingas Dauno sindromo gynimo etapas, kuriame dalyvavo 72 asmenys i\u0161 11 ES \u0161ali\u0173, \u012fskaitant 28 Dauno sindromu sergan\u010dius sav\u0119s gyn\u0117jus.<\/p>\n<p>Renginys prasid\u0117jo nuostabia vakariene gegu\u017e\u0117s 1 d., kurios metu dalyviai i\u0161 \u012fvairi\u0173 \u0161ali\u0173 susirinko ir pasidalino savo patirtimi. Gegu\u017e\u0117s 2 d. Europos Parlamento narys Lukas Mandl pasveikino dalyvius ZWEIG pastate ir i\u0161rei\u0161k\u0117 param\u0105 renginio tikslams, pabr\u0117\u017edamas, kaip svarbu ginti Dauno sindrom\u0105 turin\u010di\u0173 asmen\u0173 teises.<\/p>\n<p>Seminarai, kuriuose buvo nagrin\u0117jamos \u012fvairios temos, susijusios su Dauno sindromu sergan\u010di\u0173 \u017emoni\u0173 matomumo autonomija, vienodu po\u017ei\u016briu ir gerove, buvo informatyv\u016bs ir prakti\u0161ki, dalyviams suteik\u0117 verting\u0173 \u017eini\u0173 ir \u012franki\u0173, padedan\u010di\u0173 pagerinti savo sveikat\u0105 ir gerov\u0119. Po piet\u0173 diskusijoje \u201eLaikas daugiau sveikatos\u201c, kurioje dalyvavo europarlamentar\u0117 Rosa Estar\u00e0s Ferragut, europarlamentaras Helmutas Geukingas, profesorius Mara Dierssen Sotos, gydytojas Pilar Garcia Fern\u00e1ndez, advokatas Jeanas Phillipe&#039;as Barone&#039;as ir ekspert\u0117 Mareike Fuisz aptar\u0117 svarbius su sveikata susijusius klausimus. ir \u017emoni\u0173, turin\u010di\u0173 Dauno sindrom\u0105, gerov\u0119.<\/p>\n<p><img loading=\"lazy\" decoding=\"async\" class=\"alignright wp-image-33572\" src=\"https:\/\/eufortrisomy21.eu\/wp-content\/uploads\/2023\/06\/IMG_2575-scaled.jpeg\" alt=\"\" width=\"298\" height=\"397\" srcset=\"https:\/\/eufortrisomy21.eu\/wp-content\/uploads\/2023\/06\/IMG_2575-scaled.jpeg 1920w, https:\/\/eufortrisomy21.eu\/wp-content\/uploads\/2023\/06\/IMG_2575-225x300.jpeg 225w, https:\/\/eufortrisomy21.eu\/wp-content\/uploads\/2023\/06\/IMG_2575-768x1024.jpeg 768w, https:\/\/eufortrisomy21.eu\/wp-content\/uploads\/2023\/06\/IMG_2575-1152x1536.jpeg 1152w, https:\/\/eufortrisomy21.eu\/wp-content\/uploads\/2023\/06\/IMG_2575-1536x2048.jpeg 1536w, https:\/\/eufortrisomy21.eu\/wp-content\/uploads\/2023\/06\/IMG_2575-9x12.jpeg 9w\" sizes=\"(max-width: 298px) 100vw, 298px\" \/><\/p>\n<p>Viena i\u0161 did\u017eiausi\u0105 \u012ftak\u0105 padariusi\u0173 renginio komponent\u0173 buvo dalis \u201ePa\u017eink savo europarlamentar\u0105\u201c, kuri suteik\u0117 dalyviams galimyb\u0119 susitikti su savo \u0161alies atstovais Europos Parlamente ir pasisakyti u\u017e savo, kaip Dauno sindromu sergan\u010di\u0173 gyn\u0117j\u0173, teises. Pirminink\u0117 Roberta Metsola buvo tarp daugelio Europos Parlamento nari\u0173, kurie pasveikino \u0161i\u0105 prog\u0105 ir nuo\u0161ird\u017eiai visus pasveikino.<\/p>\n<p>Renginio kulminacija buvo puikus pri\u0117mimas, kur\u012f sureng\u0117 europarlamentar\u0117 Margarita De la Pisa ir suteik\u0117 dalyviams, prane\u0161\u0117jams ir organizatoriams galimyb\u0119 atsipalaiduoti, pa\u0161okti ir pasivai\u0161inti ispani\u0161kais skan\u0117stais.<\/p>\n<p>\u201eEU For Trisomy 21\u201c did\u017eiuojasi \u0161io renginio s\u0117kme, suburiusi \u012fvairi\u0105 Dauno sindromu sergan\u010di\u0173 \u017emoni\u0173 grup\u0119 i\u0161 skirting\u0173 \u0161ali\u0173 ir skirting\u0173 \u0161eim\u0173. Esame d\u0117kingi m\u016bs\u0173 prane\u0161\u0117jams, dalyviams ir partneri\u0173 organizacijoms u\u017e did\u017eiul\u0119 param\u0105 ginant Dauno sindromu sergan\u010di\u0173 asmen\u0173 teises. Taip pat d\u0117kojame EP nariams u\u017e malon\u0173 dalyvavim\u0105 renginyje. Sekite naujienas, kad gautum\u0117te daugiau nuotrauk\u0173, vaizdo \u012fra\u0161\u0173 ir b\u016bsim\u0173 naujien\u0173 apie Dauno sindromo propagavim\u0105 ir savigarb\u0105 m\u016bs\u0173 svetain\u0117je ir socialin\u0117s \u017einiasklaidos kanaluose.<\/p>","protected":false},"excerpt":{"rendered":"<p>The Future Is Ours: A Resounding Success in Brussels Brussels, May 12, 2023 You can find the official report here.&hellip;<\/p>","protected":false},"author":3,"featured_media":0,"comment_status":"closed","ping_status":"closed","sticky":false,"template":"","format":"standard","meta":{"_acf_changed":false,"footnotes":""},"categories":[45],"tags":[],"class_list":["post-33570","post","type-post","status-publish","format-standard","hentry","category-21-march-21"],"acf":[],"_links":{"self":[{"href":"https:\/\/eufortrisomy21.eu\/lt\/wp-json\/wp\/v2\/posts\/33570"}],"collection":[{"href":"https:\/\/eufortrisomy21.eu\/lt\/wp-json\/wp\/v2\/posts"}],"about":[{"href":"https:\/\/eufortrisomy21.eu\/lt\/wp-json\/wp\/v2\/types\/post"}],"author":[{"embeddable":true,"href":"https:\/\/eufortrisomy21.eu\/lt\/wp-json\/wp\/v2\/users\/3"}],"replies":[{"embeddable":true,"href":"https:\/\/eufortrisomy21.eu\/lt\/wp-json\/wp\/v2\/comments?post=33570"}],"version-history":[{"count":3,"href":"https:\/\/eufortrisomy21.eu\/lt\/wp-json\/wp\/v2\/posts\/33570\/revisions"}],"predecessor-version":[{"id":33630,"href":"https:\/\/eufortrisomy21.eu\/lt\/wp-json\/wp\/v2\/posts\/33570\/revisions\/33630"}],"wp:attachment":[{"href":"https:\/\/eufortrisomy21.eu\/lt\/wp-json\/wp\/v2\/media?parent=33570"}],"wp:term":[{"taxonomy":"category","embeddable":true,"href":"https:\/\/eufortrisomy21.eu\/lt\/wp-json\/wp\/v2\/categories?post=33570"},{"taxonomy":"post_tag","embeddable":true,"href":"https:\/\/eufortrisomy21.eu\/lt\/wp-json\/wp\/v2\/tags?post=33570"}],"curies":[{"name":"wp","href":"https:\/\/api.w.org\/{rel}","templated":true}]}}