{"id":30925,"date":"2021-02-19T16:40:13","date_gmt":"2021-02-19T15:40:13","guid":{"rendered":"https:\/\/eufortrisomy21.eu\/?p=30925"},"modified":"2021-02-23T15:00:23","modified_gmt":"2021-02-23T14:00:23","slug":"focus-on-the-21st-of-march-2021-lets-celebrate-world-down-syndrome-day-in-europe","status":"publish","type":"post","link":"https:\/\/eufortrisomy21.eu\/lv\/focus-on-the-21st-of-march-2021-lets-celebrate-world-down-syndrome-day-in-europe\/","title":{"rendered":"Preses rel\u012bze: Koncentr\u0113jieties uz 2021. gada 21. martu. Svin\u0113sim Pasaules Down Down sindroma dienu Eirop\u0101!"},"content":{"rendered":"<p><img loading=\"lazy\" decoding=\"async\" class=\"size-medium wp-image-20686 alignright\" src=\"https:\/\/eufortrisomy21.eu\/wp-content\/uploads\/2020\/11\/Logo_EUforTrisomy21-Couleur-300x213.png\" alt=\"\" width=\"300\" height=\"213\" srcset=\"https:\/\/eufortrisomy21.eu\/wp-content\/uploads\/2020\/11\/Logo_EUforTrisomy21-Couleur-300x213.png 300w, https:\/\/eufortrisomy21.eu\/wp-content\/uploads\/2020\/11\/Logo_EUforTrisomy21-Couleur-1024x727.png 1024w, https:\/\/eufortrisomy21.eu\/wp-content\/uploads\/2020\/11\/Logo_EUforTrisomy21-Couleur-768x545.png 768w, https:\/\/eufortrisomy21.eu\/wp-content\/uploads\/2020\/11\/Logo_EUforTrisomy21-Couleur.png 1429w\" sizes=\"(max-width: 300px) 100vw, 300px\" \/>N\u0101kamais Pasaules Dauna sindroma dienas izdevums (21<sup>sv<\/sup> gada Apvienot\u0101s N\u0101cijas l\u0113mumu) prasa \u012bpa\u0161u impulsu, jo tas notiek 2021. gad\u0101, un Dauna sindroms ir medic\u012bniski paz\u012bstams k\u0101 21. trisomija!<\/p>\n<p>\u0160aj\u0101 perspekt\u012bv\u0101 kopiena ar vec\u0101kiem ar Dauna sindromu vec\u0101kiem no visas Eiropas apvienoj\u0101s zem EUfortrisomy21 eti\u0137etes. Pateicoties vec\u0101ku grupai, kas uzs\u0101ka sagatavo\u0161an\u0101s darbus, EUfortrisomy21 mar\u0137\u0113jum\u0101 jau ir p\u0101rst\u0101v\u0113tas 16 valstis, kas pasaules d\u016bnas sindroma dienas svin\u012bb\u0101m pie\u0161\u0137ir Eiropas dimensiju.<\/p>\n<p>Kas vi\u0146us saista: vi\u0146u ap\u0146\u0113m\u012bba padar\u012bt 2021. gadu par gadu, kas velt\u012bts cilv\u0113kiem ar Dauna sindromu; gadu, lai vi\u0146us godin\u0101tu, pie\u0161\u0137irtu vi\u0146iem likum\u012bgo vietu Eiropas sabiedr\u012bb\u0101.<\/p>\n<p>Par 21<sup>sv<\/sup> mart\u0101 tiks ierosin\u0101ti tr\u012bs projekti, lai atz\u012bm\u0113tu \u0161o datumu Eiropas l\u012bmen\u012b. \u0160o projektu specifika tiks pazi\u0146ota febru\u0101r\u012b: projekts, kas priec\u0101jas, projekts, kas j\u0101atspogu\u013co, un projekts, kas j\u0101r\u012bkojas.<\/p>\n<p><strong>Kontaktpersona: press@eufortrisomy21.eu <\/strong><\/p>\n<p><u>21<\/u> ir b\u0113rnu ar Dauna sindromu vec\u0101ku kopiena, kas apvienojusies, lai sekm\u0113tu cilv\u0113ku ar Dauna sindromu ties\u012bbas \u010detr\u0101s priorit\u0101raj\u0101s jom\u0101s: redzam\u012bba, nediskrimin\u0101cija, vesel\u012bba, autonomija.<\/p>","protected":false},"excerpt":{"rendered":"<p>The next edition of World Down Syndrome Day (21st of March as decided by United Nation) calls for a special&hellip;<\/p>","protected":false},"author":2,"featured_media":0,"comment_status":"closed","ping_status":"closed","sticky":false,"template":"","format":"standard","meta":{"_acf_changed":false,"footnotes":""},"categories":[45],"tags":[],"class_list":["post-30925","post","type-post","status-publish","format-standard","hentry","category-21-march-21"],"acf":[],"_links":{"self":[{"href":"https:\/\/eufortrisomy21.eu\/lv\/wp-json\/wp\/v2\/posts\/30925"}],"collection":[{"href":"https:\/\/eufortrisomy21.eu\/lv\/wp-json\/wp\/v2\/posts"}],"about":[{"href":"https:\/\/eufortrisomy21.eu\/lv\/wp-json\/wp\/v2\/types\/post"}],"author":[{"embeddable":true,"href":"https:\/\/eufortrisomy21.eu\/lv\/wp-json\/wp\/v2\/users\/2"}],"replies":[{"embeddable":true,"href":"https:\/\/eufortrisomy21.eu\/lv\/wp-json\/wp\/v2\/comments?post=30925"}],"version-history":[{"count":0,"href":"https:\/\/eufortrisomy21.eu\/lv\/wp-json\/wp\/v2\/posts\/30925\/revisions"}],"wp:attachment":[{"href":"https:\/\/eufortrisomy21.eu\/lv\/wp-json\/wp\/v2\/media?parent=30925"}],"wp:term":[{"taxonomy":"category","embeddable":true,"href":"https:\/\/eufortrisomy21.eu\/lv\/wp-json\/wp\/v2\/categories?post=30925"},{"taxonomy":"post_tag","embeddable":true,"href":"https:\/\/eufortrisomy21.eu\/lv\/wp-json\/wp\/v2\/tags?post=30925"}],"curies":[{"name":"wp","href":"https:\/\/api.w.org\/{rel}","templated":true}]}}