{"id":31446,"date":"2021-03-09T10:19:38","date_gmt":"2021-03-09T09:19:38","guid":{"rendered":"https:\/\/eufortrisomy21.eu\/?p=31446"},"modified":"2021-03-09T10:20:49","modified_gmt":"2021-03-09T09:20:49","slug":"press-release-one-dancing-challenge-to-join-in-the-celebration","status":"publish","type":"post","link":"https:\/\/eufortrisomy21.eu\/lv\/press-release-one-dancing-challenge-to-join-in-the-celebration\/","title":{"rendered":"Preses rel\u012bze: Viens deju izaicin\u0101jums, lai pievienotos sv\u0113tkiem!"},"content":{"rendered":"<p style=\"text-align: right;\"><img loading=\"lazy\" decoding=\"async\" class=\"size-medium wp-image-14470 alignleft\" src=\"https:\/\/eufortrisomy21.eu\/wp-content\/uploads\/2020\/02\/Banniere7-300x120.jpg\" alt=\"\" width=\"300\" height=\"120\" srcset=\"https:\/\/eufortrisomy21.eu\/wp-content\/uploads\/2020\/02\/Banniere7-300x120.jpg 300w, https:\/\/eufortrisomy21.eu\/wp-content\/uploads\/2020\/02\/Banniere7-1024x410.jpg 1024w, https:\/\/eufortrisomy21.eu\/wp-content\/uploads\/2020\/02\/Banniere7-768x307.jpg 768w, https:\/\/eufortrisomy21.eu\/wp-content\/uploads\/2020\/02\/Banniere7-1536x614.jpg 1536w, https:\/\/eufortrisomy21.eu\/wp-content\/uploads\/2020\/02\/Banniere7.jpg 2000w\" sizes=\"(max-width: 300px) 100vw, 300px\" \/>preses rel\u012bze<\/p>\n<p style=\"text-align: right;\">Brisele<\/p>\n<p style=\"text-align: right;\">2021. gada 3. marts<\/p>\n<p>&nbsp;<\/p>\n<h2 style=\"text-align: center;\"><span style=\"color: #99ccff;\"><strong>Svin\u0113sim kop\u0101 21. martu <\/strong><\/span><\/h2>\n<h2 style=\"text-align: center;\"><strong><span style=\"color: #ffcc00;\">1<\/span> Dejo\u0161ana <span style=\"color: #ffcc00;\">izaicin\u0101jums <\/span><\/strong>pievienoties sv\u0113tkiem!<\/h2>\n<p>N\u0101kamais <em>Starptautisk\u0101 Trisomy diena 21<\/em> notiks sv\u0113tdien, 21. mart\u0101, 20. mart\u0101<span style=\"color: #99ccff;\"><strong>21<\/strong><\/span>. Lai atz\u012bm\u0113tu \u0161o simbolisko datumu person\u0101m ar Dauna sindromu (sauktu ar\u012b par Trisomy <span style=\"color: #99ccff;\"><strong>21<\/strong><\/span>), <em>EUforTrisomy21<\/em> ierosina tr\u012bs projektus. Koncentr\u0113jieties uz deju izaicin\u0101jumu, lai apgaismotu personas ar Dauna sindromu: horeogr\u0101fija, lai dejotu, lai priec\u0101tos, svin\u0113tu kop\u0101 ar person\u0101m ar Dauna sindromu.<\/p>\n<h4><span style=\"color: #ffcc00;\"><strong>1. Horeogr\u0101fija<\/strong><\/span><\/h4>\n<p>To ir iedom\u0101jies horeogr\u0101fs, kur\u0161 agr\u0101k str\u0101d\u0101ja \u012bpa\u0161\u0101 centr\u0101 cilv\u0113kiem ar Dauna sindromu. M\u016bzika ir izvilkums no fran\u010du m\u0101kslinieka Kimberozes p\u0113d\u0113j\u0101 singla: \u00ab\u00a0<em>Atpaka\u013c uz man\u0101m k\u0101j\u0101m \u00bb.<\/em><\/p>\n<h4><span style=\"color: #99ccff;\"><strong>2. Izaicin\u0101jums \u00abDejas 21. mart\u0101 - Starptautisk\u0101 21. Trisomijas diena\u00bb<\/strong><\/span><\/h4>\n<p>Tas ir palaists soci\u0101lajos medijos vietn\u0113 <strong><span style=\"color: #99ccff;\">2021. gada 3. marts<\/span><\/strong>.<\/p>\n<p>Tas ir adres\u0113ts Eiropas valstu pilso\u0146iem; visi ir aicin\u0101ti piedal\u012bties izaicin\u0101jum\u0101:<\/p>\n<ul>\n<li>Izteikt prieku un godin\u0101t savus tuvos ar Dauna sindromu;<\/li>\n<li>Iepaz\u012bties ar person\u0101m ar Dauna sindromu m\u016bsu sabiedr\u012bb\u0101;<\/li>\n<li>Lai izteiktu kolekt\u012bvu pateic\u012bbu par cilv\u0113ku ar Dauna sindromu \u012bpa\u0161o st\u0101vokli m\u016bsu sabiedr\u012bb\u0101, kas ir j\u0101uzsver: b\u016btiska m\u016bsu sabiedr\u012bbas sast\u0101vda\u013ca.<\/li>\n<\/ul>\n<p>Konkr\u0113ti:<\/p>\n<ul>\n<li>Ikviens apg\u016bst horeogr\u0101fiju, re\u0123istr\u0113jas, public\u0113 soci\u0101lajos t\u012bklos un izplata zi\u0146as<em> EUforTrisomy21<\/em>.<\/li>\n<li>Izmantojot \u0161\u0101das atsauces: <span style=\"color: #99ccff;\"><strong>#EUfortrisomy21<\/strong><strong> #challenge #downsindroms<\/strong><\/span><\/li>\n<\/ul>\n<h4><strong><span style=\"color: #ffcc00;\">3. Dress code (ja iesp\u0113jams)<\/span><\/strong><\/h4>\n<p>Aug\u0161\u0101: balta \/ Lej\u0101: zila \/ neatbilsto\u0161as ze\u0137es vai apavi<\/p>\n<h4><strong><span style=\"color: #99ccff;\">4. EUfortrisomy21<\/span><\/strong><\/h4>\n<p>EUfortrisomy21 ir cilv\u0113ku ar Dauna sindromu vec\u0101ku kopiena vis\u0101 Eirop\u0101: <strong><span style=\"color: #99ccff;\">Ir iesaist\u012btas 19 valstis<\/span><\/strong> p\u0101rst\u0101vot <strong><span style=\"color: #99ccff;\">55 asoci\u0101cijas<\/span><\/strong> kas ir <strong><span style=\"color: #99ccff;\">partneriem<\/span><\/strong> EUforTrisomy21 projekta Starptautisk\u0101s Trisomijas dienas 2021. gada izdevumam 21.<\/p>\n<p>&nbsp;<\/p>\n<p style=\"text-align: center;\">Kontaktpersona: contact@eufortrisomy21.eu<\/p>\n<p style=\"text-align: right;\"><a href=\"https:\/\/eufortrisomy21.eu\/wp-content\/uploads\/2021\/03\/EN-EUfortrisomy21-dancing-video-03-03-21.pdf\" target=\"_blank\" rel=\"noopener\">Noklik\u0161\u0137iniet \u0161eit<\/a> lai lejupiel\u0101d\u0113tu pazi\u0146ojumu presei<\/p>","protected":false},"excerpt":{"rendered":"<p>The next International Day of Trisomy 21 will take place on Sunday 21st March 2021. In order to celebrate this&hellip;<\/p>","protected":false},"author":3,"featured_media":0,"comment_status":"closed","ping_status":"closed","sticky":false,"template":"","format":"standard","meta":{"_acf_changed":false,"footnotes":""},"categories":[45],"tags":[],"class_list":["post-31446","post","type-post","status-publish","format-standard","hentry","category-21-march-21"],"acf":[],"_links":{"self":[{"href":"https:\/\/eufortrisomy21.eu\/lv\/wp-json\/wp\/v2\/posts\/31446"}],"collection":[{"href":"https:\/\/eufortrisomy21.eu\/lv\/wp-json\/wp\/v2\/posts"}],"about":[{"href":"https:\/\/eufortrisomy21.eu\/lv\/wp-json\/wp\/v2\/types\/post"}],"author":[{"embeddable":true,"href":"https:\/\/eufortrisomy21.eu\/lv\/wp-json\/wp\/v2\/users\/3"}],"replies":[{"embeddable":true,"href":"https:\/\/eufortrisomy21.eu\/lv\/wp-json\/wp\/v2\/comments?post=31446"}],"version-history":[{"count":0,"href":"https:\/\/eufortrisomy21.eu\/lv\/wp-json\/wp\/v2\/posts\/31446\/revisions"}],"wp:attachment":[{"href":"https:\/\/eufortrisomy21.eu\/lv\/wp-json\/wp\/v2\/media?parent=31446"}],"wp:term":[{"taxonomy":"category","embeddable":true,"href":"https:\/\/eufortrisomy21.eu\/lv\/wp-json\/wp\/v2\/categories?post=31446"},{"taxonomy":"post_tag","embeddable":true,"href":"https:\/\/eufortrisomy21.eu\/lv\/wp-json\/wp\/v2\/tags?post=31446"}],"curies":[{"name":"wp","href":"https:\/\/api.w.org\/{rel}","templated":true}]}}