{"id":31637,"date":"2021-03-11T16:22:13","date_gmt":"2021-03-11T15:22:13","guid":{"rendered":"https:\/\/eufortrisomy21.eu\/?p=31637"},"modified":"2021-03-11T16:25:52","modified_gmt":"2021-03-11T15:25:52","slug":"press-release-focus-on-the-online-conference","status":"publish","type":"post","link":"https:\/\/eufortrisomy21.eu\/lv\/press-release-focus-on-the-online-conference\/","title":{"rendered":"Preses rel\u012bze: Koncentr\u0113jieties uz (tie\u0161saistes) KONFERENCI"},"content":{"rendered":"<p style=\"text-align: right;\"><img loading=\"lazy\" decoding=\"async\" class=\"size-medium wp-image-14470 alignleft\" src=\"https:\/\/eufortrisomy21.eu\/wp-content\/uploads\/2020\/02\/Banniere7-300x120.jpg\" alt=\"\" width=\"300\" height=\"120\" srcset=\"https:\/\/eufortrisomy21.eu\/wp-content\/uploads\/2020\/02\/Banniere7-300x120.jpg 300w, https:\/\/eufortrisomy21.eu\/wp-content\/uploads\/2020\/02\/Banniere7-1024x410.jpg 1024w, https:\/\/eufortrisomy21.eu\/wp-content\/uploads\/2020\/02\/Banniere7-768x307.jpg 768w, https:\/\/eufortrisomy21.eu\/wp-content\/uploads\/2020\/02\/Banniere7-1536x614.jpg 1536w, https:\/\/eufortrisomy21.eu\/wp-content\/uploads\/2020\/02\/Banniere7.jpg 2000w\" sizes=\"(max-width: 300px) 100vw, 300px\" \/>preses rel\u012bze<\/p>\n<p style=\"text-align: right;\">Brisele<\/p>\n<p style=\"text-align: right;\">2021. gada 10. marts<\/p>\n<p>&nbsp;<\/p>\n<h2 style=\"text-align: center;\"><span style=\"color: #99ccff;\">3 projekti, lai atz\u012bm\u0113tu pasaules Down Down sindroma dienu \u00a0<\/span><\/h2>\n<h2 style=\"text-align: center;\"><span style=\"color: #ffcc00;\"><span class=\"fontstyle0\">Koncentr\u0113jieties uz (tie\u0161saist\u0113) <\/span><span class=\"fontstyle2\">KONFERENCE<\/span><\/span><\/h2>\n<h2 style=\"text-align: center;\"><span style=\"color: #000000;\">\u00a0<span class=\"fontstyle0\">Trisomy 21: Ko Eiropa var dar\u012bt?<\/span><\/span><\/h2>\n<p style=\"text-align: center;\">\u00a0<span class=\"fontstyle0\">Atz\u012bm\u0113jot Starptautisko 21. Trisomijas dienu, <em>21<\/em> organiz\u0113 konferenci<br \/>\n<\/span><span class=\"fontstyle2\"><span style=\"color: #99ccff;\"><strong>Ceturtdien, 2021. gada 18. mart\u0101 no pulksten 14:00 l\u012bdz 15:30<\/strong><\/span><br \/>\n<\/span><span class=\"fontstyle0\">(Briseles laika josla)<\/span><\/p>\n<p><span style=\"color: #ffcc00;\"><span style=\"color: #333333;\"><span class=\"fontstyle0\">Vec\u0101ki eksperti, persona ar Dauna sindromu un EP deput\u0101ti (Estrella Dura kundze (S&amp;D), Katrin Langensiepen kundze (Za\u013cie), Radka Maxova kundze (Renew), Fran\u00e7ois-Xavier Bellamy (PPE), Patrick kungs Jaki (ECR) run\u0101s par galvenajiem jaut\u0101jumiem cilv\u0113kiem ar Dauna sindromu: redzam\u012bba, autonomija, iek\u013cau\u0161ana, nediskrimin\u0101cija un cie\u0146a.<\/span><\/span><\/span><\/p>\n<p><span style=\"color: #ffcc00;\"><span style=\"color: #333333;\"><span class=\"fontstyle0\"><img loading=\"lazy\" decoding=\"async\" class=\"size-medium wp-image-31642 alignleft\" src=\"https:\/\/eufortrisomy21.eu\/wp-content\/uploads\/2021\/03\/Trisomy-21-What-can-Europe-do-253x300.jpg\" alt=\"\" width=\"253\" height=\"300\" srcset=\"https:\/\/eufortrisomy21.eu\/wp-content\/uploads\/2021\/03\/Trisomy-21-What-can-Europe-do-253x300.jpg 253w, https:\/\/eufortrisomy21.eu\/wp-content\/uploads\/2021\/03\/Trisomy-21-What-can-Europe-do-10x12.jpg 10w, https:\/\/eufortrisomy21.eu\/wp-content\/uploads\/2021\/03\/Trisomy-21-What-can-Europe-do.jpg 708w\" sizes=\"(max-width: 253px) 100vw, 253px\" \/>\u0160\u012bs iejauk\u0161an\u0101s un diskusijas b\u016bs noder\u012bgas debat\u0113s par <\/span><span class=\"fontstyle2\">Vienl\u012bdz\u012bbas savien\u012bba: <strong>Strat\u0113\u0123ija par personu ar invalidit\u0101ti ties\u012bb\u0101m 2021. \u2013 2030 <\/strong><\/span><span class=\"fontstyle0\">(Eiropas Parlaments pazi\u0146oja 3<\/span><span class=\"fontstyle0\">rd <\/span><span class=\"fontstyle0\">marts).<\/span><\/span><strong><span class=\"fontstyle0\"><br \/>\n<\/span><\/strong><\/span><\/p>\n<p><span style=\"color: #333333;\"><span class=\"fontstyle0\">Tulkojums tiek pl\u0101nots \u0161\u0101d\u0101 valod\u0101:<br \/>\n<\/span><\/span><\/p>\n<ul>\n<li><span style=\"color: #333333;\"><span class=\"fontstyle0\">Ang\u013cu<\/span><\/span><\/li>\n<li><span style=\"color: #333333;\"><span class=\"fontstyle0\">V\u0101cu (norm\u0101la un vienk\u0101r\u0161a valoda)<\/span><\/span><\/li>\n<li><span style=\"color: #333333;\"><span class=\"fontstyle0\">Sp\u0101\u0146u<\/span><\/span><\/li>\n<li><span style=\"color: #333333;\"><span class=\"fontstyle0\">Fran\u010du<\/span><\/span><\/li>\n<\/ul>\n<p style=\"text-align: center;\"><span style=\"color: #ffcc00;\"><span class=\"fontstyle0\" style=\"color: #333333;\">Ja v\u0113laties <\/span><strong><span class=\"fontstyle3\">apmekl\u0113t konferenci<\/span><\/strong><span class=\"fontstyle0\" style=\"color: #333333;\">, l\u016bdzu, re\u0123istr\u0113jieties vietn\u0113<\/span><strong><span class=\"fontstyle0\"><br \/>\n<\/span><a href=\"mailto:contact@eufortrisomy21.eu\"><span class=\"fontstyle0\">contact@eufortrisomy21.eu<\/span><\/a><\/strong><\/span><\/p>\n<p>&nbsp;<\/p>\n<p style=\"text-align: center;\"><span class=\"fontstyle0\">21 <\/span><span class=\"fontstyle2\">ir b\u0113rnu ar Dauna sindromu vec\u0101ku kopiena,<br \/>\napvienoj\u0101s, lai veicin\u0101tu cilv\u0113ku ar Dauna sindromu ties\u012bbas \u010detr\u0101s priorit\u0101raj\u0101s jom\u0101s:<br \/>\nredzam\u012bba, nediskrimin\u0101cija, vesel\u012bba, autonomija<\/span><\/p>\n<p style=\"text-align: center;\"><strong>Kontakts<\/strong> : contact@eufortrisomy21.eu<\/p>\n<p style=\"text-align: right;\"><a href=\"https:\/\/eufortrisomy21.eu\/wp-content\/uploads\/2021\/03\/2021-03-11-EN-PRESS-RELEASE-conference.pdf\" target=\"_blank\" rel=\"noopener\">Noklik\u0161\u0137iniet \u0161eit <\/a>lai lejupiel\u0101d\u0113tu pazi\u0146ojumu presei<\/p>","protected":false},"excerpt":{"rendered":"<p>\u00a0To celebrate the International Day of Trisomy 21, EUfortrisomy21 organizes a conference Thursday 18th March 2021 from 2 to 3:30&hellip;<\/p>","protected":false},"author":3,"featured_media":0,"comment_status":"closed","ping_status":"closed","sticky":false,"template":"","format":"standard","meta":{"_acf_changed":false,"footnotes":""},"categories":[45],"tags":[],"class_list":["post-31637","post","type-post","status-publish","format-standard","hentry","category-21-march-21"],"acf":[],"_links":{"self":[{"href":"https:\/\/eufortrisomy21.eu\/lv\/wp-json\/wp\/v2\/posts\/31637"}],"collection":[{"href":"https:\/\/eufortrisomy21.eu\/lv\/wp-json\/wp\/v2\/posts"}],"about":[{"href":"https:\/\/eufortrisomy21.eu\/lv\/wp-json\/wp\/v2\/types\/post"}],"author":[{"embeddable":true,"href":"https:\/\/eufortrisomy21.eu\/lv\/wp-json\/wp\/v2\/users\/3"}],"replies":[{"embeddable":true,"href":"https:\/\/eufortrisomy21.eu\/lv\/wp-json\/wp\/v2\/comments?post=31637"}],"version-history":[{"count":0,"href":"https:\/\/eufortrisomy21.eu\/lv\/wp-json\/wp\/v2\/posts\/31637\/revisions"}],"wp:attachment":[{"href":"https:\/\/eufortrisomy21.eu\/lv\/wp-json\/wp\/v2\/media?parent=31637"}],"wp:term":[{"taxonomy":"category","embeddable":true,"href":"https:\/\/eufortrisomy21.eu\/lv\/wp-json\/wp\/v2\/categories?post=31637"},{"taxonomy":"post_tag","embeddable":true,"href":"https:\/\/eufortrisomy21.eu\/lv\/wp-json\/wp\/v2\/tags?post=31637"}],"curies":[{"name":"wp","href":"https:\/\/api.w.org\/{rel}","templated":true}]}}