{"id":32206,"date":"2021-03-19T13:25:51","date_gmt":"2021-03-19T12:25:51","guid":{"rendered":"https:\/\/eufortrisomy21.eu\/?p=32206"},"modified":"2022-06-24T11:55:59","modified_gmt":"2022-06-24T09:55:59","slug":"press-release-on-march-21st-europe-is-honouring-persons-with-downs-syndrome","status":"publish","type":"post","link":"https:\/\/eufortrisomy21.eu\/lv\/press-release-on-march-21st-europe-is-honouring-persons-with-downs-syndrome\/","title":{"rendered":"Preses rel\u012bze: 21. mart\u0101 Eiropa godina personas ar Dauna sindromu"},"content":{"rendered":"<p style=\"text-align: right;\"><img loading=\"lazy\" decoding=\"async\" class=\"size-medium wp-image-14470 alignleft\" src=\"https:\/\/eufortrisomy21.eu\/wp-content\/uploads\/2020\/02\/Banniere7-300x120.jpg\" alt=\"\" width=\"300\" height=\"120\" srcset=\"https:\/\/eufortrisomy21.eu\/wp-content\/uploads\/2020\/02\/Banniere7-300x120.jpg 300w, https:\/\/eufortrisomy21.eu\/wp-content\/uploads\/2020\/02\/Banniere7-1024x410.jpg 1024w, https:\/\/eufortrisomy21.eu\/wp-content\/uploads\/2020\/02\/Banniere7-768x307.jpg 768w, https:\/\/eufortrisomy21.eu\/wp-content\/uploads\/2020\/02\/Banniere7-1536x614.jpg 1536w, https:\/\/eufortrisomy21.eu\/wp-content\/uploads\/2020\/02\/Banniere7.jpg 2000w\" sizes=\"(max-width: 300px) 100vw, 300px\" \/>preses rel\u012bze<\/p>\n<p style=\"text-align: right;\">Brisele<\/p>\n<p style=\"text-align: right;\">2021. gada 19. marts<\/p>\n<p>&nbsp;<\/p>\n<h2 style=\"text-align: center;\"><span style=\"color: #99ccff;\"><strong>21. mart\u0101 Eiropa godina personas ar Dauna sindromu:\u00a0\u00a0<\/strong><strong>pilso\u0146iem <\/strong><\/span><strong>un <span style=\"color: #99ccff;\">politiskie l\u012bderi<\/span> tiek aicin\u0101ti svin\u0113t <\/strong><span style=\"color: #99ccff;\"><strong>Starptautisk\u0101 Trisomy diena 21<\/strong><\/span><span style=\"color: #99ccff;\">\u00a0<\/span><\/h2>\n<p style=\"text-align: center;\"><strong>Paldies <span style=\"color: #ffcc00;\">Von der Leyen kundze<\/span> un uz <span style=\"color: #ffcc00;\">Eiropas Parlamenta deput\u0101ti<\/span><\/strong><\/p>\n<p style=\"text-align: center;\"><strong>kuri ir iesaist\u012bti \u0161aj\u0101 kampa\u0146\u0101.<\/strong><\/p>\n<p style=\"text-align: left;\"><span style=\"color: #000000;\">\u00a0<\/span>Veselu ned\u0113\u013cu t\u016bksto\u0161iem pilso\u0146u un \u0123ime\u0146u vis\u0101 Eirop\u0101 izplata izaicin\u0101jumu \u00ab\u00a0<em>Dejo\u0161ana 21. mart\u0101\u00a0<\/em>\u00bb<\/p>\n<p style=\"text-align: center;\"><span style=\"color: #99ccff;\"><strong>Visi tiek aicin\u0101ti pievienoties mobiliz\u0101cijai l\u012bdz 21. martam<\/strong><\/span><\/p>\n<p style=\"text-align: center;\">kop\u012bgojot video apkopojumu, kas public\u0113ts tre\u0161dienas vakar\u0101 (17. mart\u0101):<\/p>\n<p style=\"text-align: center;\"><span style=\"color: #99ccff;\"><strong>@ eufortrisomy21<br \/>\n#EUfortrisomy21 #hallenge #downsindroms<\/strong><\/span><\/p>\n<p>Lai atkl\u0101tu t\u0101l\u0101k <a href=\"https:\/\/eufortrisomy21.eu\/fr\/\">https:\/\/eufortrisomy21.eu\/fr\/<\/a><br \/>\nDal\u012bties :<br \/>\n* twitter *: <a href=\"https:\/\/twitter.com\/eufortrisomy21?s=21\">https:\/\/twitter.com\/eufortrisomy21?s=21<\/a><br \/>\n* Instagram *: <a href=\"https:\/\/instagram.com\/eufortrisomy21?igshid=1htqe2arifhnb\">https:\/\/instagram.com\/eufortrisomy21?igshid=1htqe2arifhnb<br \/>\n<\/a>* Facebook *: <a href=\"https:\/\/www.facebook.com\/EUforTrisomy21\/\">https:\/\/www.facebook.com\/EUforTrisomy21\/<\/a><br \/>\n*Tik Tok * : <a href=\"https:\/\/vm.tiktok.com\/ZSJFpN5D8\/\">https:\/\/vm.tiktok.com\/ZSJFpN5D8\/<\/a><\/p>\n<p>Cit\u0101 projekt\u0101 Eiropas politiskie l\u012bderi izr\u0101da v\u0113lmi svin\u0113t \u0161o datumu, sponsor\u0113jot jaunu cilv\u0113ku ar Dauna sindromu. <span style=\"color: #ffcc00;\"><strong>1<\/strong><strong>23 deput\u0101ti <\/strong><\/span>ir pozit\u012bvi atbild\u0113ju\u0161i uz priek\u0161likumu satikt (bie\u017ei vien praktiski) vienu jaunieti ar Dauna sindromu un \/ vai t\u0101 vec\u0101kus no savas valsts, k\u013c\u016bstot par \u201cTrsisomy 21 atbalst\u012bt\u0101ju\u201d. Jaunkundze. <span style=\"color: #ffcc00;\"><strong>fon der Lejens<\/strong><\/span>, Eiropas Komisijas priek\u0161s\u0113d\u0113t\u0101js, piedal\u0101s un atbalsta iniciat\u012bvu.<\/p>\n<p>&nbsp;<\/p>\n<p><img loading=\"lazy\" decoding=\"async\" class=\"aligncenter wp-image-32207 size-full\" src=\"https:\/\/eufortrisomy21.eu\/wp-content\/uploads\/2021\/03\/EN.png\" alt=\"\" width=\"1241\" height=\"1754\" srcset=\"https:\/\/eufortrisomy21.eu\/wp-content\/uploads\/2021\/03\/EN.png 1241w, https:\/\/eufortrisomy21.eu\/wp-content\/uploads\/2021\/03\/EN-212x300.png 212w, https:\/\/eufortrisomy21.eu\/wp-content\/uploads\/2021\/03\/EN-725x1024.png 725w, https:\/\/eufortrisomy21.eu\/wp-content\/uploads\/2021\/03\/EN-768x1085.png 768w, https:\/\/eufortrisomy21.eu\/wp-content\/uploads\/2021\/03\/EN-1087x1536.png 1087w, https:\/\/eufortrisomy21.eu\/wp-content\/uploads\/2021\/03\/EN-8x12.png 8w\" sizes=\"(max-width: 1241px) 100vw, 1241px\" \/><\/p>\n<p style=\"text-align: center;\"><span class=\"fontstyle0\">21 <\/span><span class=\"fontstyle2\">ir b\u0113rnu ar Dauna sindromu vec\u0101ku kopiena,<br \/>\napvienoj\u0101s, lai veicin\u0101tu cilv\u0113ku ar Dauna sindromu ties\u012bbas \u010detr\u0101s priorit\u0101raj\u0101s jom\u0101s:<br \/>\nredzam\u012bba, nediskrimin\u0101cija, vesel\u012bba, autonomija<\/span><\/p>\n<p style=\"text-align: center;\"><strong>Kontakts<\/strong> : contact@eufortrisomy21.eu<\/p>\n<p style=\"text-align: right;\"><a href=\"https:\/\/eufortrisomy21.eu\/wp-content\/uploads\/2021\/03\/2021-03-19-FINAL-PRESS-RELEASE.pdf\" target=\"_blank\" rel=\"noopener\">Noklik\u0161\u0137iniet \u0161eit <\/a>lai lejupiel\u0101d\u0113tu pazi\u0146ojumu presei<\/p>\n<p style=\"text-align: right;\"><a href=\"https:\/\/eufortrisomy21.eu\/wp-content\/uploads\/2021\/03\/Communique-de-presse_EN.pdf\" target=\"_blank\" rel=\"noopener\">Noklik\u0161\u0137iniet \u0161eit <\/a>lai lejupiel\u0101d\u0113tu noz\u012bm\u012bgos skait\u013cus<\/p>","protected":false},"excerpt":{"rendered":"<p>\u00a0To celebrate the International Day of Trisomy 21, EUfortrisomy21 organizes a conference Thursday 18th March 2021 from 2 to 3:30&hellip;<\/p>","protected":false},"author":3,"featured_media":0,"comment_status":"closed","ping_status":"closed","sticky":false,"template":"","format":"standard","meta":{"_acf_changed":false,"footnotes":""},"categories":[45],"tags":[],"class_list":["post-32206","post","type-post","status-publish","format-standard","hentry","category-21-march-21"],"acf":[],"_links":{"self":[{"href":"https:\/\/eufortrisomy21.eu\/lv\/wp-json\/wp\/v2\/posts\/32206"}],"collection":[{"href":"https:\/\/eufortrisomy21.eu\/lv\/wp-json\/wp\/v2\/posts"}],"about":[{"href":"https:\/\/eufortrisomy21.eu\/lv\/wp-json\/wp\/v2\/types\/post"}],"author":[{"embeddable":true,"href":"https:\/\/eufortrisomy21.eu\/lv\/wp-json\/wp\/v2\/users\/3"}],"replies":[{"embeddable":true,"href":"https:\/\/eufortrisomy21.eu\/lv\/wp-json\/wp\/v2\/comments?post=32206"}],"version-history":[{"count":0,"href":"https:\/\/eufortrisomy21.eu\/lv\/wp-json\/wp\/v2\/posts\/32206\/revisions"}],"wp:attachment":[{"href":"https:\/\/eufortrisomy21.eu\/lv\/wp-json\/wp\/v2\/media?parent=32206"}],"wp:term":[{"taxonomy":"category","embeddable":true,"href":"https:\/\/eufortrisomy21.eu\/lv\/wp-json\/wp\/v2\/categories?post=32206"},{"taxonomy":"post_tag","embeddable":true,"href":"https:\/\/eufortrisomy21.eu\/lv\/wp-json\/wp\/v2\/tags?post=32206"}],"curies":[{"name":"wp","href":"https:\/\/api.w.org\/{rel}","templated":true}]}}