{"id":32350,"date":"2021-06-24T17:12:45","date_gmt":"2021-06-24T15:12:45","guid":{"rendered":"https:\/\/eufortrisomy21.eu\/?p=32350"},"modified":"2022-07-22T10:28:28","modified_gmt":"2022-07-22T08:28:28","slug":"online-conference-improving-the-visibility-of-people-with-down-syndrome-an-emergency-for-europe","status":"publish","type":"post","link":"https:\/\/eufortrisomy21.eu\/lv\/online-conference-improving-the-visibility-of-people-with-down-syndrome-an-emergency-for-europe\/","title":{"rendered":"Tie\u0161saistes konference - 2021. gada 8. j\u016blijs - Cilv\u0113ku ar Dauna sindromu redzam\u012bbas uzlabo\u0161ana"},"content":{"rendered":"<p style=\"text-align: right;\"><img loading=\"lazy\" decoding=\"async\" class=\"size-medium wp-image-14470 alignleft\" src=\"https:\/\/eufortrisomy21.eu\/wp-content\/uploads\/2020\/02\/Banniere7-300x120.jpg\" alt=\"\" width=\"300\" height=\"120\" srcset=\"https:\/\/eufortrisomy21.eu\/wp-content\/uploads\/2020\/02\/Banniere7-300x120.jpg 300w, https:\/\/eufortrisomy21.eu\/wp-content\/uploads\/2020\/02\/Banniere7-1024x410.jpg 1024w, https:\/\/eufortrisomy21.eu\/wp-content\/uploads\/2020\/02\/Banniere7-768x307.jpg 768w, https:\/\/eufortrisomy21.eu\/wp-content\/uploads\/2020\/02\/Banniere7-1536x614.jpg 1536w, https:\/\/eufortrisomy21.eu\/wp-content\/uploads\/2020\/02\/Banniere7.jpg 2000w\" sizes=\"(max-width: 300px) 100vw, 300px\" \/><\/p>\n<p>&nbsp;<\/p>\n<p>&nbsp;<\/p>\n<p>&nbsp;<\/p>\n<p>&nbsp;<\/p>\n<h2 style=\"text-align: center;\">Cilv\u0113ku ar Dauna sindromu redzam\u012bbas uzlabo\u0161ana: \u0101rk\u0101rtas situ\u0101cija Eirop\u0101. K\u0101p\u0113c? K\u0101?<\/h2>\n<p>Par cilv\u0113ku ar Dauna sindromu redzam\u012bbas uzlabo\u0161anu Eirop\u0101 vajadz\u0113tu b\u016bt galvenaj\u0101m debat\u0113m <a href=\"https:\/\/futureu.europa.eu\/\" target=\"_blank\" rel=\"noopener\">pilso\u0146u konsult\u0101cijas par Eiropas n\u0101kotni<\/a>.<\/p>\n<p><strong><a href=\"https:\/\/docs.google.com\/forms\/d\/e\/1FAIpQLSfcweCVPOG7YO_JwvF9NAbhpVdDDrUbxl59EM7JJ17kPaB95Q\/viewform\" target=\"_blank\" rel=\"noopener\">Re\u0123istr\u0113jies \u0161eit<\/a> <\/strong>piedal\u012bties tie\u0161saistes konferenc\u0113 EUfortrisomy21 par <strong>8. j\u016blij\u0101 plkst. 18:00 (p\u0113c Briseles laika)<\/strong> un dot ieguld\u012bjumu tie\u0161saistes diskusij\u0101s par pilso\u0146u apspriedi par \u201cEiropas n\u0101kotni\u201d, lai uzlabotu cilv\u0113ku ar Dauna sindromu redzam\u012bbu.<\/p>\n<p><strong>Valodas:<\/strong> Ang\u013cu, sp\u0101\u0146u, fran\u010du, v\u0101cu, v\u0101cu viegl\u0101 valoda, \u010dehu un it\u0101\u013cu valoda<\/p>\n<p>&nbsp;<\/p>\n<h2><u>Programma:<\/u><\/h2>\n<p><strong>Ievads: <\/strong>Brando Benifei kungs (Eiropas Parlamenta deput\u0101ts no It\u0101lijas)<\/p>\n<p><strong>1. da\u013ca: str\u012bd\u012bgie diskrimin\u0101cijas gad\u012bjumi Eirop\u0101\u00a0<\/strong><\/p>\n<ul>\n<li>Cien\u012bjam\u0101 topo\u0161\u0101 mamma \u2013 Rikardo Bjanki \u2013 Koordauna (IT)<\/li>\n<li>Cien\u012bjam\u0101 topo\u0161\u0101 mamma (cenz\u016bra un lieta ECT priek\u0161\u0101) \u2013 L\u016bsija Pe\u010derija \u2013 \u017deroma Lej\u0113na fonds (FR)<\/li>\n<li>Arcadi Spada (SP) un Ri\u010darda Dokinsa lieta\u00a0\u2014 Rakela del Bario (ES vec\u0101ks par Trisomy 21 Sp\u0101nij\u0101)<\/li>\n<\/ul>\n<p><strong>2. da\u013ca : K\u0101p\u0113c \u0161\u012b runa par diskrimin\u0101ciju joproj\u0101m past\u0101v Eirop\u0101?<\/strong><\/p>\n<ul>\n<li>Filozofs: Danielle Moyse (FR)<\/li>\n<li>T\u012bna Sandere (asoci\u0101cijas dibin\u0101t\u0101ja): #NoNIPT kampa\u0146a V\u0101cij\u0101 (GE)<\/li>\n<li>Pa\u0161aizst\u0101ve: Nat\u0101lija Dedr\u0113 \u2013 emu\u0101ru autore un \u017eurn\u0101liste (GE)<\/li>\n<\/ul>\n<p><strong>3. da\u013ca: K\u0101 r\u012bkoties, lai veicin\u0101tu cilv\u0113ku ar 21. trisomiju cie\u0146u un atpaz\u012bstam\u012bbu?<\/strong><\/p>\n<ul>\n<li>Pa\u0161aizst\u0101vis: Katerina Moreti (SP)<\/li>\n<li>Dubravkas Suicas, Eiropas Komisijas locekles, konferences \u201cEiropas n\u0101kotne\u201d vad\u012bt\u0101jas video<\/li>\n<\/ul>\n<p><strong>Jaut\u0101jumi un atbildes<\/strong><\/p>\n<p><strong>Secin\u0101jums: <\/strong>Radka Maksova (Eiropas Parlamenta deput\u0101te \u2013 \u010cehija)<\/p>\n<p id=\"tw-target-text\" class=\"tw-data-text tw-text-large XcVN5d tw-ta\" data-placeholder=\"Traduction\">Ir pieejami m\u016bsu tie\u0161saistes konferences atk\u0101rtojumi <a href=\"https:\/\/www.youtube.com\/channel\/UCFbORaGOrc9HBNBSK7DG-nQ?app=desktop&amp;pli=1\" target=\"_blank\" rel=\"noopener\">m\u016bsu YouTube kan\u0101l\u0101<\/a>.<\/p>\n<p style=\"text-align: center;\"><span class=\"fontstyle0\">21 <\/span><span class=\"fontstyle2\">ir b\u0113rnu ar Dauna sindromu vec\u0101ku kopiena,<br \/>\napvienoj\u0101s, lai veicin\u0101tu cilv\u0113ku ar Dauna sindromu ties\u012bbas \u010detr\u0101s priorit\u0101raj\u0101s jom\u0101s:<br \/>\nredzam\u012bba, nediskrimin\u0101cija, vesel\u012bba, autonomija<\/span><\/p>\n<p style=\"text-align: center;\"><strong>Kontakts<\/strong> : contact@eufortrisomy21.eu<\/p>\n<p style=\"text-align: right;\">","protected":false},"excerpt":{"rendered":"<p>Improving the visibility of people with Down syndrome in Europe should be a major debate in the citizen\u2019s consultation for&hellip;<\/p>","protected":false},"author":3,"featured_media":0,"comment_status":"closed","ping_status":"closed","sticky":false,"template":"","format":"standard","meta":{"_acf_changed":false,"footnotes":""},"categories":[45],"tags":[],"class_list":["post-32350","post","type-post","status-publish","format-standard","hentry","category-21-march-21"],"acf":[],"_links":{"self":[{"href":"https:\/\/eufortrisomy21.eu\/lv\/wp-json\/wp\/v2\/posts\/32350"}],"collection":[{"href":"https:\/\/eufortrisomy21.eu\/lv\/wp-json\/wp\/v2\/posts"}],"about":[{"href":"https:\/\/eufortrisomy21.eu\/lv\/wp-json\/wp\/v2\/types\/post"}],"author":[{"embeddable":true,"href":"https:\/\/eufortrisomy21.eu\/lv\/wp-json\/wp\/v2\/users\/3"}],"replies":[{"embeddable":true,"href":"https:\/\/eufortrisomy21.eu\/lv\/wp-json\/wp\/v2\/comments?post=32350"}],"version-history":[{"count":0,"href":"https:\/\/eufortrisomy21.eu\/lv\/wp-json\/wp\/v2\/posts\/32350\/revisions"}],"wp:attachment":[{"href":"https:\/\/eufortrisomy21.eu\/lv\/wp-json\/wp\/v2\/media?parent=32350"}],"wp:term":[{"taxonomy":"category","embeddable":true,"href":"https:\/\/eufortrisomy21.eu\/lv\/wp-json\/wp\/v2\/categories?post=32350"},{"taxonomy":"post_tag","embeddable":true,"href":"https:\/\/eufortrisomy21.eu\/lv\/wp-json\/wp\/v2\/tags?post=32350"}],"curies":[{"name":"wp","href":"https:\/\/api.w.org\/{rel}","templated":true}]}}