{"id":32385,"date":"2021-07-12T15:00:46","date_gmt":"2021-07-12T13:00:46","guid":{"rendered":"https:\/\/eufortrisomy21.eu\/?p=32385"},"modified":"2021-07-13T14:43:26","modified_gmt":"2021-07-13T12:43:26","slug":"eu-for-trisomy-21-takes-part-in-the-citizen-consultation-for-the-future-of-europe","status":"publish","type":"post","link":"https:\/\/eufortrisomy21.eu\/lv\/eu-for-trisomy-21-takes-part-in-the-citizen-consultation-for-the-future-of-europe\/","title":{"rendered":"EU for Trisomy 21 piedal\u0101s pilso\u0146u konsult\u0101cij\u0101s par Eiropas n\u0101kotni"},"content":{"rendered":"<p style=\"text-align: right;\"><img loading=\"lazy\" decoding=\"async\" class=\"aligncenter wp-image-32386 size-large\" src=\"https:\/\/eufortrisomy21.eu\/wp-content\/uploads\/2021\/07\/create-an-account-and-participate-in-the-COFUE-1024x522.jpeg\" alt=\"\" width=\"1024\" height=\"522\" srcset=\"https:\/\/eufortrisomy21.eu\/wp-content\/uploads\/2021\/07\/create-an-account-and-participate-in-the-COFUE-1024x522.jpeg 1024w, https:\/\/eufortrisomy21.eu\/wp-content\/uploads\/2021\/07\/create-an-account-and-participate-in-the-COFUE-300x153.jpeg 300w, https:\/\/eufortrisomy21.eu\/wp-content\/uploads\/2021\/07\/create-an-account-and-participate-in-the-COFUE-768x392.jpeg 768w, https:\/\/eufortrisomy21.eu\/wp-content\/uploads\/2021\/07\/create-an-account-and-participate-in-the-COFUE-1536x783.jpeg 1536w, https:\/\/eufortrisomy21.eu\/wp-content\/uploads\/2021\/07\/create-an-account-and-participate-in-the-COFUE-16x8.jpeg 16w, https:\/\/eufortrisomy21.eu\/wp-content\/uploads\/2021\/07\/create-an-account-and-participate-in-the-COFUE.jpeg 1600w\" sizes=\"(max-width: 1024px) 100vw, 1024px\" \/><\/p>\n<p>&nbsp;<\/p>\n<h2 style=\"text-align: center;\">Uzlabot cilv\u0113ku ar Dauna sindromu redzam\u012bbu Eirop\u0101<\/h2>\n<p>Sekojot m\u016bsu <a href=\"https:\/\/eufortrisomy21.eu\/lv\/online-conference-improving-the-visibility-of-people-with-down-syndrome-an-emergency-for-europe\/\" target=\"_blank\" rel=\"noopener\">tie\u0161saistes konference 2021.\u00a0gada 8.\u00a0j\u016blij\u0101<\/a> par cilv\u0113ku ar Dauna sindromu redzam\u012bbas uzlabo\u0161anu, <em>ES Trisomy 21<\/em> ir gatavs piedal\u012bties tie\u0161saistes debat\u0113s <a href=\"https:\/\/futureu.europa.eu\/\" target=\"_blank\" rel=\"noopener\">pilso\u0146u konsult\u0101cijas par \u201cEiropas n\u0101kotni\u201d (COFUE)<\/a> par \u0161o attiec\u012bgo t\u0113mu.<\/p>\n<p>Ir pieejami m\u016bsu tie\u0161saistes konferences atk\u0101rtojumi <a href=\"https:\/\/www.youtube.com\/channel\/UCFbORaGOrc9HBNBSK7DG-nQ?app=desktop&amp;pli=1\" target=\"_blank\" rel=\"noopener\">m\u016bsu YouTube kan\u0101l\u0101<\/a>.<\/p>\n<p>Uz to ir aicin\u0101ts ikviens iedz\u012bvot\u0101js <strong><a href=\"https:\/\/ecas.ec.europa.eu\/cas\/login?loginRequestId=ECAS_LR-2693389-GzNdnJ3Wy1IzedbURaMr8R19ucNOzlSHnydL7gzJBjizzjEf9cd1hdHXH4bk53zoajHzptmu9NxJKo4pzzrSGzTu2-yntOf97TTHqKzeMCLkj3P5-PBeTXip3FnJiThu1LQR0IbPodSkGSqs5PIMHbTiRxdYqcFsrzGA9QYocQRD5fWCNM877rBwqbyRMzzVAvu7PyDm\">izveidot kontu<\/a><\/strong> COFUE t\u012bmek\u013ca vietn\u0113 un public\u0113t koment\u0101ru par m\u016bsu tie\u0161saistes konferences notikumu <strong><a href=\"https:\/\/futureu.europa.eu\/processes\/ValuesRights\/f\/11\/meetings\/19405\">\u0161eit<\/a><\/strong>.<\/p>\n<p>Ja j\u016bs interes\u0113 piedal\u012bties \u0161aj\u0101 Eiropas pilso\u0146u konsult\u0101cij\u0101, j\u016bs esat aicin\u0101ti uz <a href=\"https:\/\/docs.google.com\/forms\/d\/e\/1FAIpQLSd7voDpFs39q6UCbSVMIW_ifFfvU9SigQydcUe2mLEz7D_wQQ\/viewform\" target=\"_blank\" rel=\"noopener\">re\u0123istr\u0113ties \u0161aj\u0101 veidlap\u0101<\/a>, lai m\u0113s var\u0113tu sazin\u0101ties ar jums, kad notiek debates.<\/p>\n<p>&nbsp;<\/p>\n<pre id=\"tw-target-text\" class=\"tw-data-text tw-text-large XcVN5d tw-ta\" data-placeholder=\"Traduction\"><\/pre>\n<p style=\"text-align: center;\"><span class=\"fontstyle0\">21 <\/span><span class=\"fontstyle2\">ir b\u0113rnu ar Dauna sindromu vec\u0101ku kopiena,<br \/>\napvienoj\u0101s, lai veicin\u0101tu cilv\u0113ku ar Dauna sindromu ties\u012bbas \u010detr\u0101s priorit\u0101raj\u0101s jom\u0101s:<br \/>\nredzam\u012bba, nediskrimin\u0101cija, vesel\u012bba, autonomija<\/span><\/p>\n<p style=\"text-align: center;\"><strong>Kontakts<\/strong> : contact@eufortrisomy21.eu<\/p>\n<p style=\"text-align: right;\">","protected":false},"excerpt":{"rendered":"<p>Following the online conference on the 8th of July 2021 on improving the visibility of people with Down syndrome, EU&hellip;<\/p>","protected":false},"author":3,"featured_media":0,"comment_status":"closed","ping_status":"closed","sticky":false,"template":"","format":"standard","meta":{"_acf_changed":false,"footnotes":""},"categories":[45],"tags":[],"class_list":["post-32385","post","type-post","status-publish","format-standard","hentry","category-21-march-21"],"acf":[],"_links":{"self":[{"href":"https:\/\/eufortrisomy21.eu\/lv\/wp-json\/wp\/v2\/posts\/32385"}],"collection":[{"href":"https:\/\/eufortrisomy21.eu\/lv\/wp-json\/wp\/v2\/posts"}],"about":[{"href":"https:\/\/eufortrisomy21.eu\/lv\/wp-json\/wp\/v2\/types\/post"}],"author":[{"embeddable":true,"href":"https:\/\/eufortrisomy21.eu\/lv\/wp-json\/wp\/v2\/users\/3"}],"replies":[{"embeddable":true,"href":"https:\/\/eufortrisomy21.eu\/lv\/wp-json\/wp\/v2\/comments?post=32385"}],"version-history":[{"count":0,"href":"https:\/\/eufortrisomy21.eu\/lv\/wp-json\/wp\/v2\/posts\/32385\/revisions"}],"wp:attachment":[{"href":"https:\/\/eufortrisomy21.eu\/lv\/wp-json\/wp\/v2\/media?parent=32385"}],"wp:term":[{"taxonomy":"category","embeddable":true,"href":"https:\/\/eufortrisomy21.eu\/lv\/wp-json\/wp\/v2\/categories?post=32385"},{"taxonomy":"post_tag","embeddable":true,"href":"https:\/\/eufortrisomy21.eu\/lv\/wp-json\/wp\/v2\/tags?post=32385"}],"curies":[{"name":"wp","href":"https:\/\/api.w.org\/{rel}","templated":true}]}}