{"id":33047,"date":"2021-12-03T09:29:25","date_gmt":"2021-12-03T08:29:25","guid":{"rendered":"https:\/\/eufortrisomy21.eu\/?p=33047"},"modified":"2022-09-28T15:16:32","modified_gmt":"2022-09-28T13:16:32","slug":"33047-2","status":"publish","type":"post","link":"https:\/\/eufortrisomy21.eu\/lv\/33047-2\/","title":{"rendered":"Starptautisk\u0101 cilv\u0113ku ar invalidit\u0101ti ties\u012bbu diena"},"content":{"rendered":"<p>3<sup>rd<\/sup> 2021.\u00a0gada decembr\u012b, Starptautiskaj\u0101 cilv\u0113ku ar invalidit\u0101ti ties\u012bbu dien\u0101, ES par trisomiju\u00a021 atz\u012bm\u0113ja cilv\u0113ku ar Dauna sindromu ties\u012bbas. \u0160aj\u0101 svar\u012bgaj\u0101 datum\u0101 Eiropas Parlamenta deput\u0101ti uzdeva da\u017eus politiskus jaut\u0101jumus cilv\u0113kiem ar Dauna sindromu no visas Eiropas.<\/p>\n<p>Ar \u0161o kampa\u0146u m\u0113s dodam iesp\u0113ju cilv\u0113kiem ar Trisomy 21 paaugstin\u0101t savu balsi un run\u0101t par saviem politiskajiem uzskatiem par da\u017e\u0101d\u0101m t\u0113m\u0101m. Cilv\u0113ki ar Trisomy 21 ir pilso\u0146i ar piln\u0101m demokr\u0101tisk\u0101m ties\u012bb\u0101m, un t\u0101p\u0113c vi\u0146u izpratnei ir ne tikai noz\u012bme, bet ar\u012b b\u016btiska noz\u012bme pilnv\u0113rt\u012bg\u0101 pilsonisk\u0101s sabiedr\u012bbas diskurs\u0101, kur\u0101 Eiropas Parlamentam ir j\u0101ieklaus\u0101s vi\u0146os. Demokr\u0101tisk\u0101s instit\u016bcijas v\u0113l nav gatavas uzklaus\u012bt cilv\u0113kus ar Trisomy 21, ta\u010du t\u0101m j\u0101s\u0101k str\u0101d\u0101t, lai piel\u0101gotos, lai ikviens Eiropas pilsonis var\u0113tu piedal\u012bties Eiropas demokr\u0101tij\u0101.<\/p>\n<p>Cilv\u0113ki ar Dauna sindromu apl\u016bkoja da\u017e\u0101das t\u0113mas:<\/p>\n<ul>\n<li>Diskrimin\u0101cija:\n<ul>\n<li>Anna iest\u0101jas par cilv\u0113ku ar Dauna sindromu ties\u012bb\u0101m, t\u0101pat k\u0101 jebkuram cilv\u0113kam ar Dauna sindromu ir j\u0101b\u016bt t\u0101d\u0101m pa\u0161\u0101m ties\u012bb\u0101m: <a href=\"https:\/\/www.instagram.com\/reel\/CXB0uC-gTNg\/\">https:\/\/www.instagram.com\/reel\/CXB0uC-gTNg\/<\/a><\/li>\n<li>Katr\u012bna st\u0101sta par da\u017e\u0101dajiem m\u012btiem un diskrimin\u0101ciju, kas notiek ikdien\u0101: <a href=\"https:\/\/www.instagram.com\/reel\/CXBs4m6gBUz\/\">https:\/\/www.instagram.com\/reel\/CXBs4m6gBUz\/<\/a><\/li>\n<li>Nat\u0101lija uzskata, ka pirmsdzemd\u012bbu p\u0101rbaude ir diskrimin\u0101cija cilv\u0113kiem ar Dauna sindromu: <a href=\"https:\/\/www.instagram.com\/reel\/CXBNKhYAvoQ\/\">https:\/\/www.instagram.com\/reel\/CXBNKhYAvoQ\/<\/a><\/li>\n<\/ul>\n<\/li>\n<\/ul>\n<ul>\n<li>Nodarbin\u0101t\u012bba:\n<ul>\n<li>Basijai pat\u012bk darbs, kr\u0101sojot ar rok\u0101m darin\u0101tas somas, un v\u0113l\u0113tos, lai \u0161\u0101da iesp\u0113ja b\u016btu liel\u0101kai da\u013cai cilv\u0113ku: <a href=\"https:\/\/www.instagram.com\/reel\/CXDln1dg38x\/\">https:\/\/www.instagram.com\/reel\/CXDln1dg38x\/<\/a><\/li>\n<li>Mihai str\u0101d\u0101 kafejn\u012bc\u0101 un v\u0113l\u0113tos, lai darba tirg\u016b integr\u0113tos vair\u0101k cilv\u0113ku ar Dauna sindromu: <a href=\"https:\/\/www.instagram.com\/reel\/CXBcTWBARwG\/\">https:\/\/www.instagram.com\/reel\/CXBcTWBARwG\/<\/a><\/li>\n<\/ul>\n<\/li>\n<\/ul>\n<ul>\n<li>Redzam\u012bba:\n<ul>\n<li>Katerina Moreti run\u0101 par dezinform\u0101ciju un aizspriedumiem, kas past\u0101v par cilv\u0113kiem ar Dauna sindromu: <a href=\"https:\/\/www.instagram.com\/reel\/CXDwWUpg9UX\/\">https:\/\/www.instagram.com\/reel\/CXDwWUpg9UX\/<\/a><\/li>\n<\/ul>\n<\/li>\n<\/ul>\n<ul>\n<li>Autonomija\n<ul>\n<li>Mihai st\u0101sta, k\u0101 rit vi\u0146a ikdiena un k\u0101 vi\u0146am pat\u012bk darbs, draudzene un va\u013casprieki: <a href=\"https:\/\/www.instagram.com\/reel\/CXDpIqNgtL3\/\">https:\/\/www.instagram.com\/reel\/CXDpIqNgtL3\/<\/a><\/li>\n<li>Basia st\u0101sta par savu parasto ikdienu: <a href=\"https:\/\/www.instagram.com\/reel\/CXBUWsCASW-\/\">https:\/\/www.instagram.com\/reel\/CXBUWsCASW-\/<\/a><\/li>\n<\/ul>\n<\/li>\n<\/ul>\n<p>Paldies Radkai Maksovai, Brando Benifei, Dragosam Pislaru, Katrin Langensiepen un Rosa Estaras Ferragut, Eiropas Parlamenta deput\u0101tiem, kuri atbalst\u012bja m\u016bsu kampa\u0146u cilv\u0113ku ar Dauna sindromu atpaz\u012bstam\u012bbas veicin\u0101\u0161anai \u0161aj\u0101 noz\u012bm\u012bgaj\u0101 starptautiskaj\u0101 cilv\u0113ku ar invalidit\u0101ti ties\u012bbu dien\u0101. .<\/p>","protected":false},"excerpt":{"rendered":"<p>On the 3rd of December 2021, International Day Of The Rights Of People With Disabilities, EU for Trisomy 21 celebrated&hellip;<\/p>","protected":false},"author":3,"featured_media":0,"comment_status":"closed","ping_status":"closed","sticky":false,"template":"","format":"standard","meta":{"_acf_changed":false,"footnotes":""},"categories":[45],"tags":[],"class_list":["post-33047","post","type-post","status-publish","format-standard","hentry","category-21-march-21"],"acf":[],"_links":{"self":[{"href":"https:\/\/eufortrisomy21.eu\/lv\/wp-json\/wp\/v2\/posts\/33047"}],"collection":[{"href":"https:\/\/eufortrisomy21.eu\/lv\/wp-json\/wp\/v2\/posts"}],"about":[{"href":"https:\/\/eufortrisomy21.eu\/lv\/wp-json\/wp\/v2\/types\/post"}],"author":[{"embeddable":true,"href":"https:\/\/eufortrisomy21.eu\/lv\/wp-json\/wp\/v2\/users\/3"}],"replies":[{"embeddable":true,"href":"https:\/\/eufortrisomy21.eu\/lv\/wp-json\/wp\/v2\/comments?post=33047"}],"version-history":[{"count":0,"href":"https:\/\/eufortrisomy21.eu\/lv\/wp-json\/wp\/v2\/posts\/33047\/revisions"}],"wp:attachment":[{"href":"https:\/\/eufortrisomy21.eu\/lv\/wp-json\/wp\/v2\/media?parent=33047"}],"wp:term":[{"taxonomy":"category","embeddable":true,"href":"https:\/\/eufortrisomy21.eu\/lv\/wp-json\/wp\/v2\/categories?post=33047"},{"taxonomy":"post_tag","embeddable":true,"href":"https:\/\/eufortrisomy21.eu\/lv\/wp-json\/wp\/v2\/tags?post=33047"}],"curies":[{"name":"wp","href":"https:\/\/api.w.org\/{rel}","templated":true}]}}