{"id":33345,"date":"2022-12-07T18:00:43","date_gmt":"2022-12-07T17:00:43","guid":{"rendered":"https:\/\/eufortrisomy21.eu\/?p=33345"},"modified":"2024-02-20T17:22:44","modified_gmt":"2024-02-20T16:22:44","slug":"the-future-is-ours-time-for-more-autonomy","status":"publish","type":"post","link":"https:\/\/eufortrisomy21.eu\/lv\/the-future-is-ours-time-for-more-autonomy\/","title":{"rendered":"N\u0101kotne ir m\u016bsu\u00a0\u2014 laiks liel\u0101kai autonomijai"},"content":{"rendered":"<p>YouTube saite: <a href=\"https:\/\/www.youtube.com\/watch?v=j2QFE6f5QPY\">ung\u0101ru (ung\u0101ru)<\/a>, <a href=\"https:\/\/www.youtube.com\/watch?v=y754i2Gk5jk\">rom\u0101ns (rum\u0101\u0146u)<\/a>, <a href=\"https:\/\/www.youtube.com\/watch?v=imPvo3tS7l8\">Fran\u00e7ais (fran\u010du)<\/a>, <a href=\"https:\/\/www.youtube.com\/watch?v=ZjAbSg9kFG0\">Deutsch (v\u0101cu)<\/a>, <a href=\"https:\/\/www.youtube.com\/watch?v=-KLPE1gQVC4\">Polski (Polski)<\/a>, <a href=\"https:\/\/www.youtube.com\/watch?v=MgHYTZBAlyE\">\u03b5\u03bb\u03bb\u03b7\u03bd\u03b9\u03ba\u03ac (grie\u0137u valoda)<\/a><\/p>\n<p>J\u016bs varat apskat\u012bt m\u016bsu ofici\u0101lo zi\u0146ojumu <a href=\"https:\/\/drive.google.com\/file\/d\/1yMfOOM1MKX2PptIr70ZjFIDLy8B5rYdU\/view?usp=sharing\">\u0161eit<\/a>.<\/p>\n<p>7<sup>th<\/sup> 2022.\u00a0gada decembr\u012b EU for Trisomy 21 r\u012bkoja m\u016bsu ES sponsor\u0113t\u0101 projekta The Future is Ours pirmo pas\u0101kumu ar nosaukumu \u201cLaiks liel\u0101kai autonomijai\u201d.<\/p>\n<p><span style=\"font-weight: 400;\">2022.\u00a0gada septembr\u012b ES Trisomy 21 t\u012bkls sa\u0146\u0113ma naudas atbalstu, izmantojot ES CERV grantu programmu, uzs\u0101kot projektu The Future is Ours. \u0160aj\u0101 projekt\u0101 ir iek\u013cauti 3 tie\u0161saistes pas\u0101kumi, k\u0101 ar\u012b v\u0113l viens kl\u0101tienes pas\u0101kums 2023.\u00a0gada maij\u0101 Brisel\u0113. Katrs pas\u0101kums koncentr\u0113sies uz vienu no \u010detriem ES Trisomy 21 t\u012bkla m\u0113r\u0137iem:<\/span><\/p>\n<p><span style=\"font-weight: 400;\">\u2013 Autonomija, ko cilv\u0113kiem ar Dauna sindromu noz\u012bm\u0113 b\u016bt neatkar\u012bgiem un pie\u0146emt l\u0113mumus\u00a0<\/span><\/p>\n<p><span style=\"font-weight: 400;\">\u2013 Redzam\u012bba, ko tas noz\u012bm\u0113, ka cilv\u0113ki Dauna sindromu var redz\u0113t un dzird\u0113t\u00a0<\/span><\/p>\n<p><span style=\"font-weight: 400;\">\u2013 Vesel\u012bba, labu \u0101rstu un vesel\u012bbas atbalsta noz\u012bme\u00a0<\/span><\/p>\n<p><span style=\"font-weight: 400;\">\u2013 Vienl\u012bdz\u012bga attieksme. Ko tas noz\u012bm\u0113, ka cilv\u0113ki ar Dauna sindromu tiek iev\u0113roti<\/span><\/p>\n<p>Pirmais \u0161\u012b projekta pas\u0101kums \u201cLaiks liel\u0101kai autonomijai\u201d notika tie\u0161saist\u0113 k\u0101 da\u013ca no t\u012bklu svin\u012bbu Starptautisk\u0101s cilv\u0113ku ar invalidit\u0101ti ties\u012bbu dienas 3.<sup>rd<\/sup> 2022.\u00a0gada decembris.<\/p>\n<p>Film\u0101 \u201cLaiks liel\u0101kai autonomijai\u201d piedal\u012bj\u0101s 5 pa\u0161p\u0101rvaldes run\u0101t\u0101ji no 5 da\u017e\u0101d\u0101m valst\u012bm, run\u0101jot par to, cik svar\u012bgi ir dz\u012bvot autonom\u0101 dz\u012bv\u0113. Tas tika tulkots 9 valod\u0101s (ang\u013cu, ung\u0101ru, rum\u0101\u0146u, fran\u010du, v\u0101cu, po\u013cu, grie\u0137u un sp\u0101\u0146u), un taj\u0101 piedal\u012bj\u0101s vair\u0101k nek\u0101 400 dal\u012bbnieku no 22 valst\u012bm (16 ES valst\u012bm).<\/p>\n<p><span style=\"font-weight: 400;\"><span style=\"font-weight: 400;\">Pas\u0101kum\u0101 pirmais run\u0101t\u0101js bija<strong> Sufiane El Amrani<\/strong>, an<\/span><\/span> viegli las\u0101ms un intere\u0161u aizst\u0101v\u012bbas eksperts, kas str\u0101d\u0101 organiz\u0101cij\u0101 Inclusion Europe kop\u0161 2008. gada. \u0160\u012b darba ietvaros vi\u0146\u0161 ir piedal\u012bjies daudz\u0101s apm\u0101c\u012bb\u0101s, k\u0101 padar\u012bt inform\u0101ciju pieejamu un k\u0101 konsult\u0113t cilv\u0113kus ar intelektu\u0101l\u0101s att\u012bst\u012bbas trauc\u0113jumiem l\u0113mumu pie\u0146em\u0161an\u0101, kas vi\u0146us ietekm\u0113. Vi\u0146\u0161 ir ar\u012b da\u013ca no Eiropas Pa\u0161aizst\u0101vju platformas un Empower Us komandas. Kop\u0161 2020.\u00a0gada novembra Soufiane ir Eiropas aizst\u0101vju p\u0101rst\u0101ve Starptautiskaj\u0101 iek\u013cau\u0161anas padom\u0113.<\/p>\n<p>Pas\u0101kuma \u201cLaiks liel\u0101kai autonomijai\u201d laik\u0101 vi\u0146\u0161 run\u0101ja par cilv\u0113ku ar invalidit\u0101ti autonomiju ES, piev\u0113r\u0161ot uzman\u012bbu gaid\u0101maj\u0101m izmai\u0146\u0101m v\u0113l\u0113\u0161anu likum\u0101, kas \u013caus cilv\u0113kiem ar intelektu\u0101l\u0101s att\u012bst\u012bbas trauc\u0113jumiem, tostarp cilv\u0113kiem ar Dauna sindromu, balsot gaid\u0101maj\u0101 ES parlament\u0101rie\u0161u v\u0113l\u0113\u0161an\u0101s. 2024.\u00a0gada v\u0113l\u0113\u0161anas. Vi\u0146\u0161 paaugstin\u0101ja izpratni par to, ka v\u0113l\u0113\u0161anu likuma mai\u0146a ir labs solis, ta\u010du ES ir j\u0101uzlabo vi\u0146u sazi\u0146a, lai t\u0101 b\u016btu patiesi pieejama \u0161im jaunajam v\u0113l\u0113t\u0101ju lokam.<\/p>\n<p>Panelis \u201cMana autonom\u0101 dz\u012bve\u201d ietv\u0113ra \u010detrus Self-Advocate run\u0101t\u0101jus no visas Eiropas:<\/p>\n<ul>\n<li>\n<p class=\"_04xlpA direction-ltr align-start para-style-body\"><span class=\"JsGRdQ\"><strong>Fanija Neimajere<\/strong>, 27 gadus vecs un dz\u012bvo V\u012bn\u0113, <strong>Austrija<\/strong>. <\/span><span class=\"JsGRdQ\">Neij\u0113ras kundze str\u0101d\u0101 Evangelische Gymnasium (vidusskolas) galvenaj\u0101 biroj\u0101 V\u012bnes 11. rajon\u0101. <\/span><span class=\"JsGRdQ\">Vi\u0146a st\u0101st\u012bja par savu pieredzi balso\u0161an\u0101 Austrij\u0101.<\/span><\/p>\n<\/li>\n<li>\n<p class=\"_04xlpA direction-ltr align-start para-style-body\"><span class=\"JsGRdQ\"><strong>Fiona Lambarta<\/strong>, 24 gadus vecs un dz\u012bvo Darm\u0161tat\u0113 net\u0101lu no Frankfurtes, <strong>V\u0101cija<\/strong>. <\/span><span class=\"JsGRdQ\">Lambartes kundze str\u0101d\u0101 par m\u0101jtur\u012bbas speci\u0101listi.<\/span><span class=\"JsGRdQ\">\u00a0Vi\u0146a st\u0101st\u012bja par savu darbu un to, k\u0101 vi\u0146a str\u0101d\u0101 pie autonomas dz\u012bves.<\/span><\/p>\n<\/li>\n<li>\n<p class=\"_04xlpA direction-ltr align-start para-style-body\"><span class=\"JsGRdQ\"><strong>Fran\u010deska \u2013 Krist\u012bna Duka<\/strong>, 37 gadus vecs un dz\u012bvo Salonikos, <strong>Grie\u0137ija<\/strong>. Doukas kundze ir Grie\u0137ijas Dauna sindroma asoci\u0101cijas sa\u0146\u0113m\u0113ja, vi\u0146a dz\u012bvo viena, apg\u0101d\u0101jam\u0101s dz\u012bves dz\u012bvokl\u012b. <\/span><span class=\"JsGRdQ\">Vi\u0146ai pat\u012bk dejot, un vi\u0146a ir ritmisk\u0101s vingro\u0161anas sportiste. Vi\u0146a ir daudzk\u0101rt piedal\u012bjusies Speci\u0101laj\u0101 olimpi\u0101des organiz\u0101cij\u0101, izc\u012bn\u012bjusi meda\u013cas un ce\u013cojusi daudz\u0101s valst\u012bs Eirop\u0101 un \u0101rpus t\u0101s.<\/span><\/p>\n<\/li>\n<li>\n<p class=\"_04xlpA direction-ltr align-start para-style-body\"><span class=\"JsGRdQ\"><strong>\u017dans Filips Barons<\/strong>, 44 gadus vecs, kur\u0161 dz\u012bvo Marse\u013c\u0101, <strong>Francija<\/strong>. Vi\u0146\u0161 dz\u012bvo sav\u0101 dz\u012bvokl\u012b kopien\u0101 un str\u0101d\u0101 piel\u0101got\u0101 restor\u0101n\u0101. Vi\u0146\u0161 j\u016btas \u0113rti ar sazi\u0146as r\u012bkiem un regul\u0101ri p\u0101rst\u0101v #Tcap21 asoci\u0101ciju visos pla\u0161sazi\u0146as l\u012bdzek\u013cos. Vi\u0146\u0161 tagad tren\u0113jas, lai pievienotos m\u016bsu atv\u0113rtajai #Train Inc. kafejn\u012bcai un p\u0113c tam sasniegtu piln\u012bgu autonomiju.<\/span><\/p>\n<\/li>\n<\/ul>\n<p>P\u0113c pane\u013ca dal\u012bbnieki var\u0113ja uzdot jaut\u0101jumus m\u016bsu run\u0101t\u0101jiem. Buklets ar cit\u0101tiem no vi\u0146u run\u0101m, k\u0101 ar\u012b Soufiane sp\u0113ka punkts <span style=\"font-weight: 400;\">El Amrani ir pieejams visiem dal\u012bbniekiem. To var lejupiel\u0101d\u0113t ang\u013cu valod\u0101 <a href=\"https:\/\/drive.google.com\/file\/d\/1SVsLWWYytRREpmbalTXhit8NbVKCsVkB\/view?usp=share_link\">\u0161eit<\/a>.<\/span><\/p>\n<p>Vis\u0101 \u0161\u012b pas\u0101kuma organiz\u0113\u0161anas laik\u0101, k\u0101 ar\u012b diskusij\u0101 pas\u0101kuma laik\u0101 un p\u0113c t\u0101, EU for Trisomy 21 veido ieteikumu sarakstu, kas ES j\u0101\u0146em v\u0113r\u0101, str\u0101d\u0101jot pie t\u0101, lai 2024.\u00a0gada ES Parlamenta v\u0113l\u0113\u0161anas b\u016btu patiesi pieejamas cilv\u0113kiem ar d\u012bnu. Sindroms vis\u0101s ES valst\u012bs. \u0160is dokuments tiks nodots Komisijai un ES Parlamentam Pasaules Dauna sindroma dien\u0101 2023.\u00a0gada 21.\u00a0mart\u0101.<\/p>\n<p><strong>M\u016bsu n\u0101kamais pas\u0101kums: Laiks liel\u0101kai redzam\u012bbai notiks 16. mart\u0101 plkst. 18.00.\u00a0<\/strong><\/p>","protected":false},"excerpt":{"rendered":"<p>YouTube Link: Magyar (Hungarian), Rom\u00e2n (Romanian), Fran\u00e7ais (French), Deutsch (German), Polski (Polski), \u03b5\u03bb\u03bb\u03b7\u03bd\u03b9\u03ba\u03ac (Greek) You can take a look at&hellip;<\/p>","protected":false},"author":3,"featured_media":0,"comment_status":"closed","ping_status":"closed","sticky":false,"template":"","format":"standard","meta":{"_acf_changed":false,"footnotes":""},"categories":[45],"tags":[],"class_list":["post-33345","post","type-post","status-publish","format-standard","hentry","category-21-march-21"],"acf":[],"_links":{"self":[{"href":"https:\/\/eufortrisomy21.eu\/lv\/wp-json\/wp\/v2\/posts\/33345"}],"collection":[{"href":"https:\/\/eufortrisomy21.eu\/lv\/wp-json\/wp\/v2\/posts"}],"about":[{"href":"https:\/\/eufortrisomy21.eu\/lv\/wp-json\/wp\/v2\/types\/post"}],"author":[{"embeddable":true,"href":"https:\/\/eufortrisomy21.eu\/lv\/wp-json\/wp\/v2\/users\/3"}],"replies":[{"embeddable":true,"href":"https:\/\/eufortrisomy21.eu\/lv\/wp-json\/wp\/v2\/comments?post=33345"}],"version-history":[{"count":3,"href":"https:\/\/eufortrisomy21.eu\/lv\/wp-json\/wp\/v2\/posts\/33345\/revisions"}],"predecessor-version":[{"id":33626,"href":"https:\/\/eufortrisomy21.eu\/lv\/wp-json\/wp\/v2\/posts\/33345\/revisions\/33626"}],"wp:attachment":[{"href":"https:\/\/eufortrisomy21.eu\/lv\/wp-json\/wp\/v2\/media?parent=33345"}],"wp:term":[{"taxonomy":"category","embeddable":true,"href":"https:\/\/eufortrisomy21.eu\/lv\/wp-json\/wp\/v2\/categories?post=33345"},{"taxonomy":"post_tag","embeddable":true,"href":"https:\/\/eufortrisomy21.eu\/lv\/wp-json\/wp\/v2\/tags?post=33345"}],"curies":[{"name":"wp","href":"https:\/\/api.w.org\/{rel}","templated":true}]}}