{"id":30925,"date":"2021-02-19T16:40:13","date_gmt":"2021-02-19T15:40:13","guid":{"rendered":"https:\/\/eufortrisomy21.eu\/?p=30925"},"modified":"2021-02-23T15:00:23","modified_gmt":"2021-02-23T14:00:23","slug":"focus-on-the-21st-of-march-2021-lets-celebrate-world-down-syndrome-day-in-europe","status":"publish","type":"post","link":"https:\/\/eufortrisomy21.eu\/pl\/focus-on-the-21st-of-march-2021-lets-celebrate-world-down-syndrome-day-in-europe\/","title":{"rendered":"Komunikat prasowy: Skoncentruj si\u0119 na 21 marca 2021 r. \u015awi\u0119tujmy \u015awiatowy Dzie\u0144 Zespo\u0142u Downa w Europie!"},"content":{"rendered":"<p><img loading=\"lazy\" decoding=\"async\" class=\"size-medium wp-image-20686 alignright\" src=\"https:\/\/eufortrisomy21.eu\/wp-content\/uploads\/2020\/11\/Logo_EUforTrisomy21-Couleur-300x213.png\" alt=\"\" width=\"300\" height=\"213\" srcset=\"https:\/\/eufortrisomy21.eu\/wp-content\/uploads\/2020\/11\/Logo_EUforTrisomy21-Couleur-300x213.png 300w, https:\/\/eufortrisomy21.eu\/wp-content\/uploads\/2020\/11\/Logo_EUforTrisomy21-Couleur-1024x727.png 1024w, https:\/\/eufortrisomy21.eu\/wp-content\/uploads\/2020\/11\/Logo_EUforTrisomy21-Couleur-768x545.png 768w, https:\/\/eufortrisomy21.eu\/wp-content\/uploads\/2020\/11\/Logo_EUforTrisomy21-Couleur.png 1429w\" sizes=\"(max-width: 300px) 100vw, 300px\" \/>Kolejna edycja \u015awiatowego Dnia Zespo\u0142u Downa (21<sup>\u015bw<\/sup> marca, zgodnie z decyzj\u0105 Narod\u00f3w Zjednoczonych), wymaga szczeg\u00f3lnego rozmachu, poniewa\u017c odbywa si\u0119 w 2021 r., a zesp\u00f3\u0142 Downa jest medycznie znany jako trisomia 21!<\/p>\n<p>Z tej perspektywy spo\u0142eczno\u015b\u0107 rodzic\u00f3w dzieci z zespo\u0142em Downa z ca\u0142ej Europy po\u0142\u0105czy\u0142a si\u0119 pod szyldem EUfortrisomy21. Dzi\u0119ki grupie rodzic\u00f3w, kt\u00f3rzy rozpocz\u0119li przygotowania, 16 kraj\u00f3w jest ju\u017c reprezentowanych pod znakiem EUfortrisomy21, nadaj\u0105cym europejski wymiar obchodom \u015awiatowego Dnia Zespo\u0142u Downa.<\/p>\n<p>Co ich \u0142\u0105czy: determinacja, by rok 2021 by\u0142 rokiem po\u015bwi\u0119conym osobom z zespo\u0142em Downa; rok, aby ich uhonorowa\u0107, aby zapewni\u0107 im nale\u017cne im miejsce w spo\u0142ecze\u0144stwie europejskim.<\/p>\n<p>Na 21<sup>\u015bw<\/sup> marca trzy projekty zostan\u0105 zaproponowane w celu uczczenia tej daty na szczeblu europejskim. Specyfika tych projekt\u00f3w zostanie przekazana w lutym: projekt do rado\u015bci, projekt do refleksji i projekt do dzia\u0142ania.<\/p>\n<p><strong>Kontakt: press@eufortrisomy21.eu <\/strong><\/p>\n<p><u>EUfortrisomy21<\/u> to spo\u0142eczno\u015b\u0107 rodzic\u00f3w dzieci z zespo\u0142em Downa, zjednoczona w obronie praw os\u00f3b z zespo\u0142em Downa w 4 priorytetowych obszarach: widoczno\u015b\u0107, niedyskryminacja, zdrowie, autonomia.<\/p>","protected":false},"excerpt":{"rendered":"<p>The next edition of World Down Syndrome Day (21st of March as decided by United Nation) calls for a special&hellip;<\/p>","protected":false},"author":2,"featured_media":0,"comment_status":"closed","ping_status":"closed","sticky":false,"template":"","format":"standard","meta":{"_acf_changed":false,"footnotes":""},"categories":[45],"tags":[],"class_list":["post-30925","post","type-post","status-publish","format-standard","hentry","category-21-march-21"],"acf":[],"_links":{"self":[{"href":"https:\/\/eufortrisomy21.eu\/pl\/wp-json\/wp\/v2\/posts\/30925"}],"collection":[{"href":"https:\/\/eufortrisomy21.eu\/pl\/wp-json\/wp\/v2\/posts"}],"about":[{"href":"https:\/\/eufortrisomy21.eu\/pl\/wp-json\/wp\/v2\/types\/post"}],"author":[{"embeddable":true,"href":"https:\/\/eufortrisomy21.eu\/pl\/wp-json\/wp\/v2\/users\/2"}],"replies":[{"embeddable":true,"href":"https:\/\/eufortrisomy21.eu\/pl\/wp-json\/wp\/v2\/comments?post=30925"}],"version-history":[{"count":0,"href":"https:\/\/eufortrisomy21.eu\/pl\/wp-json\/wp\/v2\/posts\/30925\/revisions"}],"wp:attachment":[{"href":"https:\/\/eufortrisomy21.eu\/pl\/wp-json\/wp\/v2\/media?parent=30925"}],"wp:term":[{"taxonomy":"category","embeddable":true,"href":"https:\/\/eufortrisomy21.eu\/pl\/wp-json\/wp\/v2\/categories?post=30925"},{"taxonomy":"post_tag","embeddable":true,"href":"https:\/\/eufortrisomy21.eu\/pl\/wp-json\/wp\/v2\/tags?post=30925"}],"curies":[{"name":"wp","href":"https:\/\/api.w.org\/{rel}","templated":true}]}}