{"id":31446,"date":"2021-03-09T10:19:38","date_gmt":"2021-03-09T09:19:38","guid":{"rendered":"https:\/\/eufortrisomy21.eu\/?p=31446"},"modified":"2021-03-09T10:20:49","modified_gmt":"2021-03-09T09:20:49","slug":"press-release-one-dancing-challenge-to-join-in-the-celebration","status":"publish","type":"post","link":"https:\/\/eufortrisomy21.eu\/pl\/press-release-one-dancing-challenge-to-join-in-the-celebration\/","title":{"rendered":"Informacja prasowa: Jedno taneczne wyzwanie do przy\u0142\u0105czenia si\u0119 do uroczysto\u015bci!"},"content":{"rendered":"<p style=\"text-align: right;\"><img loading=\"lazy\" decoding=\"async\" class=\"size-medium wp-image-14470 alignleft\" src=\"https:\/\/eufortrisomy21.eu\/wp-content\/uploads\/2020\/02\/Banniere7-300x120.jpg\" alt=\"\" width=\"300\" height=\"120\" srcset=\"https:\/\/eufortrisomy21.eu\/wp-content\/uploads\/2020\/02\/Banniere7-300x120.jpg 300w, https:\/\/eufortrisomy21.eu\/wp-content\/uploads\/2020\/02\/Banniere7-1024x410.jpg 1024w, https:\/\/eufortrisomy21.eu\/wp-content\/uploads\/2020\/02\/Banniere7-768x307.jpg 768w, https:\/\/eufortrisomy21.eu\/wp-content\/uploads\/2020\/02\/Banniere7-1536x614.jpg 1536w, https:\/\/eufortrisomy21.eu\/wp-content\/uploads\/2020\/02\/Banniere7.jpg 2000w\" sizes=\"(max-width: 300px) 100vw, 300px\" \/>Informacja prasowa<\/p>\n<p style=\"text-align: right;\">Bruksela<\/p>\n<p style=\"text-align: right;\">3 marca 2021 r<\/p>\n<p>&nbsp;<\/p>\n<h2 style=\"text-align: center;\"><span style=\"color: #99ccff;\"><strong>\u015awi\u0119tujmy razem 21 marca <\/strong><\/span><\/h2>\n<h2 style=\"text-align: center;\"><strong><span style=\"color: #ffcc00;\">1<\/span> Taniec <span style=\"color: #ffcc00;\">wyzwanie <\/span><\/strong>do\u0142\u0105czy\u0107 do \u015bwi\u0119towania!<\/h2>\n<p>Nast\u0119pny <em>Mi\u0119dzynarodowy Dzie\u0144 Trisomii 21<\/em> odb\u0119dzie si\u0119 w niedziel\u0119 21 marca 20<span style=\"color: #99ccff;\"><strong>21<\/strong><\/span>. Aby uczci\u0107 t\u0119 symboliczn\u0105 dat\u0119 dla os\u00f3b z zespo\u0142em Downa (zwan\u0105 r\u00f3wnie\u017c trisomi\u0105) <span style=\"color: #99ccff;\"><strong>21<\/strong><\/span>), <em>EUforTrisomy21<\/em> proponuje trzy projekty. Skoncentruj si\u0119 na wyzwaniu tanecznym, aby wystawi\u0107 na \u015bwiat\u0142o dzienne osoby z zespo\u0142em Downa: choreografia do ta\u0144ca, aby si\u0119 radowa\u0107, \u015bwi\u0119towa\u0107 razem z osobami z zespo\u0142em Downa.<\/p>\n<h4><span style=\"color: #ffcc00;\"><strong>1. Choreografia<\/strong><\/span><\/h4>\n<p>Wyobrazi\u0142 sobie to choreograf, kt\u00f3ry pracowa\u0142 w specjalnym o\u015brodku dla os\u00f3b z zespo\u0142em Downa. Muzyka jest fragmentem ostatniego singla francuskiej artystki Kimberose: \u00ab\u00a0<em>Z powrotem na nogi \u00bb.<\/em><\/p>\n<h4><span style=\"color: #99ccff;\"><strong>2. Wyzwanie \u00abTaniec 21 marca - Mi\u0119dzynarodowy Dzie\u0144 Trisomii 21\u00bb<\/strong><\/span><\/h4>\n<p>Zosta\u0142 uruchomiony w mediach spo\u0142eczno\u015bciowych w dniu <strong><span style=\"color: #99ccff;\">3 marca 2021 r<\/span><\/strong>.<\/p>\n<p>Adresowany jest do obywateli kraj\u00f3w europejskich; do udzia\u0142u w wyzwaniu zapraszamy wszystkich:<\/p>\n<ul>\n<li>Aby wyrazi\u0107 rado\u015b\u0107 i uhonorowa\u0107 naszych bliskich z zespo\u0142em Downa;<\/li>\n<li>Poznanie os\u00f3b z zespo\u0142em Downa w naszej spo\u0142eczno\u015bci;<\/li>\n<li>Wyra\u017cenie zbiorowej wdzi\u0119czno\u015bci za szczeg\u00f3ln\u0105 pozycj\u0119 os\u00f3b z zespo\u0142em Downa w naszym spo\u0142ecze\u0144stwie, na kt\u00f3r\u0105 nale\u017cy zwr\u00f3ci\u0107 uwag\u0119: jest to podstawowa cz\u0119\u015b\u0107 naszego spo\u0142ecze\u0144stwa.<\/li>\n<\/ul>\n<p>Konkretnie :<\/p>\n<ul>\n<li>Ka\u017cdy uczy si\u0119 choreografii, rejestruje si\u0119, umieszcza w mediach spo\u0142eczno\u015bciowych i rozpowszechnia posty<em> EUforTrisomy21<\/em>.<\/li>\n<li>U\u017cywaj\u0105c nast\u0119puj\u0105cych hashtag\u00f3w: <span style=\"color: #99ccff;\"><strong>#EUfortrisomy21<\/strong><strong> #challenge #downsyndrome<\/strong><\/span><\/li>\n<\/ul>\n<h4><strong><span style=\"color: #ffcc00;\">3. Ubi\u00f3r (je\u015bli to mo\u017cliwe)<\/span><\/strong><\/h4>\n<p>G\u00f3ra: bia\u0142y \/ D\u00f3\u0142: niebieski \/ Niedopasowane skarpetki lub buty<\/p>\n<h4><strong><span style=\"color: #99ccff;\">4. EUfortrisomy21<\/span><\/strong><\/h4>\n<p>EUfortrisomy21 to spo\u0142eczno\u015b\u0107 rodzic\u00f3w os\u00f3b z zespo\u0142em Downa w ca\u0142ej Europie: <strong><span style=\"color: #99ccff;\">W gr\u0119 wchodzi 19 kraj\u00f3w<\/span><\/strong> reprezentuj\u0105cy <strong><span style=\"color: #99ccff;\">55 stowarzysze\u0144<\/span><\/strong> kto jest <strong><span style=\"color: #99ccff;\">wzmacniacz<\/span><\/strong> projektu EUforTrisomy21 na edycj\u0119 Mi\u0119dzynarodowego Dnia Trisomii 21 w 2021 r.<\/p>\n<p>&nbsp;<\/p>\n<p style=\"text-align: center;\">Kontakt: contact@eufortrisomy21.eu<\/p>\n<p style=\"text-align: right;\"><a href=\"https:\/\/eufortrisomy21.eu\/wp-content\/uploads\/2021\/03\/EN-EUfortrisomy21-dancing-video-03-03-21.pdf\" target=\"_blank\" rel=\"noopener\">Kliknij tutaj<\/a> aby pobra\u0107 informacj\u0119 prasow\u0105<\/p>","protected":false},"excerpt":{"rendered":"<p>The next International Day of Trisomy 21 will take place on Sunday 21st March 2021. In order to celebrate this&hellip;<\/p>","protected":false},"author":3,"featured_media":0,"comment_status":"closed","ping_status":"closed","sticky":false,"template":"","format":"standard","meta":{"_acf_changed":false,"footnotes":""},"categories":[45],"tags":[],"class_list":["post-31446","post","type-post","status-publish","format-standard","hentry","category-21-march-21"],"acf":[],"_links":{"self":[{"href":"https:\/\/eufortrisomy21.eu\/pl\/wp-json\/wp\/v2\/posts\/31446"}],"collection":[{"href":"https:\/\/eufortrisomy21.eu\/pl\/wp-json\/wp\/v2\/posts"}],"about":[{"href":"https:\/\/eufortrisomy21.eu\/pl\/wp-json\/wp\/v2\/types\/post"}],"author":[{"embeddable":true,"href":"https:\/\/eufortrisomy21.eu\/pl\/wp-json\/wp\/v2\/users\/3"}],"replies":[{"embeddable":true,"href":"https:\/\/eufortrisomy21.eu\/pl\/wp-json\/wp\/v2\/comments?post=31446"}],"version-history":[{"count":0,"href":"https:\/\/eufortrisomy21.eu\/pl\/wp-json\/wp\/v2\/posts\/31446\/revisions"}],"wp:attachment":[{"href":"https:\/\/eufortrisomy21.eu\/pl\/wp-json\/wp\/v2\/media?parent=31446"}],"wp:term":[{"taxonomy":"category","embeddable":true,"href":"https:\/\/eufortrisomy21.eu\/pl\/wp-json\/wp\/v2\/categories?post=31446"},{"taxonomy":"post_tag","embeddable":true,"href":"https:\/\/eufortrisomy21.eu\/pl\/wp-json\/wp\/v2\/tags?post=31446"}],"curies":[{"name":"wp","href":"https:\/\/api.w.org\/{rel}","templated":true}]}}