{"id":32350,"date":"2021-06-24T17:12:45","date_gmt":"2021-06-24T15:12:45","guid":{"rendered":"https:\/\/eufortrisomy21.eu\/?p=32350"},"modified":"2022-07-22T10:28:28","modified_gmt":"2022-07-22T08:28:28","slug":"online-conference-improving-the-visibility-of-people-with-down-syndrome-an-emergency-for-europe","status":"publish","type":"post","link":"https:\/\/eufortrisomy21.eu\/pl\/online-conference-improving-the-visibility-of-people-with-down-syndrome-an-emergency-for-europe\/","title":{"rendered":"Konferencja internetowa \u2013 8 lipca 2021 \u2013 Poprawa widoczno\u015bci os\u00f3b z zespo\u0142em Downa"},"content":{"rendered":"<p style=\"text-align: right;\"><img loading=\"lazy\" decoding=\"async\" class=\"size-medium wp-image-14470 alignleft\" src=\"https:\/\/eufortrisomy21.eu\/wp-content\/uploads\/2020\/02\/Banniere7-300x120.jpg\" alt=\"\" width=\"300\" height=\"120\" srcset=\"https:\/\/eufortrisomy21.eu\/wp-content\/uploads\/2020\/02\/Banniere7-300x120.jpg 300w, https:\/\/eufortrisomy21.eu\/wp-content\/uploads\/2020\/02\/Banniere7-1024x410.jpg 1024w, https:\/\/eufortrisomy21.eu\/wp-content\/uploads\/2020\/02\/Banniere7-768x307.jpg 768w, https:\/\/eufortrisomy21.eu\/wp-content\/uploads\/2020\/02\/Banniere7-1536x614.jpg 1536w, https:\/\/eufortrisomy21.eu\/wp-content\/uploads\/2020\/02\/Banniere7.jpg 2000w\" sizes=\"(max-width: 300px) 100vw, 300px\" \/><\/p>\n<p>&nbsp;<\/p>\n<p>&nbsp;<\/p>\n<p>&nbsp;<\/p>\n<p>&nbsp;<\/p>\n<h2 style=\"text-align: center;\">Poprawa widoczno\u015bci os\u00f3b z zespo\u0142em Downa: sytuacja nadzwyczajna dla Europy. Czemu? Jak?<\/h2>\n<p>Poprawa widoczno\u015bci os\u00f3b z zespo\u0142em Downa w Europie powinna by\u0107 g\u0142\u00f3wn\u0105 debat\u0105 w <a href=\"https:\/\/futureu.europa.eu\/\" target=\"_blank\" rel=\"noopener\">konsultacje obywatelskie dla przysz\u0142o\u015bci Europy<\/a>.<\/p>\n<p><strong><a href=\"https:\/\/docs.google.com\/forms\/d\/e\/1FAIpQLSfcweCVPOG7YO_JwvF9NAbhpVdDDrUbxl59EM7JJ17kPaB95Q\/viewform\" target=\"_blank\" rel=\"noopener\">Rejestracja tutaj<\/a> <\/strong>do udzia\u0142u w internetowej konferencji EUfortrisomy21 na temat <strong>8 lipca o 18:00 (czasu brukselskiego)<\/strong> oraz uczestniczy\u0107 w debatach internetowych w ramach konsultacji obywatelskich na temat \u201ePrzysz\u0142o\u015bci Europy\u201d, aby poprawi\u0107 widoczno\u015b\u0107 os\u00f3b z zespo\u0142em Downa.<\/p>\n<p><strong>J\u0119zyki :<\/strong> angielski, hiszpa\u0144ski, francuski, niemiecki, niemiecki \u0142atwy j\u0119zyk, czeski i w\u0142oski<\/p>\n<p>&nbsp;<\/p>\n<h2><u>Program:<\/u><\/h2>\n<p><strong>Wst\u0119p : <\/strong>Pan Brando Benifei (Cz\u0142onek Parlamentu Europejskiego \u2013 W\u0142ochy )<\/p>\n<p><strong>Cz\u0119\u015b\u0107 1: Kontrowersyjne przypadki dyskryminacji w Europie\u00a0<\/strong><\/p>\n<ul>\n<li>Droga Przysz\u0142a Mamo \u2013 Riccardo Bianchi \u2013 Coordown (IT)<\/li>\n<li>Droga Przysz\u0142a Mamo (cenzura i sprawa przed ETPCz) \u2013 Lucie Pacherie \u2013 Fondation J\u00e9r\u00f4me Lejeune (FR)<\/li>\n<li>Sprawa Arcadi Spada (SP) i Richarda Dawkinsa \u2013 Raquel del Barrio (rodzic referencyjny UE dla Trisomii 21 w Hiszpanii)<\/li>\n<\/ul>\n<p><strong>Cz\u0119\u015b\u0107 2: Dlaczego ta mowa o dyskryminacji wci\u0105\u017c istnieje w Europie?<\/strong><\/p>\n<ul>\n<li>Filozof: Danielle Moyse (FR)<\/li>\n<li>Tina Sander (za\u0142o\u017cycielka stowarzyszenia): Kampania #NoNIPT w Niemczech (GE)<\/li>\n<li>Self-adwokat: Natalie Dedreux \u2013 blogerka i dziennikarka (GE)<\/li>\n<\/ul>\n<p><strong>Cz\u0119\u015b\u0107 3: Jak dzia\u0142a\u0107 na rzecz promowania godno\u015bci i sprzyjania widoczno\u015bci os\u00f3b z trisomi\u0105 21?<\/strong><\/p>\n<ul>\n<li>Self-adwokat: Caterina Moretti (SP)<\/li>\n<li>Nagranie pani Dubravki Suica, przewodnicz\u0105cej Komisji Europejskiej podczas konferencji na rzecz przysz\u0142o\u015bci Europy<\/li>\n<\/ul>\n<p><strong>Pytania i odpowiedzi<\/strong><\/p>\n<p><strong>Wniosek : <\/strong>Pani Radka Maxova (Pos\u0142anka do Parlamentu Europejskiego \u2013 Czechy)<\/p>\n<p id=\"tw-target-text\" class=\"tw-data-text tw-text-large XcVN5d tw-ta\" data-placeholder=\"Traduction\">Dost\u0119pne s\u0105 powt\u00f3rki z naszej konferencji online <a href=\"https:\/\/www.youtube.com\/channel\/UCFbORaGOrc9HBNBSK7DG-nQ?app=desktop&amp;pli=1\" target=\"_blank\" rel=\"noopener\">na naszym kanale YouTube<\/a>.<\/p>\n<p style=\"text-align: center;\"><span class=\"fontstyle0\">EUfortrisomy21 <\/span><span class=\"fontstyle2\">to spo\u0142eczno\u015b\u0107 rodzic\u00f3w dzieci z zespo\u0142em Downa,<br \/>\nzjednoczeni w obronie praw os\u00f3b z zespo\u0142em Downa w 4 obszarach priorytetowych:<br \/>\nwidoczno\u015b\u0107, niedyskryminacja, zdrowie, autonomia<\/span><\/p>\n<p style=\"text-align: center;\"><strong>Kontakt<\/strong> : contact@eufortrisomy21.eu<\/p>\n<p style=\"text-align: right;\">","protected":false},"excerpt":{"rendered":"<p>Improving the visibility of people with Down syndrome in Europe should be a major debate in the citizen\u2019s consultation for&hellip;<\/p>","protected":false},"author":3,"featured_media":0,"comment_status":"closed","ping_status":"closed","sticky":false,"template":"","format":"standard","meta":{"_acf_changed":false,"footnotes":""},"categories":[45],"tags":[],"class_list":["post-32350","post","type-post","status-publish","format-standard","hentry","category-21-march-21"],"acf":[],"_links":{"self":[{"href":"https:\/\/eufortrisomy21.eu\/pl\/wp-json\/wp\/v2\/posts\/32350"}],"collection":[{"href":"https:\/\/eufortrisomy21.eu\/pl\/wp-json\/wp\/v2\/posts"}],"about":[{"href":"https:\/\/eufortrisomy21.eu\/pl\/wp-json\/wp\/v2\/types\/post"}],"author":[{"embeddable":true,"href":"https:\/\/eufortrisomy21.eu\/pl\/wp-json\/wp\/v2\/users\/3"}],"replies":[{"embeddable":true,"href":"https:\/\/eufortrisomy21.eu\/pl\/wp-json\/wp\/v2\/comments?post=32350"}],"version-history":[{"count":0,"href":"https:\/\/eufortrisomy21.eu\/pl\/wp-json\/wp\/v2\/posts\/32350\/revisions"}],"wp:attachment":[{"href":"https:\/\/eufortrisomy21.eu\/pl\/wp-json\/wp\/v2\/media?parent=32350"}],"wp:term":[{"taxonomy":"category","embeddable":true,"href":"https:\/\/eufortrisomy21.eu\/pl\/wp-json\/wp\/v2\/categories?post=32350"},{"taxonomy":"post_tag","embeddable":true,"href":"https:\/\/eufortrisomy21.eu\/pl\/wp-json\/wp\/v2\/tags?post=32350"}],"curies":[{"name":"wp","href":"https:\/\/api.w.org\/{rel}","templated":true}]}}