{"id":32385,"date":"2021-07-12T15:00:46","date_gmt":"2021-07-12T13:00:46","guid":{"rendered":"https:\/\/eufortrisomy21.eu\/?p=32385"},"modified":"2021-07-13T14:43:26","modified_gmt":"2021-07-13T12:43:26","slug":"eu-for-trisomy-21-takes-part-in-the-citizen-consultation-for-the-future-of-europe","status":"publish","type":"post","link":"https:\/\/eufortrisomy21.eu\/pl\/eu-for-trisomy-21-takes-part-in-the-citizen-consultation-for-the-future-of-europe\/","title":{"rendered":"EU for Trisomy 21 bierze udzia\u0142 w konsultacjach obywatelskich na temat przysz\u0142o\u015bci Europy"},"content":{"rendered":"<p style=\"text-align: right;\"><img loading=\"lazy\" decoding=\"async\" class=\"aligncenter wp-image-32386 size-large\" src=\"https:\/\/eufortrisomy21.eu\/wp-content\/uploads\/2021\/07\/create-an-account-and-participate-in-the-COFUE-1024x522.jpeg\" alt=\"\" width=\"1024\" height=\"522\" srcset=\"https:\/\/eufortrisomy21.eu\/wp-content\/uploads\/2021\/07\/create-an-account-and-participate-in-the-COFUE-1024x522.jpeg 1024w, https:\/\/eufortrisomy21.eu\/wp-content\/uploads\/2021\/07\/create-an-account-and-participate-in-the-COFUE-300x153.jpeg 300w, https:\/\/eufortrisomy21.eu\/wp-content\/uploads\/2021\/07\/create-an-account-and-participate-in-the-COFUE-768x392.jpeg 768w, https:\/\/eufortrisomy21.eu\/wp-content\/uploads\/2021\/07\/create-an-account-and-participate-in-the-COFUE-1536x783.jpeg 1536w, https:\/\/eufortrisomy21.eu\/wp-content\/uploads\/2021\/07\/create-an-account-and-participate-in-the-COFUE-16x8.jpeg 16w, https:\/\/eufortrisomy21.eu\/wp-content\/uploads\/2021\/07\/create-an-account-and-participate-in-the-COFUE.jpeg 1600w\" sizes=\"(max-width: 1024px) 100vw, 1024px\" \/><\/p>\n<p>&nbsp;<\/p>\n<h2 style=\"text-align: center;\">Poprawa widoczno\u015bci os\u00f3b z zespo\u0142em Downa w Europie<\/h2>\n<p>Pod\u0105\u017caj\u0105c za naszym <a href=\"https:\/\/eufortrisomy21.eu\/pl\/online-conference-improving-the-visibility-of-people-with-down-syndrome-an-emergency-for-europe\/\" target=\"_blank\" rel=\"noopener\">konferencja internetowa 8 lipca 2021 r.<\/a> w sprawie poprawy widoczno\u015bci os\u00f3b z zespo\u0142em Downa, <em>UE dla trisomii 21<\/em> jest ch\u0119tny do wzi\u0119cia udzia\u0142u w internetowych debatach <a href=\"https:\/\/futureu.europa.eu\/\" target=\"_blank\" rel=\"noopener\">konsultacje obywatelskie na temat \u201ePrzysz\u0142o\u015bci Europy\u201d (COFUE )<\/a> na ten istotny temat.<\/p>\n<p>Dost\u0119pne s\u0105 powt\u00f3rki z naszej konferencji online <a href=\"https:\/\/www.youtube.com\/channel\/UCFbORaGOrc9HBNBSK7DG-nQ?app=desktop&amp;pli=1\" target=\"_blank\" rel=\"noopener\">na naszym kanale YouTube<\/a>.<\/p>\n<p>Ka\u017cdy obywatel jest zaproszony do <strong><a href=\"https:\/\/ecas.ec.europa.eu\/cas\/login?loginRequestId=ECAS_LR-2693389-GzNdnJ3Wy1IzedbURaMr8R19ucNOzlSHnydL7gzJBjizzjEf9cd1hdHXH4bk53zoajHzptmu9NxJKo4pzzrSGzTu2-yntOf97TTHqKzeMCLkj3P5-PBeTXip3FnJiThu1LQR0IbPodSkGSqs5PIMHbTiRxdYqcFsrzGA9QYocQRD5fWCNM877rBwqbyRMzzVAvu7PyDm\">Utw\u00f3rz konto<\/a><\/strong> na stronie COFUE oraz opublikowa\u0107 komentarz do wydarzenia naszej konferencji internetowej <strong><a href=\"https:\/\/futureu.europa.eu\/processes\/ValuesRights\/f\/11\/meetings\/19405\">tutaj<\/a><\/strong>.<\/p>\n<p>Je\u015bli jeste\u015b zainteresowany udzia\u0142em w tych europejskich konsultacjach obywatelskich, zapraszamy do: <a href=\"https:\/\/docs.google.com\/forms\/d\/e\/1FAIpQLSd7voDpFs39q6UCbSVMIW_ifFfvU9SigQydcUe2mLEz7D_wQQ\/viewform\" target=\"_blank\" rel=\"noopener\">zarejestruj si\u0119 na tym formularzu<\/a>, aby\u015bmy mogli komunikowa\u0107 si\u0119 z Tob\u0105, gdy debata si\u0119 rozwinie.<\/p>\n<p>&nbsp;<\/p>\n<pre id=\"tw-target-text\" class=\"tw-data-text tw-text-large XcVN5d tw-ta\" data-placeholder=\"Traduction\"><\/pre>\n<p style=\"text-align: center;\"><span class=\"fontstyle0\">EUfortrisomy21 <\/span><span class=\"fontstyle2\">to spo\u0142eczno\u015b\u0107 rodzic\u00f3w dzieci z zespo\u0142em Downa,<br \/>\nzjednoczeni w obronie praw os\u00f3b z zespo\u0142em Downa w 4 obszarach priorytetowych:<br \/>\nwidoczno\u015b\u0107, niedyskryminacja, zdrowie, autonomia<\/span><\/p>\n<p style=\"text-align: center;\"><strong>Kontakt<\/strong> : contact@eufortrisomy21.eu<\/p>\n<p style=\"text-align: right;\">","protected":false},"excerpt":{"rendered":"<p>Following the online conference on the 8th of July 2021 on improving the visibility of people with Down syndrome, EU&hellip;<\/p>","protected":false},"author":3,"featured_media":0,"comment_status":"closed","ping_status":"closed","sticky":false,"template":"","format":"standard","meta":{"_acf_changed":false,"footnotes":""},"categories":[45],"tags":[],"class_list":["post-32385","post","type-post","status-publish","format-standard","hentry","category-21-march-21"],"acf":[],"_links":{"self":[{"href":"https:\/\/eufortrisomy21.eu\/pl\/wp-json\/wp\/v2\/posts\/32385"}],"collection":[{"href":"https:\/\/eufortrisomy21.eu\/pl\/wp-json\/wp\/v2\/posts"}],"about":[{"href":"https:\/\/eufortrisomy21.eu\/pl\/wp-json\/wp\/v2\/types\/post"}],"author":[{"embeddable":true,"href":"https:\/\/eufortrisomy21.eu\/pl\/wp-json\/wp\/v2\/users\/3"}],"replies":[{"embeddable":true,"href":"https:\/\/eufortrisomy21.eu\/pl\/wp-json\/wp\/v2\/comments?post=32385"}],"version-history":[{"count":0,"href":"https:\/\/eufortrisomy21.eu\/pl\/wp-json\/wp\/v2\/posts\/32385\/revisions"}],"wp:attachment":[{"href":"https:\/\/eufortrisomy21.eu\/pl\/wp-json\/wp\/v2\/media?parent=32385"}],"wp:term":[{"taxonomy":"category","embeddable":true,"href":"https:\/\/eufortrisomy21.eu\/pl\/wp-json\/wp\/v2\/categories?post=32385"},{"taxonomy":"post_tag","embeddable":true,"href":"https:\/\/eufortrisomy21.eu\/pl\/wp-json\/wp\/v2\/tags?post=32385"}],"curies":[{"name":"wp","href":"https:\/\/api.w.org\/{rel}","templated":true}]}}