{"id":33345,"date":"2022-12-07T18:00:43","date_gmt":"2022-12-07T17:00:43","guid":{"rendered":"https:\/\/eufortrisomy21.eu\/?p=33345"},"modified":"2024-02-20T17:22:44","modified_gmt":"2024-02-20T16:22:44","slug":"the-future-is-ours-time-for-more-autonomy","status":"publish","type":"post","link":"https:\/\/eufortrisomy21.eu\/pl\/the-future-is-ours-time-for-more-autonomy\/","title":{"rendered":"Przysz\u0142o\u015b\u0107 nale\u017cy do nas \u2014 czas na wi\u0119ksz\u0105 autonomi\u0119"},"content":{"rendered":"<p>Link do YouTube&#039;a: <a href=\"https:\/\/www.youtube.com\/watch?v=j2QFE6f5QPY\">madziarski (w\u0119gierski)<\/a>, <a href=\"https:\/\/www.youtube.com\/watch?v=y754i2Gk5jk\">Roman (rumu\u0144ski)<\/a>, <a href=\"https:\/\/www.youtube.com\/watch?v=imPvo3tS7l8\">francuski (francuski)<\/a>, <a href=\"https:\/\/www.youtube.com\/watch?v=ZjAbSg9kFG0\">niemiecki (niemiecki)<\/a>, <a href=\"https:\/\/www.youtube.com\/watch?v=-KLPE1gQVC4\">Polski (Polski)<\/a>, <a href=\"https:\/\/www.youtube.com\/watch?v=MgHYTZBAlyE\">\u03b5\u03bb\u03bb\u03b7\u03bd\u03b9\u03ba\u03ac (grecki)<\/a><\/p>\n<p>Mo\u017cesz zapozna\u0107 si\u0119 z naszym oficjalnym raportem <a href=\"https:\/\/drive.google.com\/file\/d\/1yMfOOM1MKX2PptIr70ZjFIDLy8B5rYdU\/view?usp=sharing\">tutaj<\/a>.<\/p>\n<p>w dniu 7<sup>th<\/sup> grudnia 2022 r. EU for Trisomy 21 by\u0142o gospodarzem pierwszego wydarzenia naszego sponsorowanego przez UE projektu The Future is Ours pod tytu\u0142em \u201eCzas na wi\u0119cej AUTONOMII\u201d.<\/p>\n<p><span style=\"font-weight: 400;\">We wrze\u015bniu 2022 r. sie\u0107 EU for Trisomy 21 otrzyma\u0142a wsparcie finansowe w ramach unijnego programu grantowego CERV, uruchamiaj\u0105c projekt The Future is Ours. Ten projekt obejmuje 3 wydarzenia online, a tak\u017ce inne spotkanie osobiste, kt\u00f3re odb\u0119dzie si\u0119 w maju 2023 r. w Brukseli. Ka\u017cde wydarzenie b\u0119dzie koncentrowa\u0107 si\u0119 na jednym z czterech cel\u00f3w sieci EU for Trisomy 21:<\/span><\/p>\n<p><span style=\"font-weight: 400;\">\u2013 Autonomia, Co oznacza dla os\u00f3b z zespo\u0142em Downa niezale\u017cno\u015b\u0107 i podejmowanie decyzji\u00a0<\/span><\/p>\n<p><span style=\"font-weight: 400;\">\u2013 Widoczno\u015b\u0107, Co to znaczy, \u017ce ludzie z zespo\u0142em Downa s\u0105 widziani i s\u0142yszani\u00a0<\/span><\/p>\n<p><span style=\"font-weight: 400;\">\u2013 Zdrowie, Znaczenie dobrych lekarzy i wsparcia zdrowotnego\u00a0<\/span><\/p>\n<p><span style=\"font-weight: 400;\">\u2013 R\u00f3wne traktowanie, co to znaczy, \u017ce ludzie z zespo\u0142em Downa s\u0105 szanowani<\/span><\/p>\n<p>Pierwsze wydarzenie tego projektu \u201eCzas na wi\u0119cej AUTONOMII\u201d odby\u0142o si\u0119 online w ramach sieciowych obchod\u00f3w Mi\u0119dzynarodowego Dnia Praw Os\u00f3b Niepe\u0142nosprawnych 3<sup>r &amp; D<\/sup> grudzie\u0144 2022 r.<\/p>\n<p>W \u201eCzasie na wi\u0119cej AUTONOMII\u201d wyst\u0105pi\u0142o 5 prelegent\u00f3w Self-adwokat\u00f3w z 5 r\u00f3\u017cnych kraj\u00f3w, kt\u00f3rzy m\u00f3wili o znaczeniu autonomicznego \u017cycia. Zosta\u0142 on przet\u0142umaczony na 9 j\u0119zyk\u00f3w (angielski, w\u0119gierski, rumu\u0144ski, francuski, niemiecki, polski, grecki i hiszpa\u0144ski) i zgromadzi\u0142 ponad 400 uczestnik\u00f3w z 22 kraj\u00f3w (16 kraj\u00f3w UE).<\/p>\n<p><span style=\"font-weight: 400;\"><span style=\"font-weight: 400;\">Pierwszym prelegentem na imprezie by\u0142<strong> Soufiane El Amrani<\/strong>, jaki\u015b<\/span><\/span> ekspert ds. \u0142atwego czytania i rzecznictwa pracuj\u0105cy w organizacji Inclusion Europe od 2008 roku. W ramach tej pracy przeprowadzi\u0142 wiele szkole\u0144 w zakresie udost\u0119pniania informacji oraz konsultowania si\u0119 z osobami z niepe\u0142nosprawno\u015bci\u0105 intelektualn\u0105 przy podejmowaniu decyzji ich dotycz\u0105cych. Jest tak\u017ce cz\u0142onkiem Europejskiej Platformy Self-adwokat\u00f3w oraz zespo\u0142u Empower Us. Od listopada 2020 Soufiane jest przedstawicielem self-adwokat\u00f3w na Europ\u0119 w Council of Inclusion International.<\/p>\n<p>Podczas wydarzenia \u201eCzas na wi\u0119cej AUTONOMII\u201d m\u00f3wi\u0142 o autonomii os\u00f3b z niepe\u0142nosprawno\u015bciami w ramach UE, zwracaj\u0105c uwag\u0119 na nadchodz\u0105c\u0105 zmian\u0119 ordynacji wyborczej, kt\u00f3ra umo\u017cliwi osobom z niepe\u0142nosprawno\u015bci\u0105 intelektualn\u0105, w tym osobom z zespo\u0142em Downa, g\u0142osowanie w zbli\u017caj\u0105cej si\u0119 Parlamencie Europejskim wybor\u00f3w w 2024 r. Podni\u00f3s\u0142 \u015bwiadomo\u015b\u0107, \u017ce zmiana ordynacji wyborczej jest dobrym krokiem, ale UE musi poprawi\u0107 swoj\u0105 komunikacj\u0119, aby by\u0142a naprawd\u0119 dost\u0119pna dla tej nowej puli wyborc\u00f3w.<\/p>\n<p>W panelu \u201eMoje autonomiczne \u017cycie\u201d wzi\u0119\u0142o udzia\u0142 czterech prelegent\u00f3w Self-Advocate z ca\u0142ej Europy:<\/p>\n<ul>\n<li>\n<p class=\"_04xlpA direction-ltr align-start para-style-body\"><span class=\"JsGRdQ\"><strong>Fanny Neumayer<\/strong>, 27 lat i mieszka w Wiedniu, <strong>Austria<\/strong>. <\/span><span class=\"JsGRdQ\">Pani Neumayer pracuje w centrali Evangelische Gymnasium (szko\u0142a \u015brednia) w 11. dzielnicy Wiednia. <\/span><span class=\"JsGRdQ\">Opowiedzia\u0142a o swoich do\u015bwiadczeniach z g\u0142osowania w Austrii.<\/span><\/p>\n<\/li>\n<li>\n<p class=\"_04xlpA direction-ltr align-start para-style-body\"><span class=\"JsGRdQ\"><strong>Fiona Lambart<\/strong>, 24 lata i mieszka w Darmstadt ko\u0142o Frankfurtu, <strong>Niemcy<\/strong>. <\/span><span class=\"JsGRdQ\">Pani Lambart pracuje jako specjalistka od sprz\u0105tania.<\/span><span class=\"JsGRdQ\">\u00a0Opowiedzia\u0142a o swojej pracy i o tym, jak pracuje nad samodzielnym \u017cyciem.<\/span><\/p>\n<\/li>\n<li>\n<p class=\"_04xlpA direction-ltr align-start para-style-body\"><span class=\"JsGRdQ\"><strong>Frantzeska-Christina Douka<\/strong>, 37-latek mieszkaj\u0105cy w Salonikach, <strong>Grecja<\/strong>. Pani Douka jest beneficjentk\u0105 Stowarzyszenia Os\u00f3b z Zespo\u0142em Downa w Grecji, mieszka sama w mieszkaniu wspieranym. <\/span><span class=\"JsGRdQ\">Uwielbia ta\u0144czy\u0107 i jest atlet\u0105 w gimnastyce rytmicznej. Wielokrotnie startowa\u0142a w Organizacji Olimpiad Specjalnych, zdobywa\u0142a medale, podr\u00f3\u017cowa\u0142a po wielu krajach Europy i poza ni\u0105.<\/span><\/p>\n<\/li>\n<li>\n<p class=\"_04xlpA direction-ltr align-start para-style-body\"><span class=\"JsGRdQ\"><strong>Jean Phillipe Barone<\/strong>, 44-latek mieszkaj\u0105cy w Marsylii, <strong>Francja<\/strong>. Mieszka w swoim mieszkaniu na osiedlu i pracuje w zaadaptowanej restauracji. Dobrze czuje si\u0119 w narz\u0119dziach komunikacyjnych i regularnie reprezentuje stowarzyszenie #Tcap21 we wszystkich mediach. Obecnie trenuje, aby do\u0142\u0105czy\u0107 do naszej otwieraj\u0105cej si\u0119 kawiarni #Train Inc., a nast\u0119pnie osi\u0105gn\u0105\u0107 ca\u0142kowit\u0105 autonomi\u0119.<\/span><\/p>\n<\/li>\n<\/ul>\n<p>Po panelu uczestnicy mogli zadawa\u0107 pytania naszym prelegentom. Broszura z cytatami z ich przem\u00f3wie\u0144 oraz power point Soufiane <span style=\"font-weight: 400;\">El Amrani zosta\u0142o udost\u0119pnione wszystkim uczestnikom. Mo\u017cna to pobra\u0107 w j\u0119zyku angielskim <a href=\"https:\/\/drive.google.com\/file\/d\/1SVsLWWYytRREpmbalTXhit8NbVKCsVkB\/view?usp=share_link\">tutaj<\/a>.<\/span><\/p>\n<p>Podczas organizacji tego wydarzenia, a tak\u017ce dyskusji w trakcie i po samym wydarzeniu, EU for Trisomia 21 opracowuje list\u0119 zalece\u0144, kt\u00f3re UE powinna wzi\u0105\u0107 pod uwag\u0119, pracuj\u0105c nad tym, aby wybory do Parlamentu Europejskiego w 2024 r. by\u0142y naprawd\u0119 dost\u0119pne dla os\u00f3b z zespo\u0142em Downa Syndrom we wszystkich krajach UE. Niniejszy dokument zostanie przekazany Komisji i Parlamentowi Europejskiemu w \u015awiatowy Dzie\u0144 Zespo\u0142u Downa 21 marca 2023 r.<\/p>\n<p><strong>Nasze nast\u0119pne wydarzenie: Czas na wi\u0119ksz\u0105 widoczno\u015b\u0107 odb\u0119dzie si\u0119 16 marca o godzinie 18:00.\u00a0<\/strong><\/p>","protected":false},"excerpt":{"rendered":"<p>YouTube Link: Magyar (Hungarian), Rom\u00e2n (Romanian), Fran\u00e7ais (French), Deutsch (German), Polski (Polski), \u03b5\u03bb\u03bb\u03b7\u03bd\u03b9\u03ba\u03ac (Greek) You can take a look at&hellip;<\/p>","protected":false},"author":3,"featured_media":0,"comment_status":"closed","ping_status":"closed","sticky":false,"template":"","format":"standard","meta":{"_acf_changed":false,"footnotes":""},"categories":[45],"tags":[],"class_list":["post-33345","post","type-post","status-publish","format-standard","hentry","category-21-march-21"],"acf":[],"_links":{"self":[{"href":"https:\/\/eufortrisomy21.eu\/pl\/wp-json\/wp\/v2\/posts\/33345"}],"collection":[{"href":"https:\/\/eufortrisomy21.eu\/pl\/wp-json\/wp\/v2\/posts"}],"about":[{"href":"https:\/\/eufortrisomy21.eu\/pl\/wp-json\/wp\/v2\/types\/post"}],"author":[{"embeddable":true,"href":"https:\/\/eufortrisomy21.eu\/pl\/wp-json\/wp\/v2\/users\/3"}],"replies":[{"embeddable":true,"href":"https:\/\/eufortrisomy21.eu\/pl\/wp-json\/wp\/v2\/comments?post=33345"}],"version-history":[{"count":3,"href":"https:\/\/eufortrisomy21.eu\/pl\/wp-json\/wp\/v2\/posts\/33345\/revisions"}],"predecessor-version":[{"id":33626,"href":"https:\/\/eufortrisomy21.eu\/pl\/wp-json\/wp\/v2\/posts\/33345\/revisions\/33626"}],"wp:attachment":[{"href":"https:\/\/eufortrisomy21.eu\/pl\/wp-json\/wp\/v2\/media?parent=33345"}],"wp:term":[{"taxonomy":"category","embeddable":true,"href":"https:\/\/eufortrisomy21.eu\/pl\/wp-json\/wp\/v2\/categories?post=33345"},{"taxonomy":"post_tag","embeddable":true,"href":"https:\/\/eufortrisomy21.eu\/pl\/wp-json\/wp\/v2\/tags?post=33345"}],"curies":[{"name":"wp","href":"https:\/\/api.w.org\/{rel}","templated":true}]}}