{"id":33570,"date":"2023-06-05T15:06:48","date_gmt":"2023-06-05T13:06:48","guid":{"rendered":"https:\/\/eufortrisomy21.eu\/?p=33570"},"modified":"2024-02-20T17:22:09","modified_gmt":"2024-02-20T16:22:09","slug":"time-for-more-health","status":"publish","type":"post","link":"https:\/\/eufortrisomy21.eu\/pl\/time-for-more-health\/","title":{"rendered":"Czas na wi\u0119cej zdrowia"},"content":{"rendered":"<p><strong>Przysz\u0142o\u015b\u0107 jest nasza: ogromny sukces w Brukseli <\/strong><\/p>\n<p><strong>Bruksela, 1 maja<\/strong><strong>2<\/strong><strong>, 2023<\/strong><\/p>\n<p>Mo\u017cna znale\u017a\u0107 oficjalny raport <a href=\"https:\/\/drive.google.com\/file\/d\/1GWGiY_j5SqgJcWtJ3wEvT8RlmPlHY2Gg\/view?usp=sharing\">tutaj<\/a>.<\/p>\n<p><img loading=\"lazy\" decoding=\"async\" class=\"wp-image-33571 alignleft\" src=\"https:\/\/eufortrisomy21.eu\/wp-content\/uploads\/2023\/06\/IMG_2495-scaled.jpeg\" alt=\"\" width=\"460\" height=\"345\" srcset=\"https:\/\/eufortrisomy21.eu\/wp-content\/uploads\/2023\/06\/IMG_2495-scaled.jpeg 2560w, https:\/\/eufortrisomy21.eu\/wp-content\/uploads\/2023\/06\/IMG_2495-300x225.jpeg 300w, https:\/\/eufortrisomy21.eu\/wp-content\/uploads\/2023\/06\/IMG_2495-1024x768.jpeg 1024w, https:\/\/eufortrisomy21.eu\/wp-content\/uploads\/2023\/06\/IMG_2495-768x576.jpeg 768w, https:\/\/eufortrisomy21.eu\/wp-content\/uploads\/2023\/06\/IMG_2495-1536x1152.jpeg 1536w, https:\/\/eufortrisomy21.eu\/wp-content\/uploads\/2023\/06\/IMG_2495-2048x1536.jpeg 2048w, https:\/\/eufortrisomy21.eu\/wp-content\/uploads\/2023\/06\/IMG_2495-16x12.jpeg 16w\" sizes=\"(max-width: 460px) 100vw, 460px\" \/>Projekt Future is Ours odni\u00f3s\u0142 ogromny sukces dzi\u0119ki niedawnemu wydarzeniu organizowanemu osobi\u015bcie #TeFutureIsOURs, kt\u00f3re odby\u0142o si\u0119 w Brukseli w dniach 1\u20133 maja. Wydarzenie to stanowi\u0142o wa\u017cny kamie\u0144 milowy w dzia\u0142aniach na rzecz os\u00f3b z zespo\u0142em Downa, w kt\u00f3rych wzi\u0119\u0142o udzia\u0142 72 osoby z 11 kraj\u00f3w UE, w tym 28 os\u00f3b z zespo\u0142em Downa.<\/p>\n<p>Wydarzenie rozpocz\u0119\u0142o si\u0119 1 maja wspania\u0142\u0105 kolacj\u0105, podczas kt\u00f3rej uczestnicy z r\u00f3\u017cnych kraj\u00f3w zebrali si\u0119 i podzielili si\u0119 swoimi do\u015bwiadczeniami. 2 maja eurodeputowany Lukas Mandl powita\u0142 uczestnik\u00f3w w budynku ZWEIG i wyrazi\u0142 swoje poparcie dla cel\u00f3w wydarzenia, podkre\u015blaj\u0105c znaczenie propagowania praw os\u00f3b z zespo\u0142em Downa.<\/p>\n<p>Warsztaty, kt\u00f3re obejmowa\u0142y szereg temat\u00f3w zwi\u0105zanych z autonomi\u0105 widoczno\u015bci, r\u00f3wnym traktowaniem i dobrostanem os\u00f3b z zespo\u0142em Downa, mia\u0142y charakter informacyjny i praktyczny, dostarczaj\u0105c uczestnikom cennej wiedzy i narz\u0119dzi do poprawy ich zdrowia i samopoczucia. Po po\u0142udniu dyskusja panelowa \u201eCzas na wi\u0119cej zdrowia\u201d z udzia\u0142em pos\u0142anki do Parlamentu Europejskiego Rosy Estar\u00e0s Ferragut, pos\u0142a do Parlamentu Europejskiego Helmuta Geukinga, profesor Mary Dierssen Sotos, doktor Pilar Garcia Fern\u00e1ndez, samoadwokata Jeana Phillipe Barone i ekspertki Mareike Fuisz poruszy\u0142a wa\u017cne kwestie zwi\u0105zane ze zdrowiem i dobrostan os\u00f3b z zespo\u0142em Downa.<\/p>\n<p><img loading=\"lazy\" decoding=\"async\" class=\"alignright wp-image-33572\" src=\"https:\/\/eufortrisomy21.eu\/wp-content\/uploads\/2023\/06\/IMG_2575-scaled.jpeg\" alt=\"\" width=\"298\" height=\"397\" srcset=\"https:\/\/eufortrisomy21.eu\/wp-content\/uploads\/2023\/06\/IMG_2575-scaled.jpeg 1920w, https:\/\/eufortrisomy21.eu\/wp-content\/uploads\/2023\/06\/IMG_2575-225x300.jpeg 225w, https:\/\/eufortrisomy21.eu\/wp-content\/uploads\/2023\/06\/IMG_2575-768x1024.jpeg 768w, https:\/\/eufortrisomy21.eu\/wp-content\/uploads\/2023\/06\/IMG_2575-1152x1536.jpeg 1152w, https:\/\/eufortrisomy21.eu\/wp-content\/uploads\/2023\/06\/IMG_2575-1536x2048.jpeg 1536w, https:\/\/eufortrisomy21.eu\/wp-content\/uploads\/2023\/06\/IMG_2575-9x12.jpeg 9w\" sizes=\"(max-width: 298px) 100vw, 298px\" \/><\/p>\n<p>Jednym z najbardziej wp\u0142ywowych element\u00f3w wydarzenia by\u0142a cz\u0119\u015b\u0107 \u201ePoznaj swojego pos\u0142a do Parlamentu Europejskiego\u201d, kt\u00f3ra zapewni\u0142a uczestnikom mo\u017cliwo\u015b\u0107 spotkania si\u0119 z przedstawicielami swojego kraju w Parlamencie Europejskim i obrony swoich praw jako rzecznik\u00f3w os\u00f3b z zespo\u0142em Downa. Przewodnicz\u0105ca Roberta Metsola by\u0142a jednym z wielu pos\u0142\u00f3w do Parlamentu Europejskiego, kt\u00f3rzy zaszczycili t\u0119 okazj\u0119, serdecznie witaj\u0105c wszystkich.<\/p>\n<p>Zwie\u0144czeniem wydarzenia by\u0142o wspania\u0142e przyj\u0119cie zorganizowane przez pos\u0142ank\u0119 do Parlamentu Europejskiego Margarit\u0119 De la Pisa, kt\u00f3re zapewni\u0142o uczestnikom, prelegentom i organizatorom szans\u0119 na odpoczynek, taniec i delektowanie si\u0119 hiszpa\u0144skimi przysmakami.<\/p>\n<p>EU For Trisomy 21 jest dumna z sukcesu tego wydarzenia, gromadz\u0105cego zr\u00f3\u017cnicowan\u0105 grup\u0119 self-adwokat\u00f3w z zespo\u0142em Downa z r\u00f3\u017cnych kraj\u00f3w i \u015brodowisk. Jeste\u015bmy wdzi\u0119czni naszym prelegentom, uczestnikom i organizacjom partnerskim za ich ogromne wsparcie w walce o prawa os\u00f3b z zespo\u0142em Downa. Dzi\u0119kujemy r\u00f3wnie\u017c pos\u0142om do Parlamentu Europejskiego za ich \u0142askaw\u0105 obecno\u015b\u0107 na tym wydarzeniu. Czekaj na wi\u0119cej zdj\u0119\u0107, film\u00f3w i przysz\u0142ych wiadomo\u015bci na temat wspierania zespo\u0142u Downa i samoreprezentacji na naszej stronie internetowej i w kana\u0142ach medi\u00f3w spo\u0142eczno\u015bciowych.<\/p>","protected":false},"excerpt":{"rendered":"<p>The Future Is Ours: A Resounding Success in Brussels Brussels, May 12, 2023 You can find the official report here.&hellip;<\/p>","protected":false},"author":3,"featured_media":0,"comment_status":"closed","ping_status":"closed","sticky":false,"template":"","format":"standard","meta":{"_acf_changed":false,"footnotes":""},"categories":[45],"tags":[],"class_list":["post-33570","post","type-post","status-publish","format-standard","hentry","category-21-march-21"],"acf":[],"_links":{"self":[{"href":"https:\/\/eufortrisomy21.eu\/pl\/wp-json\/wp\/v2\/posts\/33570"}],"collection":[{"href":"https:\/\/eufortrisomy21.eu\/pl\/wp-json\/wp\/v2\/posts"}],"about":[{"href":"https:\/\/eufortrisomy21.eu\/pl\/wp-json\/wp\/v2\/types\/post"}],"author":[{"embeddable":true,"href":"https:\/\/eufortrisomy21.eu\/pl\/wp-json\/wp\/v2\/users\/3"}],"replies":[{"embeddable":true,"href":"https:\/\/eufortrisomy21.eu\/pl\/wp-json\/wp\/v2\/comments?post=33570"}],"version-history":[{"count":3,"href":"https:\/\/eufortrisomy21.eu\/pl\/wp-json\/wp\/v2\/posts\/33570\/revisions"}],"predecessor-version":[{"id":33630,"href":"https:\/\/eufortrisomy21.eu\/pl\/wp-json\/wp\/v2\/posts\/33570\/revisions\/33630"}],"wp:attachment":[{"href":"https:\/\/eufortrisomy21.eu\/pl\/wp-json\/wp\/v2\/media?parent=33570"}],"wp:term":[{"taxonomy":"category","embeddable":true,"href":"https:\/\/eufortrisomy21.eu\/pl\/wp-json\/wp\/v2\/categories?post=33570"},{"taxonomy":"post_tag","embeddable":true,"href":"https:\/\/eufortrisomy21.eu\/pl\/wp-json\/wp\/v2\/tags?post=33570"}],"curies":[{"name":"wp","href":"https:\/\/api.w.org\/{rel}","templated":true}]}}