{"id":33632,"date":"2023-07-07T14:20:00","date_gmt":"2023-07-07T12:20:00","guid":{"rendered":"https:\/\/eufortrisomy21.eu\/?p=33632"},"modified":"2024-02-20T17:21:50","modified_gmt":"2024-02-20T16:21:50","slug":"time-for-more-equal-treatment","status":"publish","type":"post","link":"https:\/\/eufortrisomy21.eu\/pl\/time-for-more-equal-treatment\/","title":{"rendered":"Czas na bardziej r\u00f3wne traktowanie"},"content":{"rendered":"<p><strong>Projekt \u201ePrzysz\u0142o\u015b\u0107 jest nasza\u201d: wzmacnianie zmian i w\u0142\u0105czenie<\/strong><\/p>\n<p>7 lipca 2023 r. \u2014 Sie\u0107 UE na rzecz Trisomii 21 z przyjemno\u015bci\u0105 og\u0142asza pomy\u015blne zako\u0144czenie czwartego wydarzenia w ramach trwaj\u0105cego projektu \u201ePrzysz\u0142o\u015b\u0107 jest nasza\u201d. Wydarzenie, kt\u00f3re odby\u0142o si\u0119 6 lipca, sponsorowane przez Uni\u0119 Europejsk\u0105 w ramach grantu CERV, okaza\u0142o si\u0119 ogromnym sukcesem w zakresie wspierania dialogu i wzmacniania pozycji os\u00f3b z niepe\u0142nosprawno\u015bci\u0105 intelektualn\u0105, ze szczeg\u00f3lnym naciskiem na r\u00f3wne traktowanie w miejscu pracy i tematy pokrewne. Mo\u017cna przeczyta\u0107 oficjalny raport <a href=\"https:\/\/drive.google.com\/file\/d\/1scn0DUrbaoWa7EqPKB69h1-JLZh1Gk--\/view?usp=sharing\">tutaj<\/a>.<\/p>\n<p>Wydarzenie zgromadzi\u0142o uczestnik\u00f3w z ca\u0142ej Europy, a do dyspozycji byli t\u0142umacze wielu j\u0119zyk\u00f3w, w tym w\u0142oskiego, angielskiego, rumu\u0144skiego i w\u0119gierskiego.<\/p>\n<p>\u201ePrzysz\u0142o\u015b\u0107 jest nasza\u201d to projekt, kt\u00f3ry powsta\u0142 w 2019 roku jako sie\u0107 lokalnych organizacji zaanga\u017cowanych w obchody \u015awiatowego Dnia Zespo\u0142u Downa. Z biegiem czasu przekszta\u0142ci\u0142a si\u0119 w platform\u0119 rzecznictwa i wzmacniania pozycji. W ramach projektu zorganizowano ju\u017c dwa wydarzenia internetowe i jedno spotkanie osobiste w Brukseli, podczas kt\u00f3rych 75 uczestnik\u00f3w z r\u00f3\u017cnych kraj\u00f3w UE i 28 os\u00f3b z zespo\u0142em Downa spotka\u0142o si\u0119 z parlamentarzystami, aby om\u00f3wi\u0107 kluczowe kwestie, w tym zdrowie.<\/p>\n<p>To ostatnie wydarzenie z serii porusza\u0142o kluczow\u0105 kwesti\u0119 r\u00f3wnego traktowania w miejscu pracy. W gronie znakomitych prelegent\u00f3w znale\u017ali si\u0119 pos\u0142anka do Parlamentu Europejskiego Chiara Gemma; Maria James, z\u0142ota medalistka w p\u0142ywaniu i or\u0119downiczka z Malty; Yasmin Ismail, m\u0142odsza psycholog z Rumunii; oraz K\u00e1roly Kisari, za\u0142o\u017cyciel W\u0119gierskiego Stowarzyszenia Ukrytych Skarb\u00f3w i Fundacji Mentor\u00e1ll\u00e1s.<\/p>\n<p>Chiara Gemma, kt\u00f3ra zasiada w Komisji Zatrudnienia i Spraw Socjalnych oraz w Intergrupie ds. Os\u00f3b Niepe\u0142nosprawnych w Parlamencie Europejskim, zwr\u00f3ci\u0142a si\u0119 do publiczno\u015bci za po\u015brednictwem nagranego wcze\u015bniej wideo ze wzgl\u0119du na to, \u017ce w ostatniej chwili podj\u0119\u0142a zobowi\u0105zania zwi\u0105zane z podr\u00f3\u017c\u0105. Podkre\u015bli\u0142a znaczenie autoprezentacji i potrzeb\u0119 wzmacniania g\u0142os\u00f3w os\u00f3b z niepe\u0142nosprawno\u015bci\u0105 intelektualn\u0105 na arenie politycznej.<\/p>\n<p>Maria James, zapalona zwolenniczka i z\u0142ota medalistka w p\u0142ywaniu, podzieli\u0142a si\u0119 swoj\u0105 inspiruj\u0105c\u0105 podr\u00f3\u017c\u0105 i om\u00f3wi\u0142a swoj\u0105 prac\u0119 na rzecz promowania r\u00f3wnego traktowania w miejscu pracy os\u00f3b z zespo\u0142em Downa. Yasmin Ismail, m\u0142odsza psycholog, podzieli\u0142a si\u0119 cennymi spostrze\u017ceniami na temat swojej kariery i wyzwa\u0144, kt\u00f3re pokona\u0142a, zach\u0119caj\u0105c innych do realizacji swoich marze\u0144. K\u00e1roly Kisari, pionier w tej dziedzinie, om\u00f3wi\u0142 misj\u0119 swoich organizacji na W\u0119grzech, koncentruj\u0105c si\u0119 na integracji os\u00f3b niepe\u0142nosprawnych ze spo\u0142ecze\u0144stwem i otwartym rynkiem pracy.<\/p>\n<p>Przez ca\u0142y czas trwania wydarzenia publiczno\u015b\u0107 mia\u0142a mo\u017cliwo\u015b\u0107 zadawania pyta\u0144 prelegentom, co sprzyja\u0142o interaktywnym dyskusjom i pog\u0142\u0119bia\u0142o zrozumienie.<\/p>\n<p>Sie\u0107 UE na rzecz Trisomii 21 zobowi\u0105za\u0142a si\u0119 do kontynuowania wysi\u0142k\u00f3w na rzecz wspierania i wzmacniania pozycji. Z\u0142o\u017cy\u0142a wniosek o udzia\u0142 w innym projekcie unijnym, kt\u00f3rego celem jest umo\u017cliwienie self-adwokatom skutecznej komunikacji z mediami, politykami i spo\u0142ecze\u0144stwem, promuj\u0105c widoczno\u015b\u0107 i autonomi\u0119.<\/p>\n<p>Sukces projektu \u201ePrzysz\u0142o\u015b\u0107 jest nasza\u201d z 6 lipca potwierdza zaanga\u017cowanie UE na rzecz sieci Trisomia 21 na rzecz stworzenia bardziej w\u0142\u0105czaj\u0105cego i sprawiedliwego spo\u0142ecze\u0144stwa dla os\u00f3b z niepe\u0142nosprawno\u015bci\u0105 intelektualn\u0105 w ca\u0142ej Europie.<\/p>","protected":false},"excerpt":{"rendered":"<p>&#8220;The Future is Ours&#8221; Project: Empowering Change and Inclusion 7.th July 2023\u2014 The EU for Trisomy 21 Network is delighted&hellip;<\/p>","protected":false},"author":3,"featured_media":0,"comment_status":"closed","ping_status":"closed","sticky":false,"template":"","format":"standard","meta":{"_acf_changed":false,"footnotes":""},"categories":[45],"tags":[],"class_list":["post-33632","post","type-post","status-publish","format-standard","hentry","category-21-march-21"],"acf":[],"_links":{"self":[{"href":"https:\/\/eufortrisomy21.eu\/pl\/wp-json\/wp\/v2\/posts\/33632"}],"collection":[{"href":"https:\/\/eufortrisomy21.eu\/pl\/wp-json\/wp\/v2\/posts"}],"about":[{"href":"https:\/\/eufortrisomy21.eu\/pl\/wp-json\/wp\/v2\/types\/post"}],"author":[{"embeddable":true,"href":"https:\/\/eufortrisomy21.eu\/pl\/wp-json\/wp\/v2\/users\/3"}],"replies":[{"embeddable":true,"href":"https:\/\/eufortrisomy21.eu\/pl\/wp-json\/wp\/v2\/comments?post=33632"}],"version-history":[{"count":3,"href":"https:\/\/eufortrisomy21.eu\/pl\/wp-json\/wp\/v2\/posts\/33632\/revisions"}],"predecessor-version":[{"id":33635,"href":"https:\/\/eufortrisomy21.eu\/pl\/wp-json\/wp\/v2\/posts\/33632\/revisions\/33635"}],"wp:attachment":[{"href":"https:\/\/eufortrisomy21.eu\/pl\/wp-json\/wp\/v2\/media?parent=33632"}],"wp:term":[{"taxonomy":"category","embeddable":true,"href":"https:\/\/eufortrisomy21.eu\/pl\/wp-json\/wp\/v2\/categories?post=33632"},{"taxonomy":"post_tag","embeddable":true,"href":"https:\/\/eufortrisomy21.eu\/pl\/wp-json\/wp\/v2\/tags?post=33632"}],"curies":[{"name":"wp","href":"https:\/\/api.w.org\/{rel}","templated":true}]}}