{"id":30925,"date":"2021-02-19T16:40:13","date_gmt":"2021-02-19T15:40:13","guid":{"rendered":"https:\/\/eufortrisomy21.eu\/?p=30925"},"modified":"2021-02-23T15:00:23","modified_gmt":"2021-02-23T14:00:23","slug":"focus-on-the-21st-of-march-2021-lets-celebrate-world-down-syndrome-day-in-europe","status":"publish","type":"post","link":"https:\/\/eufortrisomy21.eu\/pt\/focus-on-the-21st-of-march-2021-lets-celebrate-world-down-syndrome-day-in-europe\/","title":{"rendered":"Comunicado \u00e0 imprensa: Foco em 21 de mar\u00e7o de 2021. Vamos comemorar o Dia Mundial da S\u00edndrome de Down na Europa!"},"content":{"rendered":"<p><img loading=\"lazy\" decoding=\"async\" class=\"size-medium wp-image-20686 alignright\" src=\"https:\/\/eufortrisomy21.eu\/wp-content\/uploads\/2020\/11\/Logo_EUforTrisomy21-Couleur-300x213.png\" alt=\"\" width=\"300\" height=\"213\" srcset=\"https:\/\/eufortrisomy21.eu\/wp-content\/uploads\/2020\/11\/Logo_EUforTrisomy21-Couleur-300x213.png 300w, https:\/\/eufortrisomy21.eu\/wp-content\/uploads\/2020\/11\/Logo_EUforTrisomy21-Couleur-1024x727.png 1024w, https:\/\/eufortrisomy21.eu\/wp-content\/uploads\/2020\/11\/Logo_EUforTrisomy21-Couleur-768x545.png 768w, https:\/\/eufortrisomy21.eu\/wp-content\/uploads\/2020\/11\/Logo_EUforTrisomy21-Couleur.png 1429w\" sizes=\"(max-width: 300px) 100vw, 300px\" \/>A pr\u00f3xima edi\u00e7\u00e3o do Dia Mundial da S\u00edndrome de Down (21<sup>st<\/sup> de mar\u00e7o, conforme decidido pelas Na\u00e7\u00f5es Unidas) pede um impulso especial, uma vez que ocorre em 2021 e a S\u00edndrome de Down \u00e9 medicamente conhecida como trissomia do 21!<\/p>\n<p>Nessa perspectiva, uma comunidade de pais de crian\u00e7as com s\u00edndrome de Down, de toda a Europa, reuniu-se sob o r\u00f3tulo EUfortrisomy21. Gra\u00e7as a um grupo de pais que lan\u00e7ou os preparativos, 16 pa\u00edses j\u00e1 est\u00e3o representados na etiqueta EUfortrisomy21, dando uma dimens\u00e3o europeia \u00e0s comemora\u00e7\u00f5es do Dia Mundial da S\u00edndrome de Down.<\/p>\n<p>O que os une: a determina\u00e7\u00e3o de fazer de 2021 um ano dedicado \u00e0s pessoas com s\u00edndrome de Down; um ano para os homenagear, para lhes dar o lugar que lhes \u00e9 devido na sociedade europeia.<\/p>\n<p>Pelos 21<sup>st<\/sup> de mar\u00e7o, tr\u00eas projetos ser\u00e3o propostos para comemorar esta data a n\u00edvel europeu. As especificidades destes projetos ser\u00e3o comunicadas durante o m\u00eas de fevereiro: um projeto para alegrar, um projeto para refletir e um projeto para agir.<\/p>\n<p><strong>Contato: press@eufortrisomy21.eu <\/strong><\/p>\n<p><u>EUfortrissomia 21<\/u> \u00e9 uma comunidade de pais de crian\u00e7as com s\u00edndrome de Down, unidos para promover os direitos das pessoas com s\u00edndrome de Down em 4 \u00e1reas priorit\u00e1rias: visibilidade, n\u00e3o discrimina\u00e7\u00e3o, sa\u00fade, autonomia.<\/p>","protected":false},"excerpt":{"rendered":"<p>The next edition of World Down Syndrome Day (21st of March as decided by United Nation) calls for a special&hellip;<\/p>","protected":false},"author":2,"featured_media":0,"comment_status":"closed","ping_status":"closed","sticky":false,"template":"","format":"standard","meta":{"_acf_changed":false,"footnotes":""},"categories":[45],"tags":[],"class_list":["post-30925","post","type-post","status-publish","format-standard","hentry","category-21-march-21"],"acf":[],"_links":{"self":[{"href":"https:\/\/eufortrisomy21.eu\/pt\/wp-json\/wp\/v2\/posts\/30925"}],"collection":[{"href":"https:\/\/eufortrisomy21.eu\/pt\/wp-json\/wp\/v2\/posts"}],"about":[{"href":"https:\/\/eufortrisomy21.eu\/pt\/wp-json\/wp\/v2\/types\/post"}],"author":[{"embeddable":true,"href":"https:\/\/eufortrisomy21.eu\/pt\/wp-json\/wp\/v2\/users\/2"}],"replies":[{"embeddable":true,"href":"https:\/\/eufortrisomy21.eu\/pt\/wp-json\/wp\/v2\/comments?post=30925"}],"version-history":[{"count":0,"href":"https:\/\/eufortrisomy21.eu\/pt\/wp-json\/wp\/v2\/posts\/30925\/revisions"}],"wp:attachment":[{"href":"https:\/\/eufortrisomy21.eu\/pt\/wp-json\/wp\/v2\/media?parent=30925"}],"wp:term":[{"taxonomy":"category","embeddable":true,"href":"https:\/\/eufortrisomy21.eu\/pt\/wp-json\/wp\/v2\/categories?post=30925"},{"taxonomy":"post_tag","embeddable":true,"href":"https:\/\/eufortrisomy21.eu\/pt\/wp-json\/wp\/v2\/tags?post=30925"}],"curies":[{"name":"wp","href":"https:\/\/api.w.org\/{rel}","templated":true}]}}