{"id":31446,"date":"2021-03-09T10:19:38","date_gmt":"2021-03-09T09:19:38","guid":{"rendered":"https:\/\/eufortrisomy21.eu\/?p=31446"},"modified":"2021-03-09T10:20:49","modified_gmt":"2021-03-09T09:20:49","slug":"press-release-one-dancing-challenge-to-join-in-the-celebration","status":"publish","type":"post","link":"https:\/\/eufortrisomy21.eu\/pt\/press-release-one-dancing-challenge-to-join-in-the-celebration\/","title":{"rendered":"Comunicado de imprensa: Um desafio de dan\u00e7a para se juntar \u00e0 celebra\u00e7\u00e3o!"},"content":{"rendered":"<p style=\"text-align: right;\"><img loading=\"lazy\" decoding=\"async\" class=\"size-medium wp-image-14470 alignleft\" src=\"https:\/\/eufortrisomy21.eu\/wp-content\/uploads\/2020\/02\/Banniere7-300x120.jpg\" alt=\"\" width=\"300\" height=\"120\" srcset=\"https:\/\/eufortrisomy21.eu\/wp-content\/uploads\/2020\/02\/Banniere7-300x120.jpg 300w, https:\/\/eufortrisomy21.eu\/wp-content\/uploads\/2020\/02\/Banniere7-1024x410.jpg 1024w, https:\/\/eufortrisomy21.eu\/wp-content\/uploads\/2020\/02\/Banniere7-768x307.jpg 768w, https:\/\/eufortrisomy21.eu\/wp-content\/uploads\/2020\/02\/Banniere7-1536x614.jpg 1536w, https:\/\/eufortrisomy21.eu\/wp-content\/uploads\/2020\/02\/Banniere7.jpg 2000w\" sizes=\"(max-width: 300px) 100vw, 300px\" \/>Comunicado de imprensa<\/p>\n<p style=\"text-align: right;\">Bruxelas<\/p>\n<p style=\"text-align: right;\">3 de mar\u00e7o de 2021<\/p>\n<p>&nbsp;<\/p>\n<h2 style=\"text-align: center;\"><span style=\"color: #99ccff;\"><strong>Vamos comemorar juntos o 21 de mar\u00e7o <\/strong><\/span><\/h2>\n<h2 style=\"text-align: center;\"><strong><span style=\"color: #ffcc00;\">1<\/span> Dan\u00e7ando <span style=\"color: #ffcc00;\">desafio <\/span><\/strong>para participar da celebra\u00e7\u00e3o!<\/h2>\n<p>Nas pr\u00f3ximas <em>Dia Internacional da Trissomia 21<\/em> acontecer\u00e1 no domingo, 21 de mar\u00e7o, 20<span style=\"color: #99ccff;\"><strong>21<\/strong><\/span>. Para comemorar esta data t\u00e3o emblem\u00e1tica para as pessoas com S\u00edndrome de Down (tamb\u00e9m chamada de Trissomia <span style=\"color: #99ccff;\"><strong>21<\/strong><\/span>), <em>EU para Trissomia 21<\/em> prop\u00f5e tr\u00eas projetos. Enfoque no desafio da dan\u00e7a para colocar em destaque as pessoas com s\u00edndrome de Down: uma coreografia para dan\u00e7ar para se alegrar, para festejar junto com as pessoas com s\u00edndrome de Down.<\/p>\n<h4><span style=\"color: #ffcc00;\"><strong>1. A coreografia<\/strong><\/span><\/h4>\n<p>Foi imaginado por um core\u00f3grafo que trabalhava em um centro dedicado a pessoas com s\u00edndrome de Down. A m\u00fasica \u00e9 um trecho do \u00faltimo single da artista francesa Kimberose : \u00ab\u00a0<em>De volta aos meus p\u00e9s \u00bb.<\/em><\/p>\n<h4><span style=\"color: #99ccff;\"><strong>2. O desafio \u00ab Dan\u00e7a para o 21 de Mar\u00e7o \u2013 Dia Internacional da Trissomia 21 \u00bb<\/strong><\/span><\/h4>\n<p>Foi lan\u00e7ado nas redes sociais em <strong><span style=\"color: #99ccff;\">3 de mar\u00e7o de 2021<\/span><\/strong>.<\/p>\n<p>Destina-se a cidad\u00e3os de pa\u00edses europeus; todos est\u00e3o convidados a participar do desafio:<\/p>\n<ul>\n<li>Expressar a alegria e homenagear nossos entes queridos com s\u00edndrome de Down;<\/li>\n<li>Conhecer pessoas com s\u00edndrome de Down em nossa comunidade;<\/li>\n<li>Expressar uma gratid\u00e3o coletiva pela posi\u00e7\u00e3o especial das pessoas com s\u00edndrome de Down em nossa sociedade, que deve ser enfatizada: uma parte essencial de nossa sociedade.<\/li>\n<\/ul>\n<p>Concretamente :<\/p>\n<ul>\n<li>Todos aprendem a coreografia, se cadastram, postam nas redes sociais e divulgam as postagens de<em> EU para Trissomia 21<\/em>.<\/li>\n<li>Usando as seguintes hashtags: <span style=\"color: #99ccff;\"><strong>#EUparatrissomia21<\/strong><strong> #challenge #downsyndrome<\/strong><\/span><\/li>\n<\/ul>\n<h4><strong><span style=\"color: #ffcc00;\">3. C\u00f3digo de vestimenta (se poss\u00edvel)<\/span><\/strong><\/h4>\n<p>Cima: branco \/ Baixo: azul \/ Meias ou sapatos incompat\u00edveis<\/p>\n<h4><strong><span style=\"color: #99ccff;\">4. EUfortrissomia21<\/span><\/strong><\/h4>\n<p>EUfortrisomy21 \u00e9 uma comunidade de pais de pessoas com s\u00edndrome de Down em toda a Europa: <strong><span style=\"color: #99ccff;\">19 pa\u00edses est\u00e3o envolvidos<\/span><\/strong> representando <strong><span style=\"color: #99ccff;\">55 associa\u00e7\u00f5es<\/span><\/strong> quem \u00e9 <strong><span style=\"color: #99ccff;\">parceiros<\/span><\/strong> do projeto EUforTrissomy21 para a edi\u00e7\u00e3o de 2021 do Dia Internacional da Trissomia 21.<\/p>\n<p>&nbsp;<\/p>\n<p style=\"text-align: center;\">Contact : contact@eufortrisomy21.eu<\/p>\n<p style=\"text-align: right;\"><a href=\"https:\/\/eufortrisomy21.eu\/wp-content\/uploads\/2021\/03\/EN-EUfortrisomy21-dancing-video-03-03-21.pdf\" target=\"_blank\" rel=\"noopener\">Clique aqui<\/a> para baixar o comunicado de imprensa<\/p>","protected":false},"excerpt":{"rendered":"<p>The next International Day of Trisomy 21 will take place on Sunday 21st March 2021. In order to celebrate this&hellip;<\/p>","protected":false},"author":3,"featured_media":0,"comment_status":"closed","ping_status":"closed","sticky":false,"template":"","format":"standard","meta":{"_acf_changed":false,"footnotes":""},"categories":[45],"tags":[],"class_list":["post-31446","post","type-post","status-publish","format-standard","hentry","category-21-march-21"],"acf":[],"_links":{"self":[{"href":"https:\/\/eufortrisomy21.eu\/pt\/wp-json\/wp\/v2\/posts\/31446"}],"collection":[{"href":"https:\/\/eufortrisomy21.eu\/pt\/wp-json\/wp\/v2\/posts"}],"about":[{"href":"https:\/\/eufortrisomy21.eu\/pt\/wp-json\/wp\/v2\/types\/post"}],"author":[{"embeddable":true,"href":"https:\/\/eufortrisomy21.eu\/pt\/wp-json\/wp\/v2\/users\/3"}],"replies":[{"embeddable":true,"href":"https:\/\/eufortrisomy21.eu\/pt\/wp-json\/wp\/v2\/comments?post=31446"}],"version-history":[{"count":0,"href":"https:\/\/eufortrisomy21.eu\/pt\/wp-json\/wp\/v2\/posts\/31446\/revisions"}],"wp:attachment":[{"href":"https:\/\/eufortrisomy21.eu\/pt\/wp-json\/wp\/v2\/media?parent=31446"}],"wp:term":[{"taxonomy":"category","embeddable":true,"href":"https:\/\/eufortrisomy21.eu\/pt\/wp-json\/wp\/v2\/categories?post=31446"},{"taxonomy":"post_tag","embeddable":true,"href":"https:\/\/eufortrisomy21.eu\/pt\/wp-json\/wp\/v2\/tags?post=31446"}],"curies":[{"name":"wp","href":"https:\/\/api.w.org\/{rel}","templated":true}]}}