{"id":31969,"date":"2021-03-16T15:35:04","date_gmt":"2021-03-16T14:35:04","guid":{"rendered":"https:\/\/eufortrisomy21.eu\/?p=31969"},"modified":"2021-03-16T15:48:59","modified_gmt":"2021-03-16T14:48:59","slug":"trisomy-21-what-europe-can-do-program","status":"publish","type":"post","link":"https:\/\/eufortrisomy21.eu\/pt\/trisomy-21-what-europe-can-do-program\/","title":{"rendered":"Trissomia do 21: O que a Europa pode fazer? - Programa"},"content":{"rendered":"<h1>Trissomia do 21: O que a Europa pode fazer?<\/h1>\n<p>Visibilidade, inclus\u00e3o, autonomia: quest\u00f5es essenciais para pessoas com Trissomia do 21<\/p>\n<p>&nbsp;<\/p>\n<p><img loading=\"lazy\" decoding=\"async\" class=\"size-medium wp-image-31642 alignleft\" src=\"https:\/\/eufortrisomy21.eu\/wp-content\/uploads\/2021\/03\/Trisomy-21-What-can-Europe-do-253x300.jpg\" alt=\"\" width=\"253\" height=\"300\" srcset=\"https:\/\/eufortrisomy21.eu\/wp-content\/uploads\/2021\/03\/Trisomy-21-What-can-Europe-do-253x300.jpg 253w, https:\/\/eufortrisomy21.eu\/wp-content\/uploads\/2021\/03\/Trisomy-21-What-can-Europe-do-10x12.jpg 10w, https:\/\/eufortrisomy21.eu\/wp-content\/uploads\/2021\/03\/Trisomy-21-What-can-Europe-do.jpg 708w\" sizes=\"(max-width: 253px) 100vw, 253px\" \/>Data: quinta-feira, 18<sup>\u00ba<\/sup> de mar\u00e7o de 2021 - 14h00<\/p>\n<p>Local: confer\u00eancia online<\/p>\n<p>Registro em <a href=\"mailto:Contact@eufortrisomy21.eu\">Contact@eufortrisomy21.eu<\/a><\/p>\n<p>Idioma: Ingl\u00eas, espanhol, franc\u00eas, alem\u00e3o e alem\u00e3o f\u00e1cil de linguagem, romeno<\/p>\n<p>&nbsp;<\/p>\n<h2><\/h2>\n<h2><\/h2>\n<hr \/>\n<h2>Projeto de programa:<\/h2>\n<h3><u>Pais e auto-defensores:<\/u><\/h3>\n<p>14h Introdu\u00e7\u00e3o - Clotilde No\u00ebl (Fran\u00e7a, Tomb\u00e9e du Nid), Rodrigo Escobar (Espanha) e Sofia Carnevali (It\u00e1lia)<\/p>\n<p>14h10 - Sanna Karosas (Litu\u00e2nia, Saulytes)<\/p>\n<p>14h15 - Natalie Dedreux, autodefesa (Alemanha)<\/p>\n<p>14h20 - Mareike Fuisz (Alemanha)<\/p>\n<p>14h25 - Liana Maria Vislan (Rom\u00eania, Asociatia Langdon Down Oltenia)<\/p>\n<h3><u>Membros do Parlamento Europeu:<\/u><\/h3>\n<p>14h30 Fran\u00e7ois-Xavier Bellamy; Fran\u00e7a, Grupo do Partido Popular Europeu<\/p>\n<p>14h40 Katrin Langensiepen; Alemanha, Grupo dos Verdes<\/p>\n<p>14h50 Patryk Jaki; Pol\u00f4nia, Conservadores Europeus e Grupo Reformista<\/p>\n<p>15h Estrella Dur\u00e1 Ferrandis; Espanha, Grupo da Alian\u00e7a Progressista dos Socialistas e Democratas<\/p>\n<p>15h10 Radka Maxov\u00e1; Rep\u00fablica Tcheca, Grupo Renew Europe<\/p>\n<p>&nbsp;<\/p>\n<p>15h20 Perguntas e Respostas<\/p>\n<p>15h30 Fim da confer\u00eancia online<\/p>","protected":false},"excerpt":{"rendered":"<p>Trisomy 21\u00a0: What Europe can do? Visibility, inclusion, autonomy: essentials issues for people with Trisomy 21 &nbsp; Date: Thursday 18th&hellip;<\/p>","protected":false},"author":3,"featured_media":0,"comment_status":"closed","ping_status":"closed","sticky":false,"template":"","format":"standard","meta":{"_acf_changed":false,"footnotes":""},"categories":[45],"tags":[],"class_list":["post-31969","post","type-post","status-publish","format-standard","hentry","category-21-march-21"],"acf":[],"_links":{"self":[{"href":"https:\/\/eufortrisomy21.eu\/pt\/wp-json\/wp\/v2\/posts\/31969"}],"collection":[{"href":"https:\/\/eufortrisomy21.eu\/pt\/wp-json\/wp\/v2\/posts"}],"about":[{"href":"https:\/\/eufortrisomy21.eu\/pt\/wp-json\/wp\/v2\/types\/post"}],"author":[{"embeddable":true,"href":"https:\/\/eufortrisomy21.eu\/pt\/wp-json\/wp\/v2\/users\/3"}],"replies":[{"embeddable":true,"href":"https:\/\/eufortrisomy21.eu\/pt\/wp-json\/wp\/v2\/comments?post=31969"}],"version-history":[{"count":0,"href":"https:\/\/eufortrisomy21.eu\/pt\/wp-json\/wp\/v2\/posts\/31969\/revisions"}],"wp:attachment":[{"href":"https:\/\/eufortrisomy21.eu\/pt\/wp-json\/wp\/v2\/media?parent=31969"}],"wp:term":[{"taxonomy":"category","embeddable":true,"href":"https:\/\/eufortrisomy21.eu\/pt\/wp-json\/wp\/v2\/categories?post=31969"},{"taxonomy":"post_tag","embeddable":true,"href":"https:\/\/eufortrisomy21.eu\/pt\/wp-json\/wp\/v2\/tags?post=31969"}],"curies":[{"name":"wp","href":"https:\/\/api.w.org\/{rel}","templated":true}]}}