{"id":32206,"date":"2021-03-19T13:25:51","date_gmt":"2021-03-19T12:25:51","guid":{"rendered":"https:\/\/eufortrisomy21.eu\/?p=32206"},"modified":"2022-06-24T11:55:59","modified_gmt":"2022-06-24T09:55:59","slug":"press-release-on-march-21st-europe-is-honouring-persons-with-downs-syndrome","status":"publish","type":"post","link":"https:\/\/eufortrisomy21.eu\/pt\/press-release-on-march-21st-europe-is-honouring-persons-with-downs-syndrome\/","title":{"rendered":"Comunicado de imprensa: Em 21 de mar\u00e7o, a Europa homenageia pessoas com s\u00edndrome de Down"},"content":{"rendered":"<p style=\"text-align: right;\"><img loading=\"lazy\" decoding=\"async\" class=\"size-medium wp-image-14470 alignleft\" src=\"https:\/\/eufortrisomy21.eu\/wp-content\/uploads\/2020\/02\/Banniere7-300x120.jpg\" alt=\"\" width=\"300\" height=\"120\" srcset=\"https:\/\/eufortrisomy21.eu\/wp-content\/uploads\/2020\/02\/Banniere7-300x120.jpg 300w, https:\/\/eufortrisomy21.eu\/wp-content\/uploads\/2020\/02\/Banniere7-1024x410.jpg 1024w, https:\/\/eufortrisomy21.eu\/wp-content\/uploads\/2020\/02\/Banniere7-768x307.jpg 768w, https:\/\/eufortrisomy21.eu\/wp-content\/uploads\/2020\/02\/Banniere7-1536x614.jpg 1536w, https:\/\/eufortrisomy21.eu\/wp-content\/uploads\/2020\/02\/Banniere7.jpg 2000w\" sizes=\"(max-width: 300px) 100vw, 300px\" \/>Comunicado de imprensa<\/p>\n<p style=\"text-align: right;\">Bruxelas<\/p>\n<p style=\"text-align: right;\">19 de mar\u00e7o de 2021<\/p>\n<p>&nbsp;<\/p>\n<h2 style=\"text-align: center;\"><span style=\"color: #99ccff;\"><strong>Em 21 de mar\u00e7o, a Europa homenageia pessoas com s\u00edndrome de Down:\u00a0\u00a0<\/strong><strong>cidad\u00e3os <\/strong><\/span><strong>e <span style=\"color: #99ccff;\">l\u00edderes pol\u00edticos<\/span> s\u00e3o convidados para celebrar o <\/strong><span style=\"color: #99ccff;\"><strong>Dia Internacional da Trissomia 21<\/strong><\/span><span style=\"color: #99ccff;\">\u00a0<\/span><\/h2>\n<p style=\"text-align: center;\"><strong>Obrigada por <span style=\"color: #ffcc00;\">Sra. Von der Leyen<\/span> e para o <span style=\"color: #ffcc00;\">Membros do Parlamento Europeu (MEPs)<\/span><\/strong><\/p>\n<p style=\"text-align: center;\"><strong>que est\u00e3o envolvidos nesta campanha.<\/strong><\/p>\n<p style=\"text-align: left;\"><span style=\"color: #000000;\">\u00a0<\/span>Durante uma semana inteira, milhares de cidad\u00e3os e fam\u00edlias de toda a Europa espalham o desafio \u00ab\u00a0<em>Dan\u00e7ando para o dia 21 de mar\u00e7o\u00a0<\/em>\u00bb<\/p>\n<p style=\"text-align: center;\"><span style=\"color: #99ccff;\"><strong>Todos est\u00e3o convidados a aderir \u00e0 mobiliza\u00e7\u00e3o at\u00e9 o dia 21 de mar\u00e7o<\/strong><\/span><\/p>\n<p style=\"text-align: center;\">compartilhando a compila\u00e7\u00e3o de v\u00eddeo publicada na noite desta quarta-feira (17 de mar\u00e7o):<\/p>\n<p style=\"text-align: center;\"><span style=\"color: #99ccff;\"><strong>@ eufortrisomy21<br \/>\n#EUfortrisomy21 #challenge #downsyndrome<\/strong><\/span><\/p>\n<p>Para descobrir em <a href=\"https:\/\/eufortrisomy21.eu\/fr\/\">https:\/\/eufortrisomy21.eu\/fr\/<\/a><br \/>\nCompartilhar :<br \/>\n*Twitter *: <a href=\"https:\/\/twitter.com\/eufortrisomy21?s=21\">https:\/\/twitter.com\/eufortrisomy21?s=21<\/a><br \/>\n*Instagram* : <a href=\"https:\/\/instagram.com\/eufortrisomy21?igshid=1htqe2arifhnb\">https:\/\/instagram.com\/eufortrisomy21?igshid=1htqe2arifhnb<br \/>\n<\/a>*O Facebook * : <a href=\"https:\/\/www.facebook.com\/EUforTrisomy21\/\">https:\/\/www.facebook.com\/EUforTrisomy21\/<\/a><br \/>\n* TikTok *: <a href=\"https:\/\/vm.tiktok.com\/ZSJFpN5D8\/\">https:\/\/vm.tiktok.com\/ZSJFpN5D8\/<\/a><\/p>\n<p>Noutro projecto, os l\u00edderes pol\u00edticos europeus mostram-se dispostos a festejar esta data patrocinando um jovem com s\u00edndroma de Down. <span style=\"color: #ffcc00;\"><strong>1<\/strong><strong>23 eurodeputados <\/strong><\/span>responderam positivamente \u00e0 proposta de conhecer (muitas vezes virtualmente) um jovem com s\u00edndrome de Down e \/ ou seus pais do seu pa\u00eds, tornando-se ent\u00e3o um \u201capoiante da Trsissomia do 21\u201d. Em. <span style=\"color: #ffcc00;\"><strong>von der Leyen<\/strong><\/span>, presidente da Comiss\u00e3o Europeia, participa e apoia a iniciativa.<\/p>\n<p>&nbsp;<\/p>\n<p><img loading=\"lazy\" decoding=\"async\" class=\"aligncenter wp-image-32207 size-full\" src=\"https:\/\/eufortrisomy21.eu\/wp-content\/uploads\/2021\/03\/EN.png\" alt=\"\" width=\"1241\" height=\"1754\" srcset=\"https:\/\/eufortrisomy21.eu\/wp-content\/uploads\/2021\/03\/EN.png 1241w, https:\/\/eufortrisomy21.eu\/wp-content\/uploads\/2021\/03\/EN-212x300.png 212w, https:\/\/eufortrisomy21.eu\/wp-content\/uploads\/2021\/03\/EN-725x1024.png 725w, https:\/\/eufortrisomy21.eu\/wp-content\/uploads\/2021\/03\/EN-768x1085.png 768w, https:\/\/eufortrisomy21.eu\/wp-content\/uploads\/2021\/03\/EN-1087x1536.png 1087w, https:\/\/eufortrisomy21.eu\/wp-content\/uploads\/2021\/03\/EN-8x12.png 8w\" sizes=\"(max-width: 1241px) 100vw, 1241px\" \/><\/p>\n<p style=\"text-align: center;\"><span class=\"fontstyle0\">EUfortrissomia 21 <\/span><span class=\"fontstyle2\">\u00e9 uma comunidade de pais de crian\u00e7as com s\u00edndrome de Down,<br \/>\nUnidos para promover os direitos das pessoas com s\u00edndrome de Down em 4 \u00e1reas priorit\u00e1rias:<br \/>\nvisibilidade, n\u00e3o discrimina\u00e7\u00e3o, sa\u00fade, autonomia<\/span><\/p>\n<p style=\"text-align: center;\"><strong>Contato<\/strong> : contact@eufortrisomy21.eu<\/p>\n<p style=\"text-align: right;\"><a href=\"https:\/\/eufortrisomy21.eu\/wp-content\/uploads\/2021\/03\/2021-03-19-FINAL-PRESS-RELEASE.pdf\" target=\"_blank\" rel=\"noopener\">Clique aqui <\/a>para baixar o comunicado de imprensa<\/p>\n<p style=\"text-align: right;\"><a href=\"https:\/\/eufortrisomy21.eu\/wp-content\/uploads\/2021\/03\/Communique-de-presse_EN.pdf\" target=\"_blank\" rel=\"noopener\">Clique aqui <\/a>para baixar os algarismos significativos<\/p>","protected":false},"excerpt":{"rendered":"<p>\u00a0To celebrate the International Day of Trisomy 21, EUfortrisomy21 organizes a conference Thursday 18th March 2021 from 2 to 3:30&hellip;<\/p>","protected":false},"author":3,"featured_media":0,"comment_status":"closed","ping_status":"closed","sticky":false,"template":"","format":"standard","meta":{"_acf_changed":false,"footnotes":""},"categories":[45],"tags":[],"class_list":["post-32206","post","type-post","status-publish","format-standard","hentry","category-21-march-21"],"acf":[],"_links":{"self":[{"href":"https:\/\/eufortrisomy21.eu\/pt\/wp-json\/wp\/v2\/posts\/32206"}],"collection":[{"href":"https:\/\/eufortrisomy21.eu\/pt\/wp-json\/wp\/v2\/posts"}],"about":[{"href":"https:\/\/eufortrisomy21.eu\/pt\/wp-json\/wp\/v2\/types\/post"}],"author":[{"embeddable":true,"href":"https:\/\/eufortrisomy21.eu\/pt\/wp-json\/wp\/v2\/users\/3"}],"replies":[{"embeddable":true,"href":"https:\/\/eufortrisomy21.eu\/pt\/wp-json\/wp\/v2\/comments?post=32206"}],"version-history":[{"count":0,"href":"https:\/\/eufortrisomy21.eu\/pt\/wp-json\/wp\/v2\/posts\/32206\/revisions"}],"wp:attachment":[{"href":"https:\/\/eufortrisomy21.eu\/pt\/wp-json\/wp\/v2\/media?parent=32206"}],"wp:term":[{"taxonomy":"category","embeddable":true,"href":"https:\/\/eufortrisomy21.eu\/pt\/wp-json\/wp\/v2\/categories?post=32206"},{"taxonomy":"post_tag","embeddable":true,"href":"https:\/\/eufortrisomy21.eu\/pt\/wp-json\/wp\/v2\/tags?post=32206"}],"curies":[{"name":"wp","href":"https:\/\/api.w.org\/{rel}","templated":true}]}}