{"id":32350,"date":"2021-06-24T17:12:45","date_gmt":"2021-06-24T15:12:45","guid":{"rendered":"https:\/\/eufortrisomy21.eu\/?p=32350"},"modified":"2022-07-22T10:28:28","modified_gmt":"2022-07-22T08:28:28","slug":"online-conference-improving-the-visibility-of-people-with-down-syndrome-an-emergency-for-europe","status":"publish","type":"post","link":"https:\/\/eufortrisomy21.eu\/pt\/online-conference-improving-the-visibility-of-people-with-down-syndrome-an-emergency-for-europe\/","title":{"rendered":"Confer\u00eancia online - 8 de julho de 2021 - Melhorando a visibilidade das pessoas com s\u00edndrome de Down"},"content":{"rendered":"<p style=\"text-align: right;\"><img loading=\"lazy\" decoding=\"async\" class=\"size-medium wp-image-14470 alignleft\" src=\"https:\/\/eufortrisomy21.eu\/wp-content\/uploads\/2020\/02\/Banniere7-300x120.jpg\" alt=\"\" width=\"300\" height=\"120\" srcset=\"https:\/\/eufortrisomy21.eu\/wp-content\/uploads\/2020\/02\/Banniere7-300x120.jpg 300w, https:\/\/eufortrisomy21.eu\/wp-content\/uploads\/2020\/02\/Banniere7-1024x410.jpg 1024w, https:\/\/eufortrisomy21.eu\/wp-content\/uploads\/2020\/02\/Banniere7-768x307.jpg 768w, https:\/\/eufortrisomy21.eu\/wp-content\/uploads\/2020\/02\/Banniere7-1536x614.jpg 1536w, https:\/\/eufortrisomy21.eu\/wp-content\/uploads\/2020\/02\/Banniere7.jpg 2000w\" sizes=\"(max-width: 300px) 100vw, 300px\" \/><\/p>\n<p>&nbsp;<\/p>\n<p>&nbsp;<\/p>\n<p>&nbsp;<\/p>\n<p>&nbsp;<\/p>\n<h2 style=\"text-align: center;\">Melhorar a visibilidade das pessoas com s\u00edndrome de Down: uma emerg\u00eancia para a Europa. Por qu\u00ea? Como?<\/h2>\n<p>Melhorar a visibilidade das pessoas com s\u00edndrome de Down na Europa deve ser um grande debate no <a href=\"https:\/\/futureu.europa.eu\/\" target=\"_blank\" rel=\"noopener\">consulta dos cidad\u00e3os para o futuro da Europa<\/a>.<\/p>\n<p><strong><a href=\"https:\/\/docs.google.com\/forms\/d\/e\/1FAIpQLSfcweCVPOG7YO_JwvF9NAbhpVdDDrUbxl59EM7JJ17kPaB95Q\/viewform\" target=\"_blank\" rel=\"noopener\">Registre-se aqui<\/a> <\/strong>participar na confer\u00eancia online EUfortrissomy21 sobre o <strong>8 de julho \u00e0s 18h (hora de Bruxelas)<\/strong> e contribuir para os debates online da consulta cidad\u00e3 sobre o \u201cFuturo da Europa\u201d para melhorar a visibilidade das pessoas com s\u00edndrome de Down.<\/p>\n<p><strong>L\u00ednguas :<\/strong> Ingl\u00eas, espanhol, franc\u00eas, alem\u00e3o, alem\u00e3o de linguagem f\u00e1cil, tcheco e italiano<\/p>\n<p>&nbsp;<\/p>\n<h2><u>Programa:<\/u><\/h2>\n<p><strong>Introdu\u00e7\u00e3o : <\/strong>Sr. Brando Benifei (Membro do Parlamento Europeu \u2013 It\u00e1lia)<\/p>\n<p><strong>Parte 1: Casos controversos de discrimina\u00e7\u00e3o na Europa\u00a0<\/strong><\/p>\n<ul>\n<li>Querida futura mam\u00e3e \u2013 Riccardo Bianchi \u2013 Coordown (IT)<\/li>\n<li>Dear Future Mom (censura e o caso perante a CEDH) \u2013 Lucie Pacherie \u2013 Fondation J\u00e9r\u00f4me Lejeune (FR)<\/li>\n<li>Caso Arcadi Spada (SP) e caso Richard Dawkins \u2013 Raquel del Barrio (pai de refer\u00eancia da UE para Trissomia 21 na Espanha)<\/li>\n<\/ul>\n<p><strong>Parte 2: Por que esse discurso de discrimina\u00e7\u00e3o ainda existe na Europa?<\/strong><\/p>\n<ul>\n<li>Fil\u00f3sofo: Danielle Moyse (FR)<\/li>\n<li>Tina Sander (fundadora da associa\u00e7\u00e3o): campanha #NoNIPT na Alemanha (GE)<\/li>\n<li>Auto-representante : Natalie Dedreux \u2013 blogueira e jornalista (GE)<\/li>\n<\/ul>\n<p><strong>Parte 3 : Como agir para promover a dignidade e favorecer a visibilidade das Pessoas com trissomia 21?<\/strong><\/p>\n<ul>\n<li>Autodefensora: Caterina Moretti (SP)<\/li>\n<li>V\u00eddeo de Dubravka Suica, Membro da Comiss\u00e3o Europeia, presidente da confer\u00eancia para o Futuro da Europa<\/li>\n<\/ul>\n<p><strong>Perguntas e respostas<\/strong><\/p>\n<p><strong>Conclus\u00e3o: <\/strong>Sra. Radka Maxova (Deputada do Parlamento Europeu \u2013 Rep\u00fablica Checa)<\/p>\n<p id=\"tw-target-text\" class=\"tw-data-text tw-text-large XcVN5d tw-ta\" data-placeholder=\"Traduction\">Os v\u00eddeos de repeti\u00e7\u00e3o da nossa confer\u00eancia online est\u00e3o dispon\u00edveis <a href=\"https:\/\/www.youtube.com\/channel\/UCFbORaGOrc9HBNBSK7DG-nQ?app=desktop&amp;pli=1\" target=\"_blank\" rel=\"noopener\">no nosso canal no YouTube<\/a>.<\/p>\n<p style=\"text-align: center;\"><span class=\"fontstyle0\">EUfortrissomia 21 <\/span><span class=\"fontstyle2\">\u00e9 uma comunidade de pais de crian\u00e7as com s\u00edndrome de Down,<br \/>\nUnidos para promover os direitos das pessoas com s\u00edndrome de Down em 4 \u00e1reas priorit\u00e1rias:<br \/>\nvisibilidade, n\u00e3o discrimina\u00e7\u00e3o, sa\u00fade, autonomia<\/span><\/p>\n<p style=\"text-align: center;\"><strong>Contato<\/strong> : contact@eufortrisomy21.eu<\/p>\n<p style=\"text-align: right;\">","protected":false},"excerpt":{"rendered":"<p>Improving the visibility of people with Down syndrome in Europe should be a major debate in the citizen\u2019s consultation for&hellip;<\/p>","protected":false},"author":3,"featured_media":0,"comment_status":"closed","ping_status":"closed","sticky":false,"template":"","format":"standard","meta":{"_acf_changed":false,"footnotes":""},"categories":[45],"tags":[],"class_list":["post-32350","post","type-post","status-publish","format-standard","hentry","category-21-march-21"],"acf":[],"_links":{"self":[{"href":"https:\/\/eufortrisomy21.eu\/pt\/wp-json\/wp\/v2\/posts\/32350"}],"collection":[{"href":"https:\/\/eufortrisomy21.eu\/pt\/wp-json\/wp\/v2\/posts"}],"about":[{"href":"https:\/\/eufortrisomy21.eu\/pt\/wp-json\/wp\/v2\/types\/post"}],"author":[{"embeddable":true,"href":"https:\/\/eufortrisomy21.eu\/pt\/wp-json\/wp\/v2\/users\/3"}],"replies":[{"embeddable":true,"href":"https:\/\/eufortrisomy21.eu\/pt\/wp-json\/wp\/v2\/comments?post=32350"}],"version-history":[{"count":0,"href":"https:\/\/eufortrisomy21.eu\/pt\/wp-json\/wp\/v2\/posts\/32350\/revisions"}],"wp:attachment":[{"href":"https:\/\/eufortrisomy21.eu\/pt\/wp-json\/wp\/v2\/media?parent=32350"}],"wp:term":[{"taxonomy":"category","embeddable":true,"href":"https:\/\/eufortrisomy21.eu\/pt\/wp-json\/wp\/v2\/categories?post=32350"},{"taxonomy":"post_tag","embeddable":true,"href":"https:\/\/eufortrisomy21.eu\/pt\/wp-json\/wp\/v2\/tags?post=32350"}],"curies":[{"name":"wp","href":"https:\/\/api.w.org\/{rel}","templated":true}]}}