{"id":33030,"date":"2022-02-26T10:06:54","date_gmt":"2022-02-26T09:06:54","guid":{"rendered":"https:\/\/eufortrisomy21.eu\/?p=33030"},"modified":"2022-09-28T15:16:19","modified_gmt":"2022-09-28T13:16:19","slug":"eu-for-trisomy-21-statement-on-ukraine-conflict","status":"publish","type":"post","link":"https:\/\/eufortrisomy21.eu\/pt\/eu-for-trisomy-21-statement-on-ukraine-conflict\/","title":{"rendered":"Declara\u00e7\u00e3o da UE pela Trissomia 21 sobre o conflito na Ucr\u00e2nia"},"content":{"rendered":"<p><strong><img loading=\"lazy\" decoding=\"async\" class=\"wp-image-33031 alignleft\" src=\"https:\/\/eufortrisomy21.eu\/wp-content\/uploads\/2022\/03\/Untitled-design-5-300x169.png\" alt=\"\" width=\"303\" height=\"171\" srcset=\"https:\/\/eufortrisomy21.eu\/wp-content\/uploads\/2022\/03\/Untitled-design-5-300x169.png 300w, https:\/\/eufortrisomy21.eu\/wp-content\/uploads\/2022\/03\/Untitled-design-5-1024x577.png 1024w, https:\/\/eufortrisomy21.eu\/wp-content\/uploads\/2022\/03\/Untitled-design-5-768x433.png 768w, https:\/\/eufortrisomy21.eu\/wp-content\/uploads\/2022\/03\/Untitled-design-5-1536x865.png 1536w, https:\/\/eufortrisomy21.eu\/wp-content\/uploads\/2022\/03\/Untitled-design-5-18x10.png 18w, https:\/\/eufortrisomy21.eu\/wp-content\/uploads\/2022\/03\/Untitled-design-5.png 1640w\" sizes=\"(max-width: 303px) 100vw, 303px\" \/>Bruxelas, <\/strong>26 de fevereiro de 2022 - <span style=\"font-weight: 400;\">A UE para a Trissomia 21 est\u00e1 solid\u00e1ria com o povo da Ucr\u00e2nia, com a dor, tristeza e devasta\u00e7\u00e3o de todas as v\u00edtimas deste conflito. Em qualquer crise humanit\u00e1ria e conflito armado, as pessoas com trissomia 21 ou outras defici\u00eancias enfrentam maiores riscos de viol\u00eancia, de serem deixadas para tr\u00e1s em fuga, de morrer. De acordo com o relat\u00f3rio \u201cNo Way Home\u201d de 2015 da Disability Rights International, mais de 2,7 milh\u00f5es de pessoas com defici\u00eancia est\u00e3o registradas na Ucr\u00e2nia e mais de 82 mil crian\u00e7as vivem em institui\u00e7\u00f5es, segregadas da sociedade. Muitos deles s\u00e3o crian\u00e7as com Trissomia 21.<\/span><\/p>\n<p><span style=\"font-weight: 400;\">A devasta\u00e7\u00e3o de muitas das grandes cidades e o caos resultante deste conflito sem sentido ter\u00e3o um efeito imediato na gest\u00e3o e cuidados prestados nessas instala\u00e7\u00f5es, com rumores de que algumas delas j\u00e1 est\u00e3o sendo abandonadas.\u00a0<\/span><\/p>\n<p><span style=\"font-weight: 400;\">Instamos a comunidade europeia e todos os pa\u00edses dedicados \u00e0 paz, \u00e0 solidariedade e ao respeito do direito internacional a mostrarem solidariedade com o povo ucraniano e a usarem todos os meios \u00e0 sua disposi\u00e7\u00e3o para acabar rapidamente com esta agress\u00e3o e restaurar a paz.<\/span><\/p>\n<p><span style=\"font-weight: 400;\">Juntamo-nos ao esfor\u00e7o liderado por organiza\u00e7\u00f5es afins, como a EDSA, o F\u00f3rum Europeu da Defici\u00eancia e a S\u00edndrome de Down internacional na sua carta aberta ao Chefe das Institui\u00e7\u00f5es Europeias, Chefes de Estado Europeus, Russos e Ucranianos e da NATO a partir de 24 de Fevereiro de 2022, que pode ser <\/span><a href=\"https:\/\/www.edf-feph.org\/protection-and-safety-of-persons-with-disabilities-in-ukraine\/#:~:text=There%20are%202.7%20million%20persons,persons%20with%20disabilities%20is%20appalling.\"><span style=\"font-weight: 400;\">leia na \u00edntegra aqui.<\/span><\/a><\/p>\n<p><span style=\"font-weight: 400;\">Queremos destacar particularmente as demandas \u00e0 lideran\u00e7a pol\u00edtica e a todos os atores humanit\u00e1rios que lidam com esta crise para garantir que as pessoas com trissomia 21 e defici\u00eancia:<\/span><\/p>\n<ul>\n<li style=\"font-weight: 400;\" aria-level=\"1\"><span style=\"font-weight: 400;\">ter pleno acesso a toda a ajuda humanit\u00e1ria;<\/span><\/li>\n<li style=\"font-weight: 400;\" aria-level=\"1\"><span style=\"font-weight: 400;\">s\u00e3o protegidos da viol\u00eancia, abuso e maus tratos;<\/span><\/li>\n<li style=\"font-weight: 400;\" aria-level=\"1\"><span style=\"font-weight: 400;\">recebem informa\u00e7\u00f5es acess\u00edveis sobre protocolos de seguran\u00e7a e assist\u00eancia, procedimentos de evacua\u00e7\u00e3o e suporte;<\/span><\/li>\n<li style=\"font-weight: 400;\" aria-level=\"1\"><span style=\"font-weight: 400;\">ter pleno acesso a servi\u00e7os b\u00e1sicos, incluindo \u00e1gua e saneamento, alimenta\u00e7\u00e3o, apoio social, educa\u00e7\u00e3o, sa\u00fade, transporte e informa\u00e7\u00e3o;<\/span><\/li>\n<li style=\"font-weight: 400;\" aria-level=\"1\"><span style=\"font-weight: 400;\">s\u00e3o contabilizados e n\u00e3o abandonados;<\/span><\/li>\n<li style=\"font-weight: 400;\" aria-level=\"1\"><span style=\"font-weight: 400;\">n\u00e3o s\u00e3o deixados para tr\u00e1s em institui\u00e7\u00f5es, n\u00e3o s\u00e3o for\u00e7ados a permanecer em institui\u00e7\u00f5es ou n\u00e3o s\u00e3o transferidos para institui\u00e7\u00f5es com base em sua defici\u00eancia e<\/span><\/li>\n<li style=\"font-weight: 400;\" aria-level=\"1\"><span style=\"font-weight: 400;\">est\u00e3o significativamente envolvidos em a\u00e7\u00f5es humanit\u00e1rias inclusivas, por meio de suas organiza\u00e7\u00f5es representativas.<\/span><\/li>\n<\/ul>\n<p><span style=\"font-weight: 400;\">Juntamente com as pessoas com trissomia 21, aten\u00e7\u00e3o especial deve ser dada \u00e0queles que est\u00e3o em maior risco - incluindo (mas n\u00e3o limitado a) pessoas com defici\u00eancia intelectual, mulheres, idosos, crian\u00e7as, cegos e surdocegos, pessoas com defici\u00eancias psicossociais, pessoas com grandes necessidades de apoio e pessoas deslocadas internamente antes de incidentes recentes.<\/span><\/p>","protected":false},"excerpt":{"rendered":"<p>Brussels, 26.February 2022 &#8211; EU for Trisomy 21 stands in solidarity with the people of Ukraine, with the grief, sadness,&hellip;<\/p>","protected":false},"author":3,"featured_media":0,"comment_status":"closed","ping_status":"closed","sticky":false,"template":"","format":"standard","meta":{"_acf_changed":false,"footnotes":""},"categories":[45],"tags":[],"class_list":["post-33030","post","type-post","status-publish","format-standard","hentry","category-21-march-21"],"acf":[],"_links":{"self":[{"href":"https:\/\/eufortrisomy21.eu\/pt\/wp-json\/wp\/v2\/posts\/33030"}],"collection":[{"href":"https:\/\/eufortrisomy21.eu\/pt\/wp-json\/wp\/v2\/posts"}],"about":[{"href":"https:\/\/eufortrisomy21.eu\/pt\/wp-json\/wp\/v2\/types\/post"}],"author":[{"embeddable":true,"href":"https:\/\/eufortrisomy21.eu\/pt\/wp-json\/wp\/v2\/users\/3"}],"replies":[{"embeddable":true,"href":"https:\/\/eufortrisomy21.eu\/pt\/wp-json\/wp\/v2\/comments?post=33030"}],"version-history":[{"count":0,"href":"https:\/\/eufortrisomy21.eu\/pt\/wp-json\/wp\/v2\/posts\/33030\/revisions"}],"wp:attachment":[{"href":"https:\/\/eufortrisomy21.eu\/pt\/wp-json\/wp\/v2\/media?parent=33030"}],"wp:term":[{"taxonomy":"category","embeddable":true,"href":"https:\/\/eufortrisomy21.eu\/pt\/wp-json\/wp\/v2\/categories?post=33030"},{"taxonomy":"post_tag","embeddable":true,"href":"https:\/\/eufortrisomy21.eu\/pt\/wp-json\/wp\/v2\/tags?post=33030"}],"curies":[{"name":"wp","href":"https:\/\/api.w.org\/{rel}","templated":true}]}}