{"id":33047,"date":"2021-12-03T09:29:25","date_gmt":"2021-12-03T08:29:25","guid":{"rendered":"https:\/\/eufortrisomy21.eu\/?p=33047"},"modified":"2022-09-28T15:16:32","modified_gmt":"2022-09-28T13:16:32","slug":"33047-2","status":"publish","type":"post","link":"https:\/\/eufortrisomy21.eu\/pt\/33047-2\/","title":{"rendered":"Dia Internacional dos Direitos das Pessoas com Defici\u00eancia"},"content":{"rendered":"<p>no 3<sup>terceiro<\/sup> de dezembro de 2021, Dia Internacional dos Direitos das Pessoas com Defici\u00eancia, a UE para a Trissomia 21 celebrou os direitos das pessoas com S\u00edndrome de Down. Durante esta data importante, os membros do Parlamento Europeu fizeram algumas perguntas pol\u00edticas \u00e0s pessoas com S\u00edndrome de Down de toda a Europa.<\/p>\n<p>Com esta campanha, estamos capacitando as pessoas com Trissomia 21 a levantar a voz e falar sobre suas opini\u00f5es pol\u00edticas sobre diversos temas. As pessoas com trissomia 21 s\u00e3o cidad\u00e3os com plenos direitos democr\u00e1ticos e, como tal, a sua vis\u00e3o n\u00e3o s\u00f3 importa, mas \u00e9 vital para um discurso pleno da sociedade civil de que o Parlamento Europeu deve ouvi-los. As institui\u00e7\u00f5es democr\u00e1ticas ainda n\u00e3o est\u00e3o prontas para ouvir as pessoas com trissomia 21, mas devem come\u00e7ar a trabalhar para se adaptar, para que todos os cidad\u00e3os europeus possam participar da democracia europeia.<\/p>\n<p>Diferentes temas foram tratados por pessoas com S\u00edndrome de Down:<\/p>\n<ul>\n<li>Discrimina\u00e7\u00e3o:\n<ul>\n<li>Anna defende os direitos das pessoas com s\u00edndrome de Down, pois qualquer ser humano com s\u00edndrome de Down deve ter os mesmos direitos: <a href=\"https:\/\/www.instagram.com\/reel\/CXB0uC-gTNg\/\">https:\/\/www.instagram.com\/reel\/CXB0uC-gTNg\/<\/a><\/li>\n<li>Catherina nos conta sobre os diferentes mitos e a discrimina\u00e7\u00e3o que acontecem todos os dias: <a href=\"https:\/\/www.instagram.com\/reel\/CXBs4m6gBUz\/\">https:\/\/www.instagram.com\/reel\/CXBs4m6gBUz\/<\/a><\/li>\n<li>Nathalie acha que o pr\u00e9-natal \u00e9 uma discrimina\u00e7\u00e3o para as pessoas com s\u00edndrome de Down: <a href=\"https:\/\/www.instagram.com\/reel\/CXBNKhYAvoQ\/\">https:\/\/www.instagram.com\/reel\/CXBNKhYAvoQ\/<\/a><\/li>\n<\/ul>\n<\/li>\n<\/ul>\n<ul>\n<li>Emprego:\n<ul>\n<li>Basia gosta de pintar bolsas artesanais e gostaria que mais pessoas tivessem essa possibilidade: <a href=\"https:\/\/www.instagram.com\/reel\/CXDln1dg38x\/\">https:\/\/www.instagram.com\/reel\/CXDln1dg38x\/<\/a><\/li>\n<li>O Mihai trabalha num caf\u00e9 e gostaria de ter mais pessoas com s\u00edndrome de down integradas no mercado de trabalho: <a href=\"https:\/\/www.instagram.com\/reel\/CXBcTWBARwG\/\">https:\/\/www.instagram.com\/reel\/CXBcTWBARwG\/<\/a><\/li>\n<\/ul>\n<\/li>\n<\/ul>\n<ul>\n<li>Visibilidade:\n<ul>\n<li>Caterina Moretti fala sobre a desinforma\u00e7\u00e3o e os preconceitos que existem sobre as pessoas com s\u00edndrome de Down: <a href=\"https:\/\/www.instagram.com\/reel\/CXDwWUpg9UX\/\">https:\/\/www.instagram.com\/reel\/CXDwWUpg9UX\/<\/a><\/li>\n<\/ul>\n<\/li>\n<\/ul>\n<ul>\n<li>Autonomia\n<ul>\n<li>Mihai explica como \u00e9 sua vida cotidiana e como ele gosta de seu trabalho, sua namorada e seus hobbies: <a href=\"https:\/\/www.instagram.com\/reel\/CXDpIqNgtL3\/\">https:\/\/www.instagram.com\/reel\/CXDpIqNgtL3\/<\/a><\/li>\n<li>Basia nos conta sobre sua vida cotidiana normal: <a href=\"https:\/\/www.instagram.com\/reel\/CXBUWsCASW-\/\">https:\/\/www.instagram.com\/reel\/CXBUWsCASW-\/<\/a><\/li>\n<\/ul>\n<\/li>\n<\/ul>\n<p>Obrigado a Radka Maxova, Brando Benifei, Dragos Pislaru, Katrin Langensiepen e Rosa Estaras Ferragut, membros do Parlamento Europeu que apoiaram nossa campanha em favor da visibilidade das pessoas com S\u00edndrome de Down neste importante dia internacional dos direitos das pessoas com defici\u00eancia .<\/p>","protected":false},"excerpt":{"rendered":"<p>On the 3rd of December 2021, International Day Of The Rights Of People With Disabilities, EU for Trisomy 21 celebrated&hellip;<\/p>","protected":false},"author":3,"featured_media":0,"comment_status":"closed","ping_status":"closed","sticky":false,"template":"","format":"standard","meta":{"_acf_changed":false,"footnotes":""},"categories":[45],"tags":[],"class_list":["post-33047","post","type-post","status-publish","format-standard","hentry","category-21-march-21"],"acf":[],"_links":{"self":[{"href":"https:\/\/eufortrisomy21.eu\/pt\/wp-json\/wp\/v2\/posts\/33047"}],"collection":[{"href":"https:\/\/eufortrisomy21.eu\/pt\/wp-json\/wp\/v2\/posts"}],"about":[{"href":"https:\/\/eufortrisomy21.eu\/pt\/wp-json\/wp\/v2\/types\/post"}],"author":[{"embeddable":true,"href":"https:\/\/eufortrisomy21.eu\/pt\/wp-json\/wp\/v2\/users\/3"}],"replies":[{"embeddable":true,"href":"https:\/\/eufortrisomy21.eu\/pt\/wp-json\/wp\/v2\/comments?post=33047"}],"version-history":[{"count":0,"href":"https:\/\/eufortrisomy21.eu\/pt\/wp-json\/wp\/v2\/posts\/33047\/revisions"}],"wp:attachment":[{"href":"https:\/\/eufortrisomy21.eu\/pt\/wp-json\/wp\/v2\/media?parent=33047"}],"wp:term":[{"taxonomy":"category","embeddable":true,"href":"https:\/\/eufortrisomy21.eu\/pt\/wp-json\/wp\/v2\/categories?post=33047"},{"taxonomy":"post_tag","embeddable":true,"href":"https:\/\/eufortrisomy21.eu\/pt\/wp-json\/wp\/v2\/tags?post=33047"}],"curies":[{"name":"wp","href":"https:\/\/api.w.org\/{rel}","templated":true}]}}