{"id":33345,"date":"2022-12-07T18:00:43","date_gmt":"2022-12-07T17:00:43","guid":{"rendered":"https:\/\/eufortrisomy21.eu\/?p=33345"},"modified":"2024-02-20T17:22:44","modified_gmt":"2024-02-20T16:22:44","slug":"the-future-is-ours-time-for-more-autonomy","status":"publish","type":"post","link":"https:\/\/eufortrisomy21.eu\/pt\/the-future-is-ours-time-for-more-autonomy\/","title":{"rendered":"O Futuro \u00e9 Nosso \u2013 Hora de Mais Autonomia"},"content":{"rendered":"<p>Links do YouTube: <a href=\"https:\/\/www.youtube.com\/watch?v=j2QFE6f5QPY\">magiar (h\u00fangaro)<\/a>, <a href=\"https:\/\/www.youtube.com\/watch?v=y754i2Gk5jk\">Roman (romeno)<\/a>, <a href=\"https:\/\/www.youtube.com\/watch?v=imPvo3tS7l8\">Fran\u00e7ais (franc\u00eas)<\/a>, <a href=\"https:\/\/www.youtube.com\/watch?v=ZjAbSg9kFG0\">Deutsch (alem\u00e3o)<\/a>, <a href=\"https:\/\/www.youtube.com\/watch?v=-KLPE1gQVC4\">Polski (Polski)<\/a>, <a href=\"https:\/\/www.youtube.com\/watch?v=MgHYTZBAlyE\">\u03b5\u03bb\u03bb\u03b7\u03bd\u03b9\u03ba\u03ac (grego)<\/a><\/p>\n<p>Voc\u00ea pode dar uma olhada em nosso relat\u00f3rio oficial <a href=\"https:\/\/drive.google.com\/file\/d\/1yMfOOM1MKX2PptIr70ZjFIDLy8B5rYdU\/view?usp=sharing\">aqui<\/a>.<\/p>\n<p>no dia 7<sup>\u00ba<\/sup> de dezembro de 2022, a EU for Trissomy 21 organizou o primeiro evento do nosso projeto patrocinado pela UE, The Future is Ours, com o t\u00edtulo \u201cTime for more AUTONOMY\u201d.<\/p>\n<p><span style=\"font-weight: 400;\">Em setembro de 2022, a rede EU for Trissomy 21 recebeu apoio monet\u00e1rio atrav\u00e9s do programa EU CERV Grant, lan\u00e7ando o projeto chamado The Future is Ours. Este projeto inclui 3 eventos online, bem como outro evento presencial em maio de 2023 em Bruxelas. Cada evento se concentrar\u00e1 em um dos quatro objetivos da rede EU for Trissomy 21:<\/span><\/p>\n<p><span style=\"font-weight: 400;\">\u2013 Autonomia, o que significa para as pessoas com S\u00edndrome de Down serem independentes e tomar decis\u00f5es\u00a0<\/span><\/p>\n<p><span style=\"font-weight: 400;\">\u2013 Visibilidade, o que significa para as Pessoas com S\u00edndrome de Down serem vistas e ouvidas\u00a0<\/span><\/p>\n<p><span style=\"font-weight: 400;\">\u2013 Sa\u00fade, A import\u00e2ncia de bons m\u00e9dicos e apoio \u00e0 sa\u00fade\u00a0<\/span><\/p>\n<p><span style=\"font-weight: 400;\">\u2013 Igualdade de Tratamento, O que significa para as Pessoas com S\u00edndrome de Down serem respeitadas<\/span><\/p>\n<p>O primeiro evento deste projeto \u201cTempo para mais AUTONOMIA\u201d foi realizado online como parte da celebra\u00e7\u00e3o das redes do Dia Internacional dos Direitos das Pessoas com Defici\u00eancia no 3<sup>terceiro<\/sup> Dezembro de 2022.<\/p>\n<p>\u201cTime for more AUTONOMY\u201d contou com 5 palestrantes auto-representantes de 5 pa\u00edses diferentes, falando sobre a import\u00e2ncia de viver uma vida aut\u00f4noma. Foi traduzido para 9 l\u00ednguas (ingl\u00eas, h\u00fangaro, romeno, franc\u00eas, alem\u00e3o, polaco, grego e espanhol) e contou com mais de 400 participantes de 22 pa\u00edses (16 pa\u00edses da UE).<\/p>\n<p><span style=\"font-weight: 400;\"><span style=\"font-weight: 400;\">O primeiro palestrante do evento foi<strong> Soufiane El Amrani<\/strong>, um<\/span><\/span> especialista em leitura f\u00e1cil e advocacy que trabalha na organiza\u00e7\u00e3o Inclusion Europe desde 2008. Como parte desse trabalho, ele ministrou muitos treinamentos sobre como tornar a informa\u00e7\u00e3o acess\u00edvel e como consultar pessoas com defici\u00eancia intelectual em decis\u00f5es que as afetam. Faz tamb\u00e9m parte da European Platform of Self-Advocates e da Empower Us Team. Desde novembro de 2020, Soufiane \u00e9 o representante dos autodefensores da Europa no Conselho de Inclus\u00e3o Internacional.<\/p>\n<p>Durante o evento \u201cTime for more AUTONOMY\u201d, ele falou sobre a autonomia das pessoas com defici\u00eancia na UE, com foco na pr\u00f3xima mudan\u00e7a na lei eleitoral que permite que pessoas com defici\u00eancia intelectual, incluindo pessoas com S\u00edndrome de Down, votem na pr\u00f3xima Assembleia Parlamentar da UE elei\u00e7\u00e3o de 2024. Ele alertou para o fato de que, embora mudar a lei eleitoral seja um bom passo, a UE precisa melhorar sua comunica\u00e7\u00e3o para ser verdadeiramente acess\u00edvel a esse novo grupo de eleitores.<\/p>\n<p>O painel \u201cA minha vida aut\u00f3noma\u201d contou com quatro auto-representantes de toda a Europa:<\/p>\n<ul>\n<li>\n<p class=\"_04xlpA direction-ltr align-start para-style-body\"><span class=\"JsGRdQ\"><strong>Fanny Neumayer<\/strong>, 27 anos e residente em Viena, <strong>\u00c1ustria<\/strong>. <\/span><span class=\"JsGRdQ\">A Sra. Neumayer trabalha na sede do Evangelische Gymnasium (uma escola secund\u00e1ria) no 11\u00ba distrito de Viena. <\/span><span class=\"JsGRdQ\">Ela falou sobre suas experi\u00eancias de vota\u00e7\u00e3o na \u00c1ustria.<\/span><\/p>\n<\/li>\n<li>\n<p class=\"_04xlpA direction-ltr align-start para-style-body\"><span class=\"JsGRdQ\"><strong>Fiona Lambart<\/strong>, 24 anos e morando em Darmstadt perto de Frankfurt, <strong>Alemanha<\/strong>. <\/span><span class=\"JsGRdQ\">A Sra. Lambart trabalha como especialista em limpeza.<\/span><span class=\"JsGRdQ\">\u00a0Ela falou sobre seu trabalho e como trabalha para uma vida aut\u00f4noma.<\/span><\/p>\n<\/li>\n<li>\n<p class=\"_04xlpA direction-ltr align-start para-style-body\"><span class=\"JsGRdQ\"><strong>Frantzeska\u2013Christina Douka<\/strong>, 37 anos e residente em Thessaloniki, <strong>Gr\u00e9cia<\/strong>. A Sra. Douka \u00e9 benefici\u00e1ria da Associa\u00e7\u00e3o de S\u00edndrome de Down da Gr\u00e9cia, morando sozinha, em um apartamento de Resid\u00eancia Apoiada. <\/span><span class=\"JsGRdQ\">Adora dan\u00e7ar e \u00e9 atleta de Gin\u00e1stica R\u00edtmica. Ela competiu na Organiza\u00e7\u00e3o das Olimp\u00edadas Especiais muitas vezes, ganhou medalhas e viajou por muitos pa\u00edses dentro e fora da Europa.<\/span><\/p>\n<\/li>\n<li>\n<p class=\"_04xlpA direction-ltr align-start para-style-body\"><span class=\"JsGRdQ\"><strong>Jean Philippe Barone<\/strong>, 44 anos residente em Marselha, <strong>Fran\u00e7a<\/strong>. Ele mora em seu apartamento em uma comunidade e trabalha em um restaurante adaptado. Ele se sente confort\u00e1vel com as ferramentas de comunica\u00e7\u00e3o e representa regularmente a associa\u00e7\u00e3o #Tcap21 em todas as m\u00eddias. Ele agora est\u00e1 treinando para ingressar em nosso caf\u00e9 #Train Inc. e, em seguida, alcan\u00e7ar total autonomia.<\/span><\/p>\n<\/li>\n<\/ul>\n<p>Ap\u00f3s o painel, os participantes puderam fazer perguntas aos nossos palestrantes. Um livreto com cita\u00e7\u00f5es de seus discursos, bem como o power point de Soufiane <span style=\"font-weight: 400;\">El Amrani foi disponibilizado para todos os participantes. Isso pode ser baixado em ingl\u00eas <a href=\"https:\/\/drive.google.com\/file\/d\/1SVsLWWYytRREpmbalTXhit8NbVKCsVkB\/view?usp=share_link\">aqui<\/a>.<\/span><\/p>\n<p>Ao longo da organiza\u00e7\u00e3o deste evento, bem como da discuss\u00e3o durante e ap\u00f3s o pr\u00f3prio evento, EU for Trissomy 21 est\u00e1 compilando uma lista de recomenda\u00e7\u00f5es para a UE levar em considera\u00e7\u00e3o ao trabalhar para tornar as elei\u00e7\u00f5es parlamentares da UE de 2024 verdadeiramente acess\u00edveis para pessoas com Down. S\u00edndrome em todos os pa\u00edses da UE. Este documento ser\u00e1 entregue \u00e0 Comiss\u00e3o e ao Parlamento da UE no Dia Mundial da S\u00edndrome de Down, 21 de mar\u00e7o de 2023.<\/p>\n<p><strong>Nosso pr\u00f3ximo evento: Time for More Visibility acontecer\u00e1 no dia 16 de mar\u00e7o \u00e0s 18h.\u00a0<\/strong><\/p>","protected":false},"excerpt":{"rendered":"<p>YouTube Link: Magyar (Hungarian), Rom\u00e2n (Romanian), Fran\u00e7ais (French), Deutsch (German), Polski (Polski), \u03b5\u03bb\u03bb\u03b7\u03bd\u03b9\u03ba\u03ac (Greek) You can take a look at&hellip;<\/p>","protected":false},"author":3,"featured_media":0,"comment_status":"closed","ping_status":"closed","sticky":false,"template":"","format":"standard","meta":{"_acf_changed":false,"footnotes":""},"categories":[45],"tags":[],"class_list":["post-33345","post","type-post","status-publish","format-standard","hentry","category-21-march-21"],"acf":[],"_links":{"self":[{"href":"https:\/\/eufortrisomy21.eu\/pt\/wp-json\/wp\/v2\/posts\/33345"}],"collection":[{"href":"https:\/\/eufortrisomy21.eu\/pt\/wp-json\/wp\/v2\/posts"}],"about":[{"href":"https:\/\/eufortrisomy21.eu\/pt\/wp-json\/wp\/v2\/types\/post"}],"author":[{"embeddable":true,"href":"https:\/\/eufortrisomy21.eu\/pt\/wp-json\/wp\/v2\/users\/3"}],"replies":[{"embeddable":true,"href":"https:\/\/eufortrisomy21.eu\/pt\/wp-json\/wp\/v2\/comments?post=33345"}],"version-history":[{"count":3,"href":"https:\/\/eufortrisomy21.eu\/pt\/wp-json\/wp\/v2\/posts\/33345\/revisions"}],"predecessor-version":[{"id":33626,"href":"https:\/\/eufortrisomy21.eu\/pt\/wp-json\/wp\/v2\/posts\/33345\/revisions\/33626"}],"wp:attachment":[{"href":"https:\/\/eufortrisomy21.eu\/pt\/wp-json\/wp\/v2\/media?parent=33345"}],"wp:term":[{"taxonomy":"category","embeddable":true,"href":"https:\/\/eufortrisomy21.eu\/pt\/wp-json\/wp\/v2\/categories?post=33345"},{"taxonomy":"post_tag","embeddable":true,"href":"https:\/\/eufortrisomy21.eu\/pt\/wp-json\/wp\/v2\/tags?post=33345"}],"curies":[{"name":"wp","href":"https:\/\/api.w.org\/{rel}","templated":true}]}}