{"id":33632,"date":"2023-07-07T14:20:00","date_gmt":"2023-07-07T12:20:00","guid":{"rendered":"https:\/\/eufortrisomy21.eu\/?p=33632"},"modified":"2024-02-20T17:21:50","modified_gmt":"2024-02-20T16:21:50","slug":"time-for-more-equal-treatment","status":"publish","type":"post","link":"https:\/\/eufortrisomy21.eu\/pt\/time-for-more-equal-treatment\/","title":{"rendered":"Hora de tratamento mais igualit\u00e1rio"},"content":{"rendered":"<p><strong>Projeto \u201cO Futuro \u00e9 Nosso\u201d: Capacitando a Mudan\u00e7a e a Inclus\u00e3o<\/strong><\/p>\n<p>7 de julho de 2023 \u2014 A Rede UE pela Trissomia 21 tem o prazer de anunciar a conclus\u00e3o bem-sucedida do seu quarto evento no projeto em andamento \u201cO Futuro \u00e9 Nosso\u201d. Realizado no dia 6 de julho, o evento, patrocinado pela Uni\u00e3o Europeia atrav\u00e9s da subven\u00e7\u00e3o CERV, foi um sucesso retumbante na promo\u00e7\u00e3o do di\u00e1logo e na capacita\u00e7\u00e3o de indiv\u00edduos com defici\u00eancia intelectual, com especial enfoque na Igualdade de Tratamento no Local de Trabalho e temas relacionados. Voc\u00ea pode ler o relat\u00f3rio oficial <a href=\"https:\/\/drive.google.com\/file\/d\/1scn0DUrbaoWa7EqPKB69h1-JLZh1Gk--\/view?usp=sharing\">aqui<\/a>.<\/p>\n<p>O evento reuniu participantes de toda a Europa, com int\u00e9rpretes dispon\u00edveis em v\u00e1rios idiomas, incluindo italiano, ingl\u00eas, romeno e h\u00fangaro.<\/p>\n<p>\u201cO Futuro \u00e9 Nosso\u201d \u00e9 um projeto que teve origem em 2019 como uma rede de organiza\u00e7\u00f5es locais dedicadas a celebrar o Dia Mundial da S\u00edndrome de Down. Com o tempo, evoluiu para uma plataforma de defesa e capacita\u00e7\u00e3o. O projeto j\u00e1 acolheu dois eventos online e um encontro presencial em Bruxelas, onde 75 participantes de v\u00e1rios pa\u00edses da UE e 28 pessoas com S\u00edndrome de Down se encontraram com parlamentares para discutir quest\u00f5es cruciais, incluindo a sa\u00fade.<\/p>\n<p>Este evento final da s\u00e9rie abordou a quest\u00e3o cr\u00edtica da Igualdade de Tratamento no Local de Trabalho. O ilustre painel de oradores incluiu Chiara Gemma, deputada ao Parlamento Europeu; Maria James, nadadora medalhista de ouro e defensora de Malta; Yasmin Ismail, psic\u00f3loga j\u00fanior da Rom\u00eania; e K\u00e1roly Kisari, fundador da Associa\u00e7\u00e3o H\u00fangara Hidden Treasures Down e da Funda\u00e7\u00e3o Mentor\u00e1ll\u00e1s.<\/p>\n<p>Chiara Gemma, que faz parte da Comiss\u00e3o do Emprego e dos Assuntos Sociais e do Intergrupo para a Defici\u00eancia no Parlamento Europeu, dirigiu-se ao p\u00fablico atrav\u00e9s de um v\u00eddeo pr\u00e9-gravado devido aos seus compromissos de viagem de \u00faltima hora. Ela enfatizou a import\u00e2ncia da auto-representa\u00e7\u00e3o e a necessidade de amplificar as vozes das pessoas com defici\u00eancia intelectual na arena pol\u00edtica.<\/p>\n<p>Maria James, uma defensora apaixonada e medalhista de ouro na nata\u00e7\u00e3o, partilhou a sua jornada inspiradora e discutiu o seu trabalho na promo\u00e7\u00e3o da igualdade de tratamento no local de trabalho para pessoas com s\u00edndrome de Down. Yasmin Ismail, psic\u00f3loga j\u00fanior, ofereceu informa\u00e7\u00f5es valiosas sobre a sua carreira e os desafios que superou, incentivando outras pessoas a perseguirem os seus sonhos. K\u00e1roly Kisari, um pioneiro na \u00e1rea, discutiu a miss\u00e3o das suas organiza\u00e7\u00f5es na Hungria, com foco na integra\u00e7\u00e3o de indiv\u00edduos com defici\u00eancia na sociedade e no mercado de trabalho aberto.<\/p>\n<p>Ao longo do evento, o p\u00fablico teve a oportunidade de fazer perguntas aos palestrantes, fomentando discuss\u00f5es interativas e melhorando o entendimento.<\/p>\n<p>A Rede UE para a Trissomia 21 est\u00e1 empenhada em continuar os seus esfor\u00e7os de defesa e capacita\u00e7\u00e3o. Candidatou-se a outro projecto da UE que visa capacitar os auto-representantes para comunicarem eficazmente com os meios de comunica\u00e7\u00e3o social, os pol\u00edticos e o p\u00fablico, promovendo a visibilidade e a autonomia.<\/p>\n<p>O sucesso do projeto \u201cO Futuro \u00e9 Nosso\u201d no dia 6 de julho reafirma o compromisso da Rede UE para a Trissomia 21 em criar uma sociedade mais inclusiva e equitativa para indiv\u00edduos com defici\u00eancia intelectual em toda a Europa.<\/p>","protected":false},"excerpt":{"rendered":"<p>&#8220;The Future is Ours&#8221; Project: Empowering Change and Inclusion 7.th July 2023\u2014 The EU for Trisomy 21 Network is delighted&hellip;<\/p>","protected":false},"author":3,"featured_media":0,"comment_status":"closed","ping_status":"closed","sticky":false,"template":"","format":"standard","meta":{"_acf_changed":false,"footnotes":""},"categories":[45],"tags":[],"class_list":["post-33632","post","type-post","status-publish","format-standard","hentry","category-21-march-21"],"acf":[],"_links":{"self":[{"href":"https:\/\/eufortrisomy21.eu\/pt\/wp-json\/wp\/v2\/posts\/33632"}],"collection":[{"href":"https:\/\/eufortrisomy21.eu\/pt\/wp-json\/wp\/v2\/posts"}],"about":[{"href":"https:\/\/eufortrisomy21.eu\/pt\/wp-json\/wp\/v2\/types\/post"}],"author":[{"embeddable":true,"href":"https:\/\/eufortrisomy21.eu\/pt\/wp-json\/wp\/v2\/users\/3"}],"replies":[{"embeddable":true,"href":"https:\/\/eufortrisomy21.eu\/pt\/wp-json\/wp\/v2\/comments?post=33632"}],"version-history":[{"count":3,"href":"https:\/\/eufortrisomy21.eu\/pt\/wp-json\/wp\/v2\/posts\/33632\/revisions"}],"predecessor-version":[{"id":33635,"href":"https:\/\/eufortrisomy21.eu\/pt\/wp-json\/wp\/v2\/posts\/33632\/revisions\/33635"}],"wp:attachment":[{"href":"https:\/\/eufortrisomy21.eu\/pt\/wp-json\/wp\/v2\/media?parent=33632"}],"wp:term":[{"taxonomy":"category","embeddable":true,"href":"https:\/\/eufortrisomy21.eu\/pt\/wp-json\/wp\/v2\/categories?post=33632"},{"taxonomy":"post_tag","embeddable":true,"href":"https:\/\/eufortrisomy21.eu\/pt\/wp-json\/wp\/v2\/tags?post=33632"}],"curies":[{"name":"wp","href":"https:\/\/api.w.org\/{rel}","templated":true}]}}