{"id":34984,"date":"2025-06-30T16:37:30","date_gmt":"2025-06-30T14:37:30","guid":{"rendered":"https:\/\/eufortrisomy21.eu\/?p=34984"},"modified":"2026-02-10T16:55:48","modified_gmt":"2026-02-10T15:55:48","slug":"together-for-inclusion-first-transnational-meeting-in-brussels","status":"publish","type":"post","link":"https:\/\/eufortrisomy21.eu\/pt\/together-for-inclusion-first-transnational-meeting-in-brussels\/","title":{"rendered":"Together for Inclusion: First Transnational Meeting in Brussels"},"content":{"rendered":"<p data-start=\"441\" data-end=\"641\">Brussels, June 2025 &#8211; Partners of the <em data-start=\"474\" data-end=\"537\">Together for Inclusion: Fostering Self-Advocacy Across Europe<\/em> project met <strong data-start=\"550\" data-end=\"582\">in person for the first time<\/strong> in Brussels for the project\u2019s first transnational meeting.<\/p>\n<p data-start=\"643\" data-end=\"939\">Following the online project kick-off in March, this in-person gathering marked a decisive step forward. Over several days, partners worked intensively together to reflect on past experiences, strengthen cooperation, and collectively shape the next phase of self-advocacy work within the project.<\/p>\n<hr data-start=\"941\" data-end=\"944\" \/>\n<h3 data-start=\"946\" data-end=\"980\">Turning Experience into Action<\/h3>\n<p data-start=\"982\" data-end=\"1206\">The Brussels meeting focused on a shared question: <strong data-start=\"1033\" data-end=\"1206\">how can we transform years of practical experience in self-advocacy into a training approach that brings self-advocates closer to real impact\u2014especially at policy level?<\/strong><\/p>\n<p data-start=\"526\" data-end=\"794\">Building on insights and lessons learned from previous European self-advocacy initiatives, including the European Self-Advocacy Project, partners reflected on how existing approaches could be further strengthened, refined, and scaled through transnational cooperation.<\/p>\n<p data-start=\"796\" data-end=\"1302\">While the European Self-Advocacy Project laid an essential foundation for peer-led self-advocacy training, the discussions in Brussels focused on how this new phase of work can <strong data-start=\"973\" data-end=\"987\">go further<\/strong>\u2014deepening knowledge, broadening perspectives, and bringing self-advocates closer to understanding European institutions and policies. This progression was seen as key to supporting self-advocates not only in speaking up, but in actively engaging with the policy processes that shape their rights and opportunities.<\/p>\n<p data-start=\"1304\" data-end=\"1784\">Partners exchanged experiences from national and European contexts, identifying both strengths and gaps in current self-advocacy practices. Discussions explored how trainings can better support self-advocates in expressing their views, understanding decision-making processes, engaging with institutions, and influencing policies that affect their everyday lives\u2014while also preparing them to connect with one another through the emerging <strong data-start=\"1742\" data-end=\"1783\"><span class=\"hover:entity-accent entity-underline inline cursor-pointer align-baseline\"><span class=\"whitespace-normal\">European Self-Advocacy Network<\/span><\/span><\/strong>.<\/p>\n<p data-start=\"1786\" data-end=\"1953\">A key outcome of the meeting was a shared commitment to move beyond isolated activities and toward a more structured, peer-led, and European approach to self-advocacy.<\/p>\n<hr data-start=\"2033\" data-end=\"2036\" \/>\n<h3 data-start=\"2038\" data-end=\"2069\">Human Dignity at the Centre<\/h3>\n<p data-start=\"2071\" data-end=\"2245\">Throughout the meeting, discussions were grounded in a common understanding: <strong data-start=\"2148\" data-end=\"2244\">we all have human dignity, no one can take it away, and it is the origin of our human rights<\/strong>.<\/p>\n<p data-start=\"2247\" data-end=\"2510\">This principle guided reflections on training design, accessibility, and participation. Partners emphasized the importance of ensuring that self-advocates are not passive recipients of support, but active contributors, co-creators, and leaders within the project.<\/p>\n<hr data-start=\"2512\" data-end=\"2515\" \/>\n<h3 data-start=\"2517\" data-end=\"2555\">Strengthening European Cooperation<\/h3>\n<p data-start=\"2557\" data-end=\"2717\">The Brussels meeting also played a crucial role in strengthening collaboration among partners, aligning expectations, and clarifying roles for the months ahead.<\/p>\n<p data-start=\"2719\" data-end=\"2862\">The project is coordinated by <strong data-start=\"2749\" data-end=\"2790\"><span class=\"hover:entity-accent entity-underline inline cursor-pointer align-baseline\"><span class=\"whitespace-normal\">EU para Trissomia 21<\/span><\/span><\/strong> (Belgium) and brings together partner organizations from across Europe:<\/p>\n<ul data-start=\"2864\" data-end=\"3424\">\n<li data-start=\"2864\" data-end=\"2919\">\n<p data-start=\"2866\" data-end=\"2919\"><strong data-start=\"2866\" data-end=\"2907\"><span class=\"hover:entity-accent entity-underline inline cursor-pointer align-baseline\"><span class=\"whitespace-normal\">Bundesverband Down-Syndrom e.V.<\/span><\/span><\/strong> (Germany)<\/p>\n<\/li>\n<li data-start=\"2920\" data-end=\"2975\">\n<p data-start=\"2922\" data-end=\"2975\"><strong data-start=\"2922\" data-end=\"2963\"><span class=\"hover:entity-accent entity-underline inline cursor-pointer align-baseline\"><span class=\"whitespace-normal\">Rejtett Kincsek Down Egyes\u00fclet<\/span><\/span><\/strong> (Hungary)<\/p>\n<\/li>\n<li data-start=\"2976\" data-end=\"3029\">\n<p data-start=\"2978\" data-end=\"3029\"><strong data-start=\"2978\" data-end=\"3019\"><span class=\"hover:entity-accent entity-underline inline cursor-pointer align-baseline\"><span class=\"whitespace-normal\">Team Down<\/span><\/span><\/strong> (Italy)<\/p>\n<\/li>\n<li data-start=\"3030\" data-end=\"3083\">\n<p data-start=\"3032\" data-end=\"3083\"><strong data-start=\"3032\" data-end=\"3073\"><span class=\"hover:entity-accent entity-underline inline cursor-pointer align-baseline\"><span class=\"whitespace-normal\">Associa\u00e7\u00e3o de S\u00edndrome de Down Malta<\/span><\/span><\/strong> (Malta)<\/p>\n<\/li>\n<li data-start=\"3084\" data-end=\"3138\">\n<p data-start=\"3086\" data-end=\"3138\"><strong data-start=\"3086\" data-end=\"3127\"><span class=\"hover:entity-accent entity-underline inline cursor-pointer align-baseline\"><span class=\"whitespace-normal\">T\u2019Cap 21<\/span><\/span><\/strong> (France)<\/p>\n<\/li>\n<li data-start=\"3139\" data-end=\"3193\">\n<p data-start=\"3141\" data-end=\"3193\"><strong data-start=\"3141\" data-end=\"3182\"><span class=\"hover:entity-accent entity-underline inline cursor-pointer align-baseline\"><span class=\"whitespace-normal\">Fundacja L\u2019Arche<\/span><\/span><\/strong> (Poland)<\/p>\n<\/li>\n<li data-start=\"3194\" data-end=\"3249\">\n<p data-start=\"3196\" data-end=\"3249\"><strong data-start=\"3196\" data-end=\"3237\"><span class=\"hover:entity-accent entity-underline inline cursor-pointer align-baseline\"><span class=\"whitespace-normal\">Asociatia Fantasticii Down Galati<\/span><\/span><\/strong> (Romania)<\/p>\n<\/li>\n<li data-start=\"3250\" data-end=\"3303\">\n<p data-start=\"3252\" data-end=\"3303\"><strong data-start=\"3252\" data-end=\"3293\"><span class=\"hover:entity-accent entity-underline inline cursor-pointer align-baseline\"><span class=\"whitespace-normal\">Universidad Rey Juan Carlos<\/span><\/span><\/strong> (Spain)<\/p>\n<\/li>\n<li data-start=\"3304\" data-end=\"3368\">\n<p data-start=\"3306\" data-end=\"3368\"><strong data-start=\"3306\" data-end=\"3349\"><span class=\"hover:entity-accent entity-underline inline cursor-pointer align-baseline\"><span class=\"whitespace-normal\">Rytmus \u2013 od klienta k ob\u010danovi, o.p.s.<\/span><\/span><\/strong> (Czech Republic)<\/p>\n<\/li>\n<li data-start=\"3369\" data-end=\"3424\">\n<p data-start=\"3371\" data-end=\"3424\"><strong data-start=\"3371\" data-end=\"3414\"><span class=\"hover:entity-accent entity-underline inline cursor-pointer align-baseline\"><span class=\"whitespace-normal\">Inclution gUG (haftungsbeschr\u00e4nkt)<\/span><\/span><\/strong> (Germany)<\/p>\n<\/li>\n<\/ul>\n<p data-start=\"3426\" data-end=\"3577\">Together, these organizations contribute complementary expertise in self-advocacy training, education, research, community engagement, and policy work.<\/p>\n<hr data-start=\"3579\" data-end=\"3582\" \/>\n<h3 data-start=\"3584\" data-end=\"3601\">Looking Ahead<\/h3>\n<p data-start=\"3603\" data-end=\"3833\">The first transnational meeting in Brussels laid the foundations for the development of the project\u2019s self-advocacy trainings, the strengthening of European cooperation, and future exchanges with decision-makers at European level.<\/p>\n<p data-start=\"3835\" data-end=\"4042\">Most importantly, it reaffirmed a shared ambition: to support self-advocates in taking meaningful steps toward shaping policies, influencing public debate, and making inclusion a lived reality across Europe.<\/p>","protected":false},"excerpt":{"rendered":"<p>Brussels, June 2025 &#8211; Partners of the Together for Inclusion: Fostering Self-Advocacy Across Europe project met in person for the&hellip;<\/p>","protected":false},"author":3,"featured_media":0,"comment_status":"open","ping_status":"open","sticky":false,"template":"","format":"standard","meta":{"_acf_changed":false,"footnotes":""},"categories":[105],"tags":[],"class_list":["post-34984","post","type-post","status-publish","format-standard","hentry","category-together-for-inclusion"],"acf":[],"_links":{"self":[{"href":"https:\/\/eufortrisomy21.eu\/pt\/wp-json\/wp\/v2\/posts\/34984"}],"collection":[{"href":"https:\/\/eufortrisomy21.eu\/pt\/wp-json\/wp\/v2\/posts"}],"about":[{"href":"https:\/\/eufortrisomy21.eu\/pt\/wp-json\/wp\/v2\/types\/post"}],"author":[{"embeddable":true,"href":"https:\/\/eufortrisomy21.eu\/pt\/wp-json\/wp\/v2\/users\/3"}],"replies":[{"embeddable":true,"href":"https:\/\/eufortrisomy21.eu\/pt\/wp-json\/wp\/v2\/comments?post=34984"}],"version-history":[{"count":4,"href":"https:\/\/eufortrisomy21.eu\/pt\/wp-json\/wp\/v2\/posts\/34984\/revisions"}],"predecessor-version":[{"id":34990,"href":"https:\/\/eufortrisomy21.eu\/pt\/wp-json\/wp\/v2\/posts\/34984\/revisions\/34990"}],"wp:attachment":[{"href":"https:\/\/eufortrisomy21.eu\/pt\/wp-json\/wp\/v2\/media?parent=34984"}],"wp:term":[{"taxonomy":"category","embeddable":true,"href":"https:\/\/eufortrisomy21.eu\/pt\/wp-json\/wp\/v2\/categories?post=34984"},{"taxonomy":"post_tag","embeddable":true,"href":"https:\/\/eufortrisomy21.eu\/pt\/wp-json\/wp\/v2\/tags?post=34984"}],"curies":[{"name":"wp","href":"https:\/\/api.w.org\/{rel}","templated":true}]}}