{"id":30925,"date":"2021-02-19T16:40:13","date_gmt":"2021-02-19T15:40:13","guid":{"rendered":"https:\/\/eufortrisomy21.eu\/?p=30925"},"modified":"2021-02-23T15:00:23","modified_gmt":"2021-02-23T14:00:23","slug":"focus-on-the-21st-of-march-2021-lets-celebrate-world-down-syndrome-day-in-europe","status":"publish","type":"post","link":"https:\/\/eufortrisomy21.eu\/ro\/focus-on-the-21st-of-march-2021-lets-celebrate-world-down-syndrome-day-in-europe\/","title":{"rendered":"Comunicat de pres\u0103: Concentra\u021bi-v\u0103 pe 21 martie 2021. S\u0103 s\u0103rb\u0103torim Ziua mondial\u0103 a sindromului Down \u00een Europa!"},"content":{"rendered":"<p><img loading=\"lazy\" decoding=\"async\" class=\"size-medium wp-image-20686 alignright\" src=\"https:\/\/eufortrisomy21.eu\/wp-content\/uploads\/2020\/11\/Logo_EUforTrisomy21-Couleur-300x213.png\" alt=\"\" width=\"300\" height=\"213\" srcset=\"https:\/\/eufortrisomy21.eu\/wp-content\/uploads\/2020\/11\/Logo_EUforTrisomy21-Couleur-300x213.png 300w, https:\/\/eufortrisomy21.eu\/wp-content\/uploads\/2020\/11\/Logo_EUforTrisomy21-Couleur-1024x727.png 1024w, https:\/\/eufortrisomy21.eu\/wp-content\/uploads\/2020\/11\/Logo_EUforTrisomy21-Couleur-768x545.png 768w, https:\/\/eufortrisomy21.eu\/wp-content\/uploads\/2020\/11\/Logo_EUforTrisomy21-Couleur.png 1429w\" sizes=\"(max-width: 300px) 100vw, 300px\" \/>Urm\u0103toarea edi\u021bie a Zilei Mondiale a Sindromului Down (21<sup>Sf<\/sup> din martie, a\u0219a cum a decis ONU) solicit\u0103 un impuls special, deoarece are loc \u00een 2021, iar sindromul Down este cunoscut din punct de vedere medical sub numele de trisomie 21!<\/p>\n<p>\u00cen aceast\u0103 perspectiv\u0103, o comunitate de p\u0103rin\u021bi a copiilor cu sindrom Down, din toat\u0103 Europa, s-a reunit sub eticheta EUfortrisomy21. Datorit\u0103 unui grup de p\u0103rin\u021bi care a lansat preg\u0103tirile, 16 \u021b\u0103ri sunt deja reprezentate \u00een eticheta EUfortrisomy21, oferind o dimensiune european\u0103 celebr\u0103rilor Zilei Mondiale a Sindromului Down.<\/p>\n<p>Ce le leag\u0103: determinarea lor de a face din 2021 un an dedicat persoanelor cu sindrom Down; un an pentru a-i onora, a le oferi locul lor de drept \u00een societatea european\u0103.<\/p>\n<p>Pentru cei 21<sup>Sf<\/sup> din martie, vor fi propuse trei proiecte pentru a s\u0103rb\u0103tori aceast\u0103 dat\u0103 la nivel european. Specificul acestor proiecte va fi comunicat \u00een cursul lunii februarie: un proiect de bucurie, un proiect de reflectat \u0219i un proiect de ac\u021biune.<\/p>\n<p><strong>Contact: press@eufortrisomy21.eu <\/strong><\/p>\n<p><u>EUfortrisomy21<\/u> este o comunitate de p\u0103rin\u021bi a copiilor cu sindrom Down, unit\u0103 pentru a promova drepturile persoanelor cu sindrom Down \u00een 4 domenii prioritare: vizibilitate, nediscriminare, s\u0103n\u0103tate, autonomie.<\/p>","protected":false},"excerpt":{"rendered":"<p>The next edition of World Down Syndrome Day (21st of March as decided by United Nation) calls for a special&hellip;<\/p>","protected":false},"author":2,"featured_media":0,"comment_status":"closed","ping_status":"closed","sticky":false,"template":"","format":"standard","meta":{"_acf_changed":false,"footnotes":""},"categories":[45],"tags":[],"class_list":["post-30925","post","type-post","status-publish","format-standard","hentry","category-21-march-21"],"acf":[],"_links":{"self":[{"href":"https:\/\/eufortrisomy21.eu\/ro\/wp-json\/wp\/v2\/posts\/30925"}],"collection":[{"href":"https:\/\/eufortrisomy21.eu\/ro\/wp-json\/wp\/v2\/posts"}],"about":[{"href":"https:\/\/eufortrisomy21.eu\/ro\/wp-json\/wp\/v2\/types\/post"}],"author":[{"embeddable":true,"href":"https:\/\/eufortrisomy21.eu\/ro\/wp-json\/wp\/v2\/users\/2"}],"replies":[{"embeddable":true,"href":"https:\/\/eufortrisomy21.eu\/ro\/wp-json\/wp\/v2\/comments?post=30925"}],"version-history":[{"count":0,"href":"https:\/\/eufortrisomy21.eu\/ro\/wp-json\/wp\/v2\/posts\/30925\/revisions"}],"wp:attachment":[{"href":"https:\/\/eufortrisomy21.eu\/ro\/wp-json\/wp\/v2\/media?parent=30925"}],"wp:term":[{"taxonomy":"category","embeddable":true,"href":"https:\/\/eufortrisomy21.eu\/ro\/wp-json\/wp\/v2\/categories?post=30925"},{"taxonomy":"post_tag","embeddable":true,"href":"https:\/\/eufortrisomy21.eu\/ro\/wp-json\/wp\/v2\/tags?post=30925"}],"curies":[{"name":"wp","href":"https:\/\/api.w.org\/{rel}","templated":true}]}}