{"id":31446,"date":"2021-03-09T10:19:38","date_gmt":"2021-03-09T09:19:38","guid":{"rendered":"https:\/\/eufortrisomy21.eu\/?p=31446"},"modified":"2021-03-09T10:20:49","modified_gmt":"2021-03-09T09:20:49","slug":"press-release-one-dancing-challenge-to-join-in-the-celebration","status":"publish","type":"post","link":"https:\/\/eufortrisomy21.eu\/ro\/press-release-one-dancing-challenge-to-join-in-the-celebration\/","title":{"rendered":"Comunicat de pres\u0103: o provocare de dans pentru a participa la s\u0103rb\u0103toare!"},"content":{"rendered":"<p style=\"text-align: right;\"><img loading=\"lazy\" decoding=\"async\" class=\"size-medium wp-image-14470 alignleft\" src=\"https:\/\/eufortrisomy21.eu\/wp-content\/uploads\/2020\/02\/Banniere7-300x120.jpg\" alt=\"\" width=\"300\" height=\"120\" srcset=\"https:\/\/eufortrisomy21.eu\/wp-content\/uploads\/2020\/02\/Banniere7-300x120.jpg 300w, https:\/\/eufortrisomy21.eu\/wp-content\/uploads\/2020\/02\/Banniere7-1024x410.jpg 1024w, https:\/\/eufortrisomy21.eu\/wp-content\/uploads\/2020\/02\/Banniere7-768x307.jpg 768w, https:\/\/eufortrisomy21.eu\/wp-content\/uploads\/2020\/02\/Banniere7-1536x614.jpg 1536w, https:\/\/eufortrisomy21.eu\/wp-content\/uploads\/2020\/02\/Banniere7.jpg 2000w\" sizes=\"(max-width: 300px) 100vw, 300px\" \/>Comunicat de pres\u0103<\/p>\n<p style=\"text-align: right;\">Bruxelles<\/p>\n<p style=\"text-align: right;\">3 martie 2021<\/p>\n<p>&nbsp;<\/p>\n<h2 style=\"text-align: center;\"><span style=\"color: #99ccff;\"><strong>S\u0103 s\u0103rb\u0103torim \u00eempreun\u0103 21 martie <\/strong><\/span><\/h2>\n<h2 style=\"text-align: center;\"><strong><span style=\"color: #ffcc00;\">1<\/span> Dans <span style=\"color: #ffcc00;\">provocare <\/span><\/strong>s\u0103 v\u0103 al\u0103tura\u021bi s\u0103rb\u0103torii!<\/h2>\n<p>Urmatorul <em>Ziua interna\u021bional\u0103 a trisomiei 21<\/em> va avea loc duminic\u0103 21 martie<span style=\"color: #99ccff;\"><strong>21<\/strong><\/span>. Pentru a s\u0103rb\u0103tori aceast\u0103 dat\u0103 emblematic\u0103 pentru persoanele cu sindrom Down (numit\u0103 \u0219i Trisomie <span style=\"color: #99ccff;\"><strong>21<\/strong><\/span>), <em>EUforTrisomy21<\/em> propune trei proiecte. Concentra\u021bi-v\u0103 pe provocarea dansului de a pune \u00een lumin\u0103 persoanele cu sindrom Down: o coregrafie pentru a dansa pentru a v\u0103 bucura, a s\u0103rb\u0103tori \u00eempreun\u0103 cu persoanele cu sindrom Down.<\/p>\n<h4><span style=\"color: #ffcc00;\"><strong>1. Coregrafia<\/strong><\/span><\/h4>\n<p>A fost imaginat de un coregraf care lucra \u00eentr-un centru dedicat persoanelor cu sindrom Down. Muzica este un extras din ultimul single al artistului francez Kimberose: \u00ab\u00a0<em>\u00cenapoi pe picioare \u00bb.<\/em><\/p>\n<h4><span style=\"color: #99ccff;\"><strong>2. Provocarea \u00abDansul pentru 21 martie - Ziua interna\u021bional\u0103 a trisomiei 21\u00bb<\/strong><\/span><\/h4>\n<p>A fost lansat pe social media pe <strong><span style=\"color: #99ccff;\">3 martie 2021<\/span><\/strong>.<\/p>\n<p>Se adreseaz\u0103 cet\u0103\u021benilor \u021b\u0103rilor europene; toat\u0103 lumea este invitat\u0103 s\u0103 participe la provocare:<\/p>\n<ul>\n<li>S\u0103 exprim\u0103m bucuria \u0219i s\u0103-i onor\u0103m pe cei apropia\u021bi cu sindromul Down;<\/li>\n<li>Pentru a cunoa\u0219te persoanele cu sindrom Down din comunitatea noastr\u0103;<\/li>\n<li>Pentru a exprima o recuno\u0219tin\u021b\u0103 colectiv\u0103 pentru pozi\u021bia special\u0103 a persoanelor cu sindrom Down \u00een societatea noastr\u0103, care trebuie subliniat: o parte esen\u021bial\u0103 a societ\u0103\u021bii noastre.<\/li>\n<\/ul>\n<p>Concret:<\/p>\n<ul>\n<li>Toat\u0103 lumea \u00eenva\u021b\u0103 coregrafia, se \u00eenregistreaz\u0103 pe sine, o posteaz\u0103 pe social media \u0219i r\u0103sp\u00e2nde\u0219te post\u0103rile de<em> EUforTrisomy21<\/em>.<\/li>\n<li>Folosind urm\u0103toarele hashtag-uri: <span style=\"color: #99ccff;\"><strong>#EUfortrisomy21<\/strong><strong> #challenge #downsyndrome<\/strong><\/span><\/li>\n<\/ul>\n<h4><strong><span style=\"color: #ffcc00;\">3. Cod vestimentar (dac\u0103 este posibil)<\/span><\/strong><\/h4>\n<p>Sus: alb \/ Jos: albastru \/ \u0218osete sau pantofi nepotrivite<\/p>\n<h4><strong><span style=\"color: #99ccff;\">4. EUfortrisomia21<\/span><\/strong><\/h4>\n<p>EUfortrisomy21 este o comunitate de p\u0103rin\u021bi a persoanelor cu sindrom Down din toat\u0103 Europa: <strong><span style=\"color: #99ccff;\">Sunt implicate 19 \u021b\u0103ri<\/span><\/strong> reprezent\u00e2nd <strong><span style=\"color: #99ccff;\">55 de asocia\u021bii<\/span><\/strong> care sunt <strong><span style=\"color: #99ccff;\">parteneri<\/span><\/strong> a proiectului EUforTrisomy21 pentru edi\u021bia 2021 a Zilei Interna\u021bionale a Trisomiei 21.<\/p>\n<p>&nbsp;<\/p>\n<p style=\"text-align: center;\">Contact: contact@eufortrisomy21.eu<\/p>\n<p style=\"text-align: right;\"><a href=\"https:\/\/eufortrisomy21.eu\/wp-content\/uploads\/2021\/03\/EN-EUfortrisomy21-dancing-video-03-03-21.pdf\" target=\"_blank\" rel=\"noopener\">Click aici<\/a> pentru a desc\u0103rca comunicatul de pres\u0103<\/p>","protected":false},"excerpt":{"rendered":"<p>The next International Day of Trisomy 21 will take place on Sunday 21st March 2021. In order to celebrate this&hellip;<\/p>","protected":false},"author":3,"featured_media":0,"comment_status":"closed","ping_status":"closed","sticky":false,"template":"","format":"standard","meta":{"_acf_changed":false,"footnotes":""},"categories":[45],"tags":[],"class_list":["post-31446","post","type-post","status-publish","format-standard","hentry","category-21-march-21"],"acf":[],"_links":{"self":[{"href":"https:\/\/eufortrisomy21.eu\/ro\/wp-json\/wp\/v2\/posts\/31446"}],"collection":[{"href":"https:\/\/eufortrisomy21.eu\/ro\/wp-json\/wp\/v2\/posts"}],"about":[{"href":"https:\/\/eufortrisomy21.eu\/ro\/wp-json\/wp\/v2\/types\/post"}],"author":[{"embeddable":true,"href":"https:\/\/eufortrisomy21.eu\/ro\/wp-json\/wp\/v2\/users\/3"}],"replies":[{"embeddable":true,"href":"https:\/\/eufortrisomy21.eu\/ro\/wp-json\/wp\/v2\/comments?post=31446"}],"version-history":[{"count":0,"href":"https:\/\/eufortrisomy21.eu\/ro\/wp-json\/wp\/v2\/posts\/31446\/revisions"}],"wp:attachment":[{"href":"https:\/\/eufortrisomy21.eu\/ro\/wp-json\/wp\/v2\/media?parent=31446"}],"wp:term":[{"taxonomy":"category","embeddable":true,"href":"https:\/\/eufortrisomy21.eu\/ro\/wp-json\/wp\/v2\/categories?post=31446"},{"taxonomy":"post_tag","embeddable":true,"href":"https:\/\/eufortrisomy21.eu\/ro\/wp-json\/wp\/v2\/tags?post=31446"}],"curies":[{"name":"wp","href":"https:\/\/api.w.org\/{rel}","templated":true}]}}