{"id":31637,"date":"2021-03-11T16:22:13","date_gmt":"2021-03-11T15:22:13","guid":{"rendered":"https:\/\/eufortrisomy21.eu\/?p=31637"},"modified":"2021-03-11T16:25:52","modified_gmt":"2021-03-11T15:25:52","slug":"press-release-focus-on-the-online-conference","status":"publish","type":"post","link":"https:\/\/eufortrisomy21.eu\/ro\/press-release-focus-on-the-online-conference\/","title":{"rendered":"Comunicat de pres\u0103: Concentra\u021bi-v\u0103 pe CONFERIN\u021aA (online)"},"content":{"rendered":"<p style=\"text-align: right;\"><img loading=\"lazy\" decoding=\"async\" class=\"size-medium wp-image-14470 alignleft\" src=\"https:\/\/eufortrisomy21.eu\/wp-content\/uploads\/2020\/02\/Banniere7-300x120.jpg\" alt=\"\" width=\"300\" height=\"120\" srcset=\"https:\/\/eufortrisomy21.eu\/wp-content\/uploads\/2020\/02\/Banniere7-300x120.jpg 300w, https:\/\/eufortrisomy21.eu\/wp-content\/uploads\/2020\/02\/Banniere7-1024x410.jpg 1024w, https:\/\/eufortrisomy21.eu\/wp-content\/uploads\/2020\/02\/Banniere7-768x307.jpg 768w, https:\/\/eufortrisomy21.eu\/wp-content\/uploads\/2020\/02\/Banniere7-1536x614.jpg 1536w, https:\/\/eufortrisomy21.eu\/wp-content\/uploads\/2020\/02\/Banniere7.jpg 2000w\" sizes=\"(max-width: 300px) 100vw, 300px\" \/>Comunicat de pres\u0103<\/p>\n<p style=\"text-align: right;\">Bruxelles<\/p>\n<p style=\"text-align: right;\">10 martie 2021<\/p>\n<p>&nbsp;<\/p>\n<h2 style=\"text-align: center;\"><span style=\"color: #99ccff;\">3 proiecte pentru s\u0103rb\u0103torirea Zilei Mondiale a Sindromului Down \u00a0<\/span><\/h2>\n<h2 style=\"text-align: center;\"><span style=\"color: #ffcc00;\"><span class=\"fontstyle0\">Concentra\u021bi-v\u0103 pe (online) <\/span><span class=\"fontstyle2\">CONFERIN\u0162\u0102<\/span><\/span><\/h2>\n<h2 style=\"text-align: center;\"><span style=\"color: #000000;\">\u00a0<span class=\"fontstyle0\">Trisomia 21: Ce poate face Europa?<\/span><\/span><\/h2>\n<p style=\"text-align: center;\">\u00a0<span class=\"fontstyle0\">Pentru a s\u0103rb\u0103tori Ziua Interna\u021bional\u0103 a Trisomiei 21, <em>EUfortrisomy21<\/em> organizeaz\u0103 o conferin\u021b\u0103<br \/>\n<\/span><span class=\"fontstyle2\"><span style=\"color: #99ccff;\"><strong>Joi, 18 martie 2021, de la 14 la 15:30<\/strong><\/span><br \/>\n<\/span><span class=\"fontstyle0\">(Fus orar Bruxelles)<\/span><\/p>\n<p><span style=\"color: #ffcc00;\"><span style=\"color: #333333;\"><span class=\"fontstyle0\">P\u0103rin\u021bi exper\u021bi, o persoan\u0103 cu sindrom Down \u0219i europarlamentari (doamna Estrella Dura (S&amp;D), doamna Katrin Langensiepen (verzi), doamna Radka Maxova (re\u00eennoire), domnul Fran\u00e7ois-Xavier Bellamy (PPE), domnul Patrick Jaki (ECR)) va vorbi despre probleme majore pentru persoanele cu sindrom Down: vizibilitate, autonomie, incluziune, nediscriminare \u0219i demnitate.<\/span><\/span><\/span><\/p>\n<p><span style=\"color: #ffcc00;\"><span style=\"color: #333333;\"><span class=\"fontstyle0\"><img loading=\"lazy\" decoding=\"async\" class=\"size-medium wp-image-31642 alignleft\" src=\"https:\/\/eufortrisomy21.eu\/wp-content\/uploads\/2021\/03\/Trisomy-21-What-can-Europe-do-253x300.jpg\" alt=\"\" width=\"253\" height=\"300\" srcset=\"https:\/\/eufortrisomy21.eu\/wp-content\/uploads\/2021\/03\/Trisomy-21-What-can-Europe-do-253x300.jpg 253w, https:\/\/eufortrisomy21.eu\/wp-content\/uploads\/2021\/03\/Trisomy-21-What-can-Europe-do-10x12.jpg 10w, https:\/\/eufortrisomy21.eu\/wp-content\/uploads\/2021\/03\/Trisomy-21-What-can-Europe-do.jpg 708w\" sizes=\"(max-width: 253px) 100vw, 253px\" \/>Aceste interven\u021bii \u0219i discu\u021bii vor fi utile pentru dezbaterea despre <\/span><span class=\"fontstyle2\">Uniunea egalit\u0103\u021bii: <strong>Strategia privind drepturile persoanelor cu dizabilit\u0103\u021bi 2021-2030 <\/strong><\/span><span class=\"fontstyle0\">(anun\u021bat de Parlamentul European pe 3<\/span><span class=\"fontstyle0\">rd <\/span><span class=\"fontstyle0\">din martie).<\/span><\/span><strong><span class=\"fontstyle0\"><br \/>\n<\/span><\/strong><\/span><\/p>\n<p><span style=\"color: #333333;\"><span class=\"fontstyle0\">O traducere este planificat\u0103 \u00een:<br \/>\n<\/span><\/span><\/p>\n<ul>\n<li><span style=\"color: #333333;\"><span class=\"fontstyle0\">Englez\u0103<\/span><\/span><\/li>\n<li><span style=\"color: #333333;\"><span class=\"fontstyle0\">German\u0103 (limb\u0103 normal\u0103 \u0219i u\u0219oar\u0103)<\/span><\/span><\/li>\n<li><span style=\"color: #333333;\"><span class=\"fontstyle0\">Spaniol\u0103<\/span><\/span><\/li>\n<li><span style=\"color: #333333;\"><span class=\"fontstyle0\">limba franceza<\/span><\/span><\/li>\n<\/ul>\n<p style=\"text-align: center;\"><span style=\"color: #ffcc00;\"><span class=\"fontstyle0\" style=\"color: #333333;\">Dac\u0103 vrei <\/span><strong><span class=\"fontstyle3\">particip\u0103 la conferin\u021b\u0103<\/span><\/strong><span class=\"fontstyle0\" style=\"color: #333333;\">, v\u0103 rug\u0103m s\u0103 v\u0103 \u00eenregistra\u021bi pe<\/span><strong><span class=\"fontstyle0\"><br \/>\n<\/span><a href=\"mailto:contact@eufortrisomy21.eu\"><span class=\"fontstyle0\">contact@eufortrisomy21.eu<\/span><\/a><\/strong><\/span><\/p>\n<p>&nbsp;<\/p>\n<p style=\"text-align: center;\"><span class=\"fontstyle0\">EUfortrisomy21 <\/span><span class=\"fontstyle2\">este o comunitate de p\u0103rin\u021bi a copiilor cu sindrom Down,<br \/>\nuni\u021bi pentru a promova drepturile persoanelor cu sindrom Down \u00een 4 domenii prioritare:<br \/>\nvizibilitate, nediscriminare, s\u0103n\u0103tate, autonomie<\/span><\/p>\n<p style=\"text-align: center;\"><strong>a lua legatura<\/strong> : contact@eufortrisomy21.eu<\/p>\n<p style=\"text-align: right;\"><a href=\"https:\/\/eufortrisomy21.eu\/wp-content\/uploads\/2021\/03\/2021-03-11-EN-PRESS-RELEASE-conference.pdf\" target=\"_blank\" rel=\"noopener\">Click aici <\/a>pentru a desc\u0103rca comunicatul de pres\u0103<\/p>","protected":false},"excerpt":{"rendered":"<p>\u00a0To celebrate the International Day of Trisomy 21, EUfortrisomy21 organizes a conference Thursday 18th March 2021 from 2 to 3:30&hellip;<\/p>","protected":false},"author":3,"featured_media":0,"comment_status":"closed","ping_status":"closed","sticky":false,"template":"","format":"standard","meta":{"_acf_changed":false,"footnotes":""},"categories":[45],"tags":[],"class_list":["post-31637","post","type-post","status-publish","format-standard","hentry","category-21-march-21"],"acf":[],"_links":{"self":[{"href":"https:\/\/eufortrisomy21.eu\/ro\/wp-json\/wp\/v2\/posts\/31637"}],"collection":[{"href":"https:\/\/eufortrisomy21.eu\/ro\/wp-json\/wp\/v2\/posts"}],"about":[{"href":"https:\/\/eufortrisomy21.eu\/ro\/wp-json\/wp\/v2\/types\/post"}],"author":[{"embeddable":true,"href":"https:\/\/eufortrisomy21.eu\/ro\/wp-json\/wp\/v2\/users\/3"}],"replies":[{"embeddable":true,"href":"https:\/\/eufortrisomy21.eu\/ro\/wp-json\/wp\/v2\/comments?post=31637"}],"version-history":[{"count":0,"href":"https:\/\/eufortrisomy21.eu\/ro\/wp-json\/wp\/v2\/posts\/31637\/revisions"}],"wp:attachment":[{"href":"https:\/\/eufortrisomy21.eu\/ro\/wp-json\/wp\/v2\/media?parent=31637"}],"wp:term":[{"taxonomy":"category","embeddable":true,"href":"https:\/\/eufortrisomy21.eu\/ro\/wp-json\/wp\/v2\/categories?post=31637"},{"taxonomy":"post_tag","embeddable":true,"href":"https:\/\/eufortrisomy21.eu\/ro\/wp-json\/wp\/v2\/tags?post=31637"}],"curies":[{"name":"wp","href":"https:\/\/api.w.org\/{rel}","templated":true}]}}