{"id":32206,"date":"2021-03-19T13:25:51","date_gmt":"2021-03-19T12:25:51","guid":{"rendered":"https:\/\/eufortrisomy21.eu\/?p=32206"},"modified":"2022-06-24T11:55:59","modified_gmt":"2022-06-24T09:55:59","slug":"press-release-on-march-21st-europe-is-honouring-persons-with-downs-syndrome","status":"publish","type":"post","link":"https:\/\/eufortrisomy21.eu\/ro\/press-release-on-march-21st-europe-is-honouring-persons-with-downs-syndrome\/","title":{"rendered":"Comunicat de pres\u0103: pe 21 martie, Europa onoreaz\u0103 persoanele cu sindrom Down"},"content":{"rendered":"<p style=\"text-align: right;\"><img loading=\"lazy\" decoding=\"async\" class=\"size-medium wp-image-14470 alignleft\" src=\"https:\/\/eufortrisomy21.eu\/wp-content\/uploads\/2020\/02\/Banniere7-300x120.jpg\" alt=\"\" width=\"300\" height=\"120\" srcset=\"https:\/\/eufortrisomy21.eu\/wp-content\/uploads\/2020\/02\/Banniere7-300x120.jpg 300w, https:\/\/eufortrisomy21.eu\/wp-content\/uploads\/2020\/02\/Banniere7-1024x410.jpg 1024w, https:\/\/eufortrisomy21.eu\/wp-content\/uploads\/2020\/02\/Banniere7-768x307.jpg 768w, https:\/\/eufortrisomy21.eu\/wp-content\/uploads\/2020\/02\/Banniere7-1536x614.jpg 1536w, https:\/\/eufortrisomy21.eu\/wp-content\/uploads\/2020\/02\/Banniere7.jpg 2000w\" sizes=\"(max-width: 300px) 100vw, 300px\" \/>Comunicat de pres\u0103<\/p>\n<p style=\"text-align: right;\">Bruxelles<\/p>\n<p style=\"text-align: right;\">19 martie 2021<\/p>\n<p>&nbsp;<\/p>\n<h2 style=\"text-align: center;\"><span style=\"color: #99ccff;\"><strong>Pe 21 martie, Europa onoreaz\u0103 persoanele cu sindrom Down:\u00a0\u00a0<\/strong><strong>cet\u0103\u021beni <\/strong><\/span><strong>\u0219i <span style=\"color: #99ccff;\">Lideri politici<\/span> sunt invita\u021bi s\u0103 s\u0103rb\u0103toreasc\u0103 <\/strong><span style=\"color: #99ccff;\"><strong>Ziua interna\u021bional\u0103 a trisomiei 21<\/strong><\/span><span style=\"color: #99ccff;\">\u00a0<\/span><\/h2>\n<p style=\"text-align: center;\"><strong>Mul\u021bumesc <span style=\"color: #ffcc00;\">Dna Von der Leyen<\/span> \u0219i c\u0103tre <span style=\"color: #ffcc00;\">Membrii Parlamentului European (europarlamentari)<\/span><\/strong><\/p>\n<p style=\"text-align: center;\"><strong>care sunt implica\u021bi \u00een aceast\u0103 campanie.<\/strong><\/p>\n<p style=\"text-align: left;\"><span style=\"color: #000000;\">\u00a0<\/span>Timp de o s\u0103pt\u0103m\u00e2n\u0103 \u00eentreag\u0103, mii de cet\u0103\u021beni \u0219i familii din toat\u0103 Europa r\u0103sp\u00e2ndesc provocarea \u00ab\u00a0<em>Dans pentru 21 martie\u00a0<\/em>\u00bb<\/p>\n<p style=\"text-align: center;\"><span style=\"color: #99ccff;\"><strong>Toat\u0103 lumea este invitat\u0103 s\u0103 se al\u0103ture mobiliz\u0103rii p\u00e2n\u0103 pe 21 martie<\/strong><\/span><\/p>\n<p style=\"text-align: center;\">prin distribuirea compila\u021biei video publicat\u0103 miercuri seara (17 martie):<\/p>\n<p style=\"text-align: center;\"><span style=\"color: #99ccff;\"><strong>@ eufortrisomy21<br \/>\n#EUfortrisomy21 #challenge #downsyndrome<\/strong><\/span><\/p>\n<p>Pentru a descoperi mai departe <a href=\"https:\/\/eufortrisomy21.eu\/fr\/\">https:\/\/eufortrisomy21.eu\/fr\/<\/a><br \/>\nPentru a partaja:<br \/>\n* twitter *: <a href=\"https:\/\/twitter.com\/eufortrisomy21?s=21\">https:\/\/twitter.com\/eufortrisomy21?s=21<\/a><br \/>\n* Instagram *: <a href=\"https:\/\/instagram.com\/eufortrisomy21?igshid=1htqe2arifhnb\">https:\/\/instagram.com\/eufortrisomy21?igshid=1htqe2arifhnb<br \/>\n<\/a>*Facebook * : <a href=\"https:\/\/www.facebook.com\/EUforTrisomy21\/\">https:\/\/www.facebook.com\/EUforTrisomy21\/<\/a><br \/>\n*TIC-tac * : <a href=\"https:\/\/vm.tiktok.com\/ZSJFpN5D8\/\">https:\/\/vm.tiktok.com\/ZSJFpN5D8\/<\/a><\/p>\n<p>\u00cen cadrul unui proiect diferit, liderii politici europeni \u00ee\u0219i arat\u0103 dorin\u021ba de a s\u0103rb\u0103tori aceast\u0103 dat\u0103 prin sponsorizarea unui t\u00e2n\u0103r cu sindrom Down. <span style=\"color: #ffcc00;\"><strong>1<\/strong><strong>23 de europarlamentari <\/strong><\/span>au r\u0103spuns pozitiv la propunerea de a \u00eent\u00e2lni (adesea practic) un t\u00e2n\u0103r cu sindrom Down \u0219i \/ sau p\u0103rin\u021bii acestuia din \u021bara lor, devenind atunci un \u201esus\u021bin\u0103tor al Trsisomiei 21\u201d. Domni\u0219oar\u0103. <span style=\"color: #ffcc00;\"><strong>von der Leyen<\/strong><\/span>, pre\u0219edintele Comisiei Europene, particip\u0103 \u0219i sus\u021bine ini\u021biativa.<\/p>\n<p>&nbsp;<\/p>\n<p><img loading=\"lazy\" decoding=\"async\" class=\"aligncenter wp-image-32207 size-full\" src=\"https:\/\/eufortrisomy21.eu\/wp-content\/uploads\/2021\/03\/EN.png\" alt=\"\" width=\"1241\" height=\"1754\" srcset=\"https:\/\/eufortrisomy21.eu\/wp-content\/uploads\/2021\/03\/EN.png 1241w, https:\/\/eufortrisomy21.eu\/wp-content\/uploads\/2021\/03\/EN-212x300.png 212w, https:\/\/eufortrisomy21.eu\/wp-content\/uploads\/2021\/03\/EN-725x1024.png 725w, https:\/\/eufortrisomy21.eu\/wp-content\/uploads\/2021\/03\/EN-768x1085.png 768w, https:\/\/eufortrisomy21.eu\/wp-content\/uploads\/2021\/03\/EN-1087x1536.png 1087w, https:\/\/eufortrisomy21.eu\/wp-content\/uploads\/2021\/03\/EN-8x12.png 8w\" sizes=\"(max-width: 1241px) 100vw, 1241px\" \/><\/p>\n<p style=\"text-align: center;\"><span class=\"fontstyle0\">EUfortrisomy21 <\/span><span class=\"fontstyle2\">este o comunitate de p\u0103rin\u021bi a copiilor cu sindrom Down,<br \/>\nuni\u021bi pentru a promova drepturile persoanelor cu sindrom Down \u00een 4 domenii prioritare:<br \/>\nvizibilitate, nediscriminare, s\u0103n\u0103tate, autonomie<\/span><\/p>\n<p style=\"text-align: center;\"><strong>a lua legatura<\/strong> : contact@eufortrisomy21.eu<\/p>\n<p style=\"text-align: right;\"><a href=\"https:\/\/eufortrisomy21.eu\/wp-content\/uploads\/2021\/03\/2021-03-19-FINAL-PRESS-RELEASE.pdf\" target=\"_blank\" rel=\"noopener\">Click aici <\/a>pentru a desc\u0103rca comunicatul de pres\u0103<\/p>\n<p style=\"text-align: right;\"><a href=\"https:\/\/eufortrisomy21.eu\/wp-content\/uploads\/2021\/03\/Communique-de-presse_EN.pdf\" target=\"_blank\" rel=\"noopener\">Click aici <\/a>pentru a desc\u0103rca cifrele semnificative<\/p>","protected":false},"excerpt":{"rendered":"<p>\u00a0To celebrate the International Day of Trisomy 21, EUfortrisomy21 organizes a conference Thursday 18th March 2021 from 2 to 3:30&hellip;<\/p>","protected":false},"author":3,"featured_media":0,"comment_status":"closed","ping_status":"closed","sticky":false,"template":"","format":"standard","meta":{"_acf_changed":false,"footnotes":""},"categories":[45],"tags":[],"class_list":["post-32206","post","type-post","status-publish","format-standard","hentry","category-21-march-21"],"acf":[],"_links":{"self":[{"href":"https:\/\/eufortrisomy21.eu\/ro\/wp-json\/wp\/v2\/posts\/32206"}],"collection":[{"href":"https:\/\/eufortrisomy21.eu\/ro\/wp-json\/wp\/v2\/posts"}],"about":[{"href":"https:\/\/eufortrisomy21.eu\/ro\/wp-json\/wp\/v2\/types\/post"}],"author":[{"embeddable":true,"href":"https:\/\/eufortrisomy21.eu\/ro\/wp-json\/wp\/v2\/users\/3"}],"replies":[{"embeddable":true,"href":"https:\/\/eufortrisomy21.eu\/ro\/wp-json\/wp\/v2\/comments?post=32206"}],"version-history":[{"count":0,"href":"https:\/\/eufortrisomy21.eu\/ro\/wp-json\/wp\/v2\/posts\/32206\/revisions"}],"wp:attachment":[{"href":"https:\/\/eufortrisomy21.eu\/ro\/wp-json\/wp\/v2\/media?parent=32206"}],"wp:term":[{"taxonomy":"category","embeddable":true,"href":"https:\/\/eufortrisomy21.eu\/ro\/wp-json\/wp\/v2\/categories?post=32206"},{"taxonomy":"post_tag","embeddable":true,"href":"https:\/\/eufortrisomy21.eu\/ro\/wp-json\/wp\/v2\/tags?post=32206"}],"curies":[{"name":"wp","href":"https:\/\/api.w.org\/{rel}","templated":true}]}}