{"id":32350,"date":"2021-06-24T17:12:45","date_gmt":"2021-06-24T15:12:45","guid":{"rendered":"https:\/\/eufortrisomy21.eu\/?p=32350"},"modified":"2022-07-22T10:28:28","modified_gmt":"2022-07-22T08:28:28","slug":"online-conference-improving-the-visibility-of-people-with-down-syndrome-an-emergency-for-europe","status":"publish","type":"post","link":"https:\/\/eufortrisomy21.eu\/ro\/online-conference-improving-the-visibility-of-people-with-down-syndrome-an-emergency-for-europe\/","title":{"rendered":"Conferin\u021b\u0103 online - 8 iulie 2021 - \u00cembun\u0103t\u0103\u021birea vizibilit\u0103\u021bii persoanelor cu sindrom Down"},"content":{"rendered":"<p style=\"text-align: right;\"><img loading=\"lazy\" decoding=\"async\" class=\"size-medium wp-image-14470 alignleft\" src=\"https:\/\/eufortrisomy21.eu\/wp-content\/uploads\/2020\/02\/Banniere7-300x120.jpg\" alt=\"\" width=\"300\" height=\"120\" srcset=\"https:\/\/eufortrisomy21.eu\/wp-content\/uploads\/2020\/02\/Banniere7-300x120.jpg 300w, https:\/\/eufortrisomy21.eu\/wp-content\/uploads\/2020\/02\/Banniere7-1024x410.jpg 1024w, https:\/\/eufortrisomy21.eu\/wp-content\/uploads\/2020\/02\/Banniere7-768x307.jpg 768w, https:\/\/eufortrisomy21.eu\/wp-content\/uploads\/2020\/02\/Banniere7-1536x614.jpg 1536w, https:\/\/eufortrisomy21.eu\/wp-content\/uploads\/2020\/02\/Banniere7.jpg 2000w\" sizes=\"(max-width: 300px) 100vw, 300px\" \/><\/p>\n<p>&nbsp;<\/p>\n<p>&nbsp;<\/p>\n<p>&nbsp;<\/p>\n<p>&nbsp;<\/p>\n<h2 style=\"text-align: center;\">\u00cembun\u0103t\u0103\u021birea vizibilit\u0103\u021bii persoanelor cu sindrom Down: o urgen\u021b\u0103 pentru Europa. De ce? Cum?<\/h2>\n<p>\u00cembun\u0103t\u0103\u021birea vizibilit\u0103\u021bii persoanelor cu sindrom Down \u00een Europa ar trebui s\u0103 fie o dezbatere major\u0103 \u00een cadrul <a href=\"https:\/\/futureu.europa.eu\/\" target=\"_blank\" rel=\"noopener\">consultarea cet\u0103\u021benilor pentru viitorul Europei<\/a>.<\/p>\n<p><strong><a href=\"https:\/\/docs.google.com\/forms\/d\/e\/1FAIpQLSfcweCVPOG7YO_JwvF9NAbhpVdDDrUbxl59EM7JJ17kPaB95Q\/viewform\" target=\"_blank\" rel=\"noopener\">\u00cenregistreaz\u0103-te aici<\/a> <\/strong>s\u0103 participe la conferin\u021ba online EUfortrisomy21 privind <strong>8 iulie la ora 18:00 (ora Bruxelles-ului)<\/strong> \u0219i s\u0103 contribuie la dezbaterile online ale consult\u0103rii cet\u0103\u021benilor privind \u201eViitorul Europei\u201d pentru a \u00eembun\u0103t\u0103\u021bi vizibilitatea persoanelor cu sindrom Down.<\/p>\n<p><strong>Limbi:<\/strong> Englez\u0103, spaniol\u0103, francez\u0103, german\u0103, german\u0103, ceh\u0103 \u0219i italian\u0103<\/p>\n<p>&nbsp;<\/p>\n<h2><u>Program:<\/u><\/h2>\n<p><strong>Introducere: <\/strong>Domnul Brando Benifei (Membru al Parlamentului European \u2013 Italia)<\/p>\n<p><strong>Partea 1: Cazuri controversate de discriminare \u00een Europa\u00a0<\/strong><\/p>\n<ul>\n<li>Drag\u0103 viitoare mam\u0103 \u2013 Riccardo Bianchi \u2013 Coordown (IT)<\/li>\n<li>Drag\u0103 viitoare mam\u0103 (cenzura \u0219i cazul \u00een fa\u021ba CEDO) \u2013 Lucie Pacherie \u2013 Fondation J\u00e9r\u00f4me Lejeune (FR)<\/li>\n<li>Cazul Arcadi Spada (SP) \u0219i cazul Richard Dawkins \u2013 Raquel del Barrio (p\u0103rinte referent a UE pentru Trisomia 21 \u00een Spania)<\/li>\n<\/ul>\n<p><strong>Partea 2: De ce acest discurs al discrimin\u0103rii mai exist\u0103 \u00een Europa?<\/strong><\/p>\n<ul>\n<li>Filosof: Danielle Moyse (FR)<\/li>\n<li>Tina Sander (fondatorul asocia\u021biei): campania #NoNIPT \u00een Germania (GE)<\/li>\n<li>Auto-avocat\u0103: Natalie Dedreux \u2013 blogger \u0219i jurnalist (GE)<\/li>\n<\/ul>\n<p><strong>Partea 3: Cum s\u0103 ac\u021bion\u0103m pentru a promova demnitatea \u0219i a favoriza vizibilitatea persoanelor cu trisomie 21?<\/strong><\/p>\n<ul>\n<li>Auto-avocat: Caterina Moretti (SP)<\/li>\n<li>Videoclip al doamnei Dubravka Suica, membru al Comisiei Europene, pre\u0219edinte al conferin\u021bei pentru Viitorul Europei<\/li>\n<\/ul>\n<p><strong>Intrebari si raspunsuri<\/strong><\/p>\n<p><strong>Concluzie: <\/strong>Dna Radka Maxova (deputat \u00een Parlamentul European \u2013 Republica Ceh\u0103)<\/p>\n<p id=\"tw-target-text\" class=\"tw-data-text tw-text-large XcVN5d tw-ta\" data-placeholder=\"Traduction\">Sunt disponibile videoclipurile reluate ale conferin\u021bei noastre online <a href=\"https:\/\/www.youtube.com\/channel\/UCFbORaGOrc9HBNBSK7DG-nQ?app=desktop&amp;pli=1\" target=\"_blank\" rel=\"noopener\">pe canalul nostru de YouTube<\/a>.<\/p>\n<p style=\"text-align: center;\"><span class=\"fontstyle0\">EUfortrisomy21 <\/span><span class=\"fontstyle2\">este o comunitate de p\u0103rin\u021bi a copiilor cu sindrom Down,<br \/>\nuni\u021bi pentru a promova drepturile persoanelor cu sindrom Down \u00een 4 domenii prioritare:<br \/>\nvizibilitate, nediscriminare, s\u0103n\u0103tate, autonomie<\/span><\/p>\n<p style=\"text-align: center;\"><strong>a lua legatura<\/strong> : contact@eufortrisomy21.eu<\/p>\n<p style=\"text-align: right;\">","protected":false},"excerpt":{"rendered":"<p>Improving the visibility of people with Down syndrome in Europe should be a major debate in the citizen\u2019s consultation for&hellip;<\/p>","protected":false},"author":3,"featured_media":0,"comment_status":"closed","ping_status":"closed","sticky":false,"template":"","format":"standard","meta":{"_acf_changed":false,"footnotes":""},"categories":[45],"tags":[],"class_list":["post-32350","post","type-post","status-publish","format-standard","hentry","category-21-march-21"],"acf":[],"_links":{"self":[{"href":"https:\/\/eufortrisomy21.eu\/ro\/wp-json\/wp\/v2\/posts\/32350"}],"collection":[{"href":"https:\/\/eufortrisomy21.eu\/ro\/wp-json\/wp\/v2\/posts"}],"about":[{"href":"https:\/\/eufortrisomy21.eu\/ro\/wp-json\/wp\/v2\/types\/post"}],"author":[{"embeddable":true,"href":"https:\/\/eufortrisomy21.eu\/ro\/wp-json\/wp\/v2\/users\/3"}],"replies":[{"embeddable":true,"href":"https:\/\/eufortrisomy21.eu\/ro\/wp-json\/wp\/v2\/comments?post=32350"}],"version-history":[{"count":0,"href":"https:\/\/eufortrisomy21.eu\/ro\/wp-json\/wp\/v2\/posts\/32350\/revisions"}],"wp:attachment":[{"href":"https:\/\/eufortrisomy21.eu\/ro\/wp-json\/wp\/v2\/media?parent=32350"}],"wp:term":[{"taxonomy":"category","embeddable":true,"href":"https:\/\/eufortrisomy21.eu\/ro\/wp-json\/wp\/v2\/categories?post=32350"},{"taxonomy":"post_tag","embeddable":true,"href":"https:\/\/eufortrisomy21.eu\/ro\/wp-json\/wp\/v2\/tags?post=32350"}],"curies":[{"name":"wp","href":"https:\/\/api.w.org\/{rel}","templated":true}]}}