{"id":33055,"date":"2021-11-15T10:18:07","date_gmt":"2021-11-15T09:18:07","guid":{"rendered":"https:\/\/eufortrisomy21.eu\/?p=33055"},"modified":"2022-09-28T15:16:41","modified_gmt":"2022-09-28T13:16:41","slug":"we-want-more-campaign","status":"publish","type":"post","link":"https:\/\/eufortrisomy21.eu\/ro\/we-want-more-campaign\/","title":{"rendered":"Vrem mai mult\u0103 campanie:"},"content":{"rendered":"<p>\u00cen luna noiembrie, Eu for Trisomy 21, a condus o campanie de promovare a particip\u0103rii persoanelor cu sindrom Down la conferin\u021ba pentru viitorul Europei care a fost un mare succes \u0219i o campanie frumoas\u0103 \u00een favoarea vizibilit\u0103\u021bii persoanelor cu Down. Sindrom.<\/p>\n<h2>Ce este Conferin\u021ba pentru Viitorul Europei?<\/h2>\n<p>UE a cerut cet\u0103\u021benilor s\u0103i s\u0103-i ajute spun\u00e2ndu-le care ar dori s\u0103 fie viitoarele politici pentru Uniunea European\u0103. Ne implic\u0103m \u00een aceast\u0103 platform\u0103, a\u0219a c\u0103 \u0219i persoanele cu sindrom Down pot avea un cuv\u00e2nt de spus \u00een viitorul Uniunii Europene.<\/p>\n<p>Campania UE pentru Trisomia 21 a fost un mare succes, devenind a treia cea mai popular\u0103 campanie din \u00eentreaga platform\u0103 online: <a href=\"https:\/\/futureu.europa.eu\/processes\/ValuesRights\/f\/12\/proposals\/134773?locale=fr&amp;order=most_commented\">https:\/\/futureu.europa.eu\/processes\/ValuesRights\/f\/12\/proposals\/134773?locale=fr&amp;order=most_commented<\/a><\/p>\n<p>Am reu\u0219it s\u0103 vorbim despre importan\u021ba lucrului Uniunii Europene pentru ocuparea for\u021bei de munc\u0103, autonomie, \u00eengrijirea s\u0103n\u0103t\u0103\u021bii \u0219i nediscriminarea persoanelor cu sindrom Down. Facem apel la Comisia European\u0103 s\u0103 asculte afirma\u021biile noastre \u0219i s\u0103 fie \u00een favoarea drepturilor persoanelor cu sindrom Down.<\/p>\n<h2>De ce particip\u0103m la Conferin\u021ba pentru viitorul Europei:<\/h2>\n<p>\u00cen UE, nu exist\u0103 suficient\u0103 reprezentare pentru persoanele cu dizabilit\u0103\u021bi intelectuale.<\/p>\n<p>De exemplu, nu au existat persoane cu dizabilit\u0103\u021bi intelectuale implicate \u00een redactarea noii \u201eStrategii pentru drepturile persoanelor cu dizabilit\u0103\u021bi 2021-2030\u201d a UE. Ele nu sunt deloc men\u021bionate \u00een strategie. A nu avea reprezentare a avut un efect teribil asupra persoanelor cu dizabilit\u0103\u021bi intelectuale \u0219i neurologice, \u00een special pentru comunitatea Sindromului Down.<\/p>\n<p>Avem nevoie de mai mul\u021bi oameni care cunosc preocup\u0103rile \u0219i nevoile acestor comunit\u0103\u021bi prin experien\u021b\u0103 personal\u0103 pentru a ajuta UE s\u0103 scrie aceste politici. Vrem mai mult\u0103 reprezentare! De aceea am creat campania #WeWantMore.<\/p>\n<p>Noi, UE pentru Trisomia 21, am \u00eenceput o dezbatere despre problema reprezent\u0103rii. Adev\u0103rata democra\u021bie european\u0103 func\u021bioneaz\u0103 doar dac\u0103 \u00eei reprezint\u0103 cu adev\u0103rat pe to\u021bi cet\u0103\u021benii s\u0103i.<\/p>\n<p>Credem c\u0103 UE e\u0219ueaz\u0103 persoanele cu Trisomie 21, ne \u021bin\u00e2nd cont de nevoile lor speciale atunci c\u00e2nd vine vorba de vizibilitate, s\u0103n\u0103tate, autonomie \u0219i nediscriminare. Solicit\u0103m ca mai mul\u021bi oameni care au experien\u021b\u0103 de prim\u0103 m\u00e2n\u0103 cu preocup\u0103rile \u0219i nevoile persoanelor cu sindrom Down s\u0103 fie implica\u021bi personal \u00een crearea acestor politici. Vrem mai mult\u0103 reprezentare! #WeWantMore<\/p>\n<p>Pute\u021bi vedea toate informa\u021biile despre campania noastr\u0103 #Wewantmore \u00een re\u021belele noastre de socializare \u0219i pe aceast\u0103 pagin\u0103 web: <a href=\"https:\/\/eufortrisomy21.eu\/ro\/wewantmore\/\">https:\/\/eufortrisomy21.eu\/wewantmore\/<\/a><\/p>","protected":false},"excerpt":{"rendered":"<p>During the month of November, Eu for Trisomy 21, has led a campaign to promote the participation of people with&hellip;<\/p>","protected":false},"author":3,"featured_media":0,"comment_status":"closed","ping_status":"closed","sticky":false,"template":"","format":"standard","meta":{"_acf_changed":false,"footnotes":""},"categories":[45],"tags":[],"class_list":["post-33055","post","type-post","status-publish","format-standard","hentry","category-21-march-21"],"acf":[],"_links":{"self":[{"href":"https:\/\/eufortrisomy21.eu\/ro\/wp-json\/wp\/v2\/posts\/33055"}],"collection":[{"href":"https:\/\/eufortrisomy21.eu\/ro\/wp-json\/wp\/v2\/posts"}],"about":[{"href":"https:\/\/eufortrisomy21.eu\/ro\/wp-json\/wp\/v2\/types\/post"}],"author":[{"embeddable":true,"href":"https:\/\/eufortrisomy21.eu\/ro\/wp-json\/wp\/v2\/users\/3"}],"replies":[{"embeddable":true,"href":"https:\/\/eufortrisomy21.eu\/ro\/wp-json\/wp\/v2\/comments?post=33055"}],"version-history":[{"count":0,"href":"https:\/\/eufortrisomy21.eu\/ro\/wp-json\/wp\/v2\/posts\/33055\/revisions"}],"wp:attachment":[{"href":"https:\/\/eufortrisomy21.eu\/ro\/wp-json\/wp\/v2\/media?parent=33055"}],"wp:term":[{"taxonomy":"category","embeddable":true,"href":"https:\/\/eufortrisomy21.eu\/ro\/wp-json\/wp\/v2\/categories?post=33055"},{"taxonomy":"post_tag","embeddable":true,"href":"https:\/\/eufortrisomy21.eu\/ro\/wp-json\/wp\/v2\/tags?post=33055"}],"curies":[{"name":"wp","href":"https:\/\/api.w.org\/{rel}","templated":true}]}}