{"id":33237,"date":"2022-09-15T10:49:22","date_gmt":"2022-09-15T08:49:22","guid":{"rendered":"https:\/\/eufortrisomy21.eu\/?p=33237"},"modified":"2022-09-28T15:15:53","modified_gmt":"2022-09-28T13:15:53","slug":"eu-for-trisomy-21-reacts-to-echr-verdict-on-the-dear-future-mom-video","status":"publish","type":"post","link":"https:\/\/eufortrisomy21.eu\/ro\/eu-for-trisomy-21-reacts-to-echr-verdict-on-the-dear-future-mom-video\/","title":{"rendered":"UE pentru Trisomia 21 reac\u021bioneaz\u0103 la verdictul CEDO privind videoclipul \u201eDrag\u0103 viitoare mam\u0103\u201d."},"content":{"rendered":"<div class=\"page\" title=\"Pagina 1\">\n<div class=\"layoutArea\">\n<div class=\"column\">\n<p>\u00cen martie 2014, <a href=\"https:\/\/www.youtube.com\/watch?v=Ju-q4OnBtNU\">\u201eDrag\u0103 viitoare mam\u0103\u201d<\/a> campania video, sus\u021binut\u0103 de \u0219apte asocia\u021bii europene, a fost difuzat\u0103 \u00een \u00eentreaga lume pentru Ziua Mondial\u0103 a Sindromului Down.<\/p>\n<div id=\"attachment_33243\" style=\"width: 310px\" class=\"wp-caption alignleft\"><img loading=\"lazy\" decoding=\"async\" aria-describedby=\"caption-attachment-33243\" class=\"size-medium wp-image-33243\" src=\"https:\/\/eufortrisomy21.eu\/wp-content\/uploads\/2022\/09\/dear_future_mom-300x174.png\" alt=\"Dear Future Mom\" width=\"300\" height=\"174\" srcset=\"https:\/\/eufortrisomy21.eu\/wp-content\/uploads\/2022\/09\/dear_future_mom-300x174.png 300w, https:\/\/eufortrisomy21.eu\/wp-content\/uploads\/2022\/09\/dear_future_mom-1024x595.png 1024w, https:\/\/eufortrisomy21.eu\/wp-content\/uploads\/2022\/09\/dear_future_mom-768x446.png 768w, https:\/\/eufortrisomy21.eu\/wp-content\/uploads\/2022\/09\/dear_future_mom-18x10.png 18w, https:\/\/eufortrisomy21.eu\/wp-content\/uploads\/2022\/09\/dear_future_mom.png 1152w\" sizes=\"(max-width: 300px) 100vw, 300px\" \/><p id=\"caption-attachment-33243\" class=\"wp-caption-text\">Drag\u0103 viitoare mam\u0103<\/p><\/div>\n<p>Acest videoclip prezenta oameni cu trisomie 21 din toat\u0103 Europa vorbind cu o mam\u0103 care tocmai a aflat c\u0103 copilul pe care \u00eel a\u0219teapt\u0103 este purt\u0103tor de trisomie 21, cu acest mesaj \u201eOamenii cu sindrom Down pot tr\u0103i o via\u021b\u0103 fericit\u0103, depinde de toate. dintre noi&quot;.<\/p>\n<p>Acest videoclip a fost cenzurat \u00een Fran\u021ba de c\u0103tre CSA (Autoritatea Francez\u0103 de Radiodifuziune) cu motivul c\u0103 mesajul \u201ederanja con\u0219tiin\u021ba femeilor care, \u00een conformitate cu legea, f\u0103cuser\u0103 alegeri diferite \u00een via\u021ba personal\u0103\u201d.<\/p>\n<p>Ines De Pracomtal (o fat\u0103 cu Trisomie 21 care a ap\u0103rut \u00een filmule\u021b) \u0219i Funda\u021bia J\u00e9r\u00f4me Lejeune au formulat un recurs contest\u00e2nd decizia CSA, \u00een fa\u021ba Consiliului de Stat \u0219i dup\u0103 respingerea la Curtea European\u0103 a Drepturilor Omului \u00een 2017, s\u0103 cear\u0103 recunoa\u0219terea atacului asupra libert\u0103\u021bii de exprimare a persoanelor cu sindrom Down.<\/p>\n<p>\u00cen 2020, Curtea European\u0103 a Drepturilor Omului a fost de acord s\u0103 examineze cazul care recunoa\u0219te dreptul lui In\u00e9s \u0219i al oric\u0103rei fiin\u021be umane la o oportunitate just\u0103 de a se exprima. Dup\u0103 doi ani de examin\u0103ri \u0219i la 1 septembrie 2022, Curtea European\u0103 a Drepturilor Omului \u0219i-a pronun\u021bat \u00een sf\u00e2r\u0219it hot\u0103r\u00e2rea \u00een cazul videoclipului \u201eDrag\u0103 viitoare mam\u0103\u201d. \u201eInadmisibil\u201d, este decizia CEDO.<\/p>\n<p>Aceast\u0103 decizie este dezam\u0103gitoare, deoarece cenzureaz\u0103 vocile persoanelor cu Sindrom Down. Prin respingerea acestui caz, Curtea European\u0103 a Drepturilor Omului sugereaz\u0103 c\u0103 guvernele pot face presiuni pentru a reduce la t\u0103cere vocile persoanelor cu sindrom Down \u00een sfera public\u0103, f\u0103r\u0103 un<\/p>\n<p>y repercusiuni sau critici.<\/p>\n<p>UE pentru Trisomia 21 consider\u0103 c\u0103 libertatea de exprimare este fundamentul oric\u0103rei societ\u0103\u021bi libere \u0219i democratice. Este \u00eentemeiat \u00een dreptul interna\u021bional al drepturilor omului \u0219i credem c\u0103 fiecare voce merit\u0103 \u0219ansa de a fi auzit\u0103. Vom continua s\u0103 sus\u021binem, s\u0103 facem campanie \u0219i s\u0103 lucr\u0103m pentru ca vocile persoanelor cu sindrom Down s\u0103 fie auzite \u00een Europa \u0219i nu numai.<\/p>\n<p>Pute\u021bi urm\u0103ri videoclipul Dragii viitoare mame aici: https:\/\/www.youtube.com\/watch?v=Ju-q4OnBtNU<\/p>\n<\/div>\n<\/div>\n<\/div>","protected":false},"excerpt":{"rendered":"<p>In March 2014, the \u201cDear Future Mom\u201d campaign video, supported by seven European associations, was broadcast all over the world&hellip;<\/p>","protected":false},"author":3,"featured_media":0,"comment_status":"closed","ping_status":"closed","sticky":false,"template":"","format":"standard","meta":{"_acf_changed":false,"footnotes":""},"categories":[45],"tags":[47,46,48],"class_list":["post-33237","post","type-post","status-publish","format-standard","hentry","category-21-march-21","tag-dignity","tag-freedom-of-speech","tag-human-rights"],"acf":[],"_links":{"self":[{"href":"https:\/\/eufortrisomy21.eu\/ro\/wp-json\/wp\/v2\/posts\/33237"}],"collection":[{"href":"https:\/\/eufortrisomy21.eu\/ro\/wp-json\/wp\/v2\/posts"}],"about":[{"href":"https:\/\/eufortrisomy21.eu\/ro\/wp-json\/wp\/v2\/types\/post"}],"author":[{"embeddable":true,"href":"https:\/\/eufortrisomy21.eu\/ro\/wp-json\/wp\/v2\/users\/3"}],"replies":[{"embeddable":true,"href":"https:\/\/eufortrisomy21.eu\/ro\/wp-json\/wp\/v2\/comments?post=33237"}],"version-history":[{"count":0,"href":"https:\/\/eufortrisomy21.eu\/ro\/wp-json\/wp\/v2\/posts\/33237\/revisions"}],"wp:attachment":[{"href":"https:\/\/eufortrisomy21.eu\/ro\/wp-json\/wp\/v2\/media?parent=33237"}],"wp:term":[{"taxonomy":"category","embeddable":true,"href":"https:\/\/eufortrisomy21.eu\/ro\/wp-json\/wp\/v2\/categories?post=33237"},{"taxonomy":"post_tag","embeddable":true,"href":"https:\/\/eufortrisomy21.eu\/ro\/wp-json\/wp\/v2\/tags?post=33237"}],"curies":[{"name":"wp","href":"https:\/\/api.w.org\/{rel}","templated":true}]}}