{"id":33345,"date":"2022-12-07T18:00:43","date_gmt":"2022-12-07T17:00:43","guid":{"rendered":"https:\/\/eufortrisomy21.eu\/?p=33345"},"modified":"2024-02-20T17:22:44","modified_gmt":"2024-02-20T16:22:44","slug":"the-future-is-ours-time-for-more-autonomy","status":"publish","type":"post","link":"https:\/\/eufortrisomy21.eu\/ro\/the-future-is-ours-time-for-more-autonomy\/","title":{"rendered":"Viitorul este al nostru \u2013 timpul pentru mai mult\u0103 autonomie"},"content":{"rendered":"<p>Link YouTube: <a href=\"https:\/\/www.youtube.com\/watch?v=j2QFE6f5QPY\">maghiar (maghiar\u0103)<\/a>, <a href=\"https:\/\/www.youtube.com\/watch?v=y754i2Gk5jk\">Rom\u00e2n (Rom\u00e2n\u0103)<\/a>, <a href=\"https:\/\/www.youtube.com\/watch?v=imPvo3tS7l8\">Francez\u0103 (francez\u0103)<\/a>, <a href=\"https:\/\/www.youtube.com\/watch?v=ZjAbSg9kFG0\">Deutsch (german\u0103)<\/a>, <a href=\"https:\/\/www.youtube.com\/watch?v=-KLPE1gQVC4\">Polski (Polski)<\/a>, <a href=\"https:\/\/www.youtube.com\/watch?v=MgHYTZBAlyE\">\u03b5\u03bb\u03bb\u03b7\u03bd\u03b9\u03ba\u03ac (greac\u0103)<\/a><\/p>\n<p>Pute\u021bi arunca o privire la raportul nostru oficial <a href=\"https:\/\/drive.google.com\/file\/d\/1yMfOOM1MKX2PptIr70ZjFIDLy8B5rYdU\/view?usp=sharing\">Aici<\/a>.<\/p>\n<p>Pe 7<sup>a<\/sup> din decembrie 2022, EU pentru Trisomia 21 a g\u0103zduit primul eveniment al proiectului nostru sponsorizat de UE, Viitorul este al nostru, cu titlul \u201eTimp pentru mai mult\u0103 AUTONOMIE\u201d.<\/p>\n<p><span style=\"font-weight: 400;\">\u00cen septembrie 2022, re\u021beaua UE pentru Trisomia 21 a primit sprijin monetar prin programul de grant CERV al UE, lans\u00e2nd proiectul numit The Future is Ours. Acest proiect include 3 evenimente online, precum \u0219i un alt eveniment \u00een persoan\u0103 \u00een mai 2023 la Bruxelles. Fiecare eveniment se va concentra pe unul dintre cele patru obiective ale re\u021belei UE pentru Trisomia 21:<\/span><\/p>\n<p><span style=\"font-weight: 400;\">\u2013 Autonomie, Ce \u00eenseamn\u0103 pentru persoanele cu Sindrom Down s\u0103 fie independente \u0219i s\u0103 ia decizii\u00a0<\/span><\/p>\n<p><span style=\"font-weight: 400;\">\u2013 Vizibilitate, ce \u00eenseamn\u0103 pentru persoanele cu sindrom Down s\u0103 fie v\u0103zute \u0219i auzite\u00a0<\/span><\/p>\n<p><span style=\"font-weight: 400;\">\u2013 S\u0103n\u0103tate, importan\u021ba medicilor buni \u0219i a sprijinului medical\u00a0<\/span><\/p>\n<p><span style=\"font-weight: 400;\">\u2013 Tratament egal, Ce \u00eenseamn\u0103 pentru persoanele cu sindrom Down s\u0103 fie respectate<\/span><\/p>\n<p>Primul eveniment al acestui proiect \u201eTimp pentru mai mult\u0103 AUTONOMIE\u201d a avut loc online, ca parte a s\u0103rb\u0103toririi \u00een re\u021bele a Zilei Interna\u021bionale a Drepturilor Persoanelor cu Dizabilit\u0103\u021bi, pe data de 3.<sup>rd<\/sup> decembrie 2022.<\/p>\n<p>\u201eTimp pentru mai mult\u0103 AUTONOMIE\u201d a prezentat 5 vorbitori auto-avoca\u021bi din 5 \u021b\u0103ri diferite, care au vorbit despre importan\u021ba unei vie\u021bi autonome. A fost tradus\u0103 \u00een 9 limbi (englez\u0103, maghiar\u0103, rom\u00e2n\u0103, francez\u0103, german\u0103, polonez\u0103, greac\u0103 \u0219i spaniol\u0103) \u0219i a avut peste 400 de participan\u021bi din 22 de \u021b\u0103ri (16 \u021b\u0103ri UE).<\/p>\n<p><span style=\"font-weight: 400;\"><span style=\"font-weight: 400;\">Primul vorbitor de la eveniment a fost<strong> Soufiane El Amrani<\/strong>, an<\/span><\/span> expert u\u0219or de citit \u0219i \u00een advocacy care lucreaz\u0103 la organiza\u021bia Inclusion Europe din 2008. Ca parte a acestei lucr\u0103ri, a sus\u021binut multe cursuri de formare pentru a face informa\u021biile accesibile \u0219i cum s\u0103 consulte persoanele cu dizabilit\u0103\u021bi intelectuale \u00een decizia care \u00eei afecteaz\u0103. De asemenea, face parte din Platforma European\u0103 a Auto-advoca\u021bilor \u0219i din Echipa Empower Us. Din noiembrie 2020, Soufiane este reprezentantul auto-avoca\u021bilor pentru Europa la Council of Inclusion International.<\/p>\n<p>\u00cen cadrul evenimentului \u201eTimp pentru mai mult\u0103 AUTONOMIE\u201d, el a vorbit despre autonomia persoanelor cu dizabilit\u0103\u021bi \u00een cadrul UE, concentr\u00e2ndu-se pe viitoarea modificare a legii electorale care le permite persoanelor cu dizabilit\u0103\u021bi intelectuale, inclusiv persoanelor cu sindrom Down, s\u0103 voteze \u00een viitorul parlamentar al UE. alegerile din 2024. El a sensibilizat faptul c\u0103, de\u0219i modificarea legii electorale este un pas bun, UE trebuie s\u0103 \u00ee\u0219i \u00eembun\u0103t\u0103\u021beasc\u0103 comunicarea pentru a fi cu adev\u0103rat accesibil\u0103 pentru acest nou grup de aleg\u0103tori.<\/p>\n<p>Panelul \u201eVia\u021ba mea autonom\u0103\u201d a inclus patru vorbitori auto-avoca\u021bi din toat\u0103 Europa:<\/p>\n<ul>\n<li>\n<p class=\"_04xlpA direction-ltr align-start para-style-body\"><span class=\"JsGRdQ\"><strong>Fanny Neumayer<\/strong>, 27 de ani \u0219i locuie\u0219te \u00een Viena, <strong>Austria<\/strong>. <\/span><span class=\"JsGRdQ\">Doamna Neumayer lucreaz\u0103 la sediul Evangelische Gymnasium (o \u0219coal\u0103 secundar\u0103) din districtul 11 din Viena. <\/span><span class=\"JsGRdQ\">Ea a vorbit despre experien\u021bele ei de vot \u00een Austria.<\/span><\/p>\n<\/li>\n<li>\n<p class=\"_04xlpA direction-ltr align-start para-style-body\"><span class=\"JsGRdQ\"><strong>Fiona Lambart<\/strong>, 24 de ani \u0219i locuie\u0219te \u00een Darmstadt, l\u00e2ng\u0103 Frankfurt, <strong>Germania<\/strong>. <\/span><span class=\"JsGRdQ\">Doamna Lambart lucreaz\u0103 ca specialist \u00een menaj.<\/span><span class=\"JsGRdQ\">\u00a0Ea a vorbit despre munca ei \u0219i despre modul \u00een care lucreaz\u0103 pentru o via\u021b\u0103 autonom\u0103.<\/span><\/p>\n<\/li>\n<li>\n<p class=\"_04xlpA direction-ltr align-start para-style-body\"><span class=\"JsGRdQ\"><strong>Frantzeska\u2013Christina Douka<\/strong>, \u00een v\u00e2rst\u0103 de 37 de ani \u0219i locuie\u0219te \u00een Salonic, <strong>Grecia<\/strong>. Doamna Douka este beneficiar\u0103 a Asocia\u021biei Sindromului Down din Grecia, care locuie\u0219te pe cont propriu, \u00eentr-un apartament cu locuin\u021be sprijinite. <\/span><span class=\"JsGRdQ\">\u00cei place s\u0103 danseze \u0219i este o atlet\u0103 la gimnastic\u0103 ritmic\u0103. Ea a concurat de multe ori la Organiza\u021bia Special Olympic, a c\u00e2\u0219tigat medalii \u0219i a c\u0103l\u0103torit \u00een multe \u021b\u0103ri din Europa \u0219i din afara acesteia.<\/span><\/p>\n<\/li>\n<li>\n<p class=\"_04xlpA direction-ltr align-start para-style-body\"><span class=\"JsGRdQ\"><strong>Jean Phillipe Barone<\/strong>, \u00een v\u00e2rst\u0103 de 44 de ani, care locuie\u0219te \u00een Marsilia, <strong>Fran\u0163a<\/strong>. Locuie\u0219te \u00een apartamentul s\u0103u \u00eentr-o comunitate \u0219i lucreaz\u0103 \u00eentr-un restaurant adaptat. Se simte confortabil cu instrumentele de comunicare \u0219i reprezint\u0103 \u00een mod regulat asocia\u021bia #Tcap21 prin toate mediile. Acum se antreneaz\u0103 pentru a se al\u0103tura cafenelei noastre de deschidere #Train Inc. \u0219i apoi pentru a ob\u021bine autonomie total\u0103.<\/span><\/p>\n<\/li>\n<\/ul>\n<p>Dup\u0103 panel, participan\u021bii au putut s\u0103 pun\u0103 \u00eentreb\u0103ri vorbitorilor no\u0219tri. O bro\u0219ur\u0103 cu citate din discursurile lor, precum \u0219i power point-ul lui Soufiane <span style=\"font-weight: 400;\">El Amrani a fost pus la dispozi\u021bia tuturor participan\u021bilor. Acesta poate fi desc\u0103rcat \u00een limba englez\u0103 <a href=\"https:\/\/drive.google.com\/file\/d\/1SVsLWWYytRREpmbalTXhit8NbVKCsVkB\/view?usp=share_link\">Aici<\/a>.<\/span><\/p>\n<p>Pe parcursul organiz\u0103rii acestui eveniment, precum \u0219i al discu\u021biilor din timpul \u0219i dup\u0103 evenimentul \u00een sine, EU for Trisomy 21 \u00eentocme\u0219te o list\u0103 de recomand\u0103ri pe care UE s\u0103 le ia \u00een considerare atunci c\u00e2nd lucreaz\u0103 pentru a face alegerile parlamentare UE din 2024 cu adev\u0103rat accesibile persoanelor cu Down. Sindrom \u00een toate \u021b\u0103rile UE. Aceast\u0103 lucrare va fi \u00eenm\u00e2nat\u0103 Comisiei \u0219i Parlamentului UE cu ocazia Zilei Mondiale a Sindromului Down, 21 martie 2023.<\/p>\n<p><strong>Urm\u0103torul nostru eveniment: Time for More Visibility va avea loc pe 16 martie, la ora 18:00.\u00a0<\/strong><\/p>","protected":false},"excerpt":{"rendered":"<p>YouTube Link: Magyar (Hungarian), Rom\u00e2n (Romanian), Fran\u00e7ais (French), Deutsch (German), Polski (Polski), \u03b5\u03bb\u03bb\u03b7\u03bd\u03b9\u03ba\u03ac (Greek) You can take a look at&hellip;<\/p>","protected":false},"author":3,"featured_media":0,"comment_status":"closed","ping_status":"closed","sticky":false,"template":"","format":"standard","meta":{"_acf_changed":false,"footnotes":""},"categories":[45],"tags":[],"class_list":["post-33345","post","type-post","status-publish","format-standard","hentry","category-21-march-21"],"acf":[],"_links":{"self":[{"href":"https:\/\/eufortrisomy21.eu\/ro\/wp-json\/wp\/v2\/posts\/33345"}],"collection":[{"href":"https:\/\/eufortrisomy21.eu\/ro\/wp-json\/wp\/v2\/posts"}],"about":[{"href":"https:\/\/eufortrisomy21.eu\/ro\/wp-json\/wp\/v2\/types\/post"}],"author":[{"embeddable":true,"href":"https:\/\/eufortrisomy21.eu\/ro\/wp-json\/wp\/v2\/users\/3"}],"replies":[{"embeddable":true,"href":"https:\/\/eufortrisomy21.eu\/ro\/wp-json\/wp\/v2\/comments?post=33345"}],"version-history":[{"count":3,"href":"https:\/\/eufortrisomy21.eu\/ro\/wp-json\/wp\/v2\/posts\/33345\/revisions"}],"predecessor-version":[{"id":33626,"href":"https:\/\/eufortrisomy21.eu\/ro\/wp-json\/wp\/v2\/posts\/33345\/revisions\/33626"}],"wp:attachment":[{"href":"https:\/\/eufortrisomy21.eu\/ro\/wp-json\/wp\/v2\/media?parent=33345"}],"wp:term":[{"taxonomy":"category","embeddable":true,"href":"https:\/\/eufortrisomy21.eu\/ro\/wp-json\/wp\/v2\/categories?post=33345"},{"taxonomy":"post_tag","embeddable":true,"href":"https:\/\/eufortrisomy21.eu\/ro\/wp-json\/wp\/v2\/tags?post=33345"}],"curies":[{"name":"wp","href":"https:\/\/api.w.org\/{rel}","templated":true}]}}