{"id":33570,"date":"2023-06-05T15:06:48","date_gmt":"2023-06-05T13:06:48","guid":{"rendered":"https:\/\/eufortrisomy21.eu\/?p=33570"},"modified":"2024-02-20T17:22:09","modified_gmt":"2024-02-20T16:22:09","slug":"time-for-more-health","status":"publish","type":"post","link":"https:\/\/eufortrisomy21.eu\/ro\/time-for-more-health\/","title":{"rendered":"E timpul pentru mai mult\u0103 s\u0103n\u0103tate"},"content":{"rendered":"<p><strong>Viitorul este al nostru: un succes r\u0103sun\u0103tor la Bruxelles <\/strong><\/p>\n<p><strong>Bruxelles, 1 mai<\/strong><strong>2<\/strong><strong>, 2023<\/strong><\/p>\n<p>Pute\u021bi g\u0103si raportul oficial <a href=\"https:\/\/drive.google.com\/file\/d\/1GWGiY_j5SqgJcWtJ3wEvT8RlmPlHY2Gg\/view?usp=sharing\">Aici<\/a>.<\/p>\n<p><img loading=\"lazy\" decoding=\"async\" class=\"wp-image-33571 alignleft\" src=\"https:\/\/eufortrisomy21.eu\/wp-content\/uploads\/2023\/06\/IMG_2495-scaled.jpeg\" alt=\"\" width=\"460\" height=\"345\" srcset=\"https:\/\/eufortrisomy21.eu\/wp-content\/uploads\/2023\/06\/IMG_2495-scaled.jpeg 2560w, https:\/\/eufortrisomy21.eu\/wp-content\/uploads\/2023\/06\/IMG_2495-300x225.jpeg 300w, https:\/\/eufortrisomy21.eu\/wp-content\/uploads\/2023\/06\/IMG_2495-1024x768.jpeg 1024w, https:\/\/eufortrisomy21.eu\/wp-content\/uploads\/2023\/06\/IMG_2495-768x576.jpeg 768w, https:\/\/eufortrisomy21.eu\/wp-content\/uploads\/2023\/06\/IMG_2495-1536x1152.jpeg 1536w, https:\/\/eufortrisomy21.eu\/wp-content\/uploads\/2023\/06\/IMG_2495-2048x1536.jpeg 2048w, https:\/\/eufortrisomy21.eu\/wp-content\/uploads\/2023\/06\/IMG_2495-16x12.jpeg 16w\" sizes=\"(max-width: 460px) 100vw, 460px\" \/>Proiectul The Future is Ours a ob\u021binut un succes r\u0103sun\u0103tor cu recentul s\u0103u eveniment \u00een persoan\u0103, #TheFutureIsOurs, desf\u0103\u0219urat la Bruxelles \u00eentre 1 mai \u0219i 3 mai. Evenimentul a marcat o piatr\u0103 de hotar semnificativ\u0103 pentru auto-advocacy pentru Sindromul Down, atrag\u00e2nd 72 de persoane din 11 \u021b\u0103ri UE, inclusiv 28 de auto-avoca\u021bi cu Sindrom Down.<\/p>\n<p>Evenimentul a \u00eenceput cu o cin\u0103 \u00eenc\u00e2nt\u0103toare pe 1 mai, unde participan\u021bii din diferite \u021b\u0103ri s-au reunit \u0219i \u0219i-au \u00eemp\u0103rt\u0103\u0219it experien\u021bele. Pe 2 mai, europarlamentarul Lukas Mandl a salutat participan\u021bii la cl\u0103direa ZWEIG \u0219i \u0219i-a exprimat sprijinul pentru obiectivele evenimentului, subliniind importan\u021ba pled\u0103rii pentru drepturile persoanelor cu Sindrom Down.<\/p>\n<p>Atelierele, care au acoperit o serie de subiecte legate de autonomia de vizibilitate, tratament egal \u0219i bun\u0103starea persoanelor cu Sindrom Down, au fost informative \u0219i practice, oferind participan\u021bilor cuno\u0219tin\u021be \u0219i instrumente valoroase pentru a-\u0219i \u00eembun\u0103t\u0103\u021bi s\u0103n\u0103tatea \u0219i bun\u0103starea. Dup\u0103-amiaza, panelul de discu\u021bie \u201eTimp pentru mai mult\u0103 s\u0103n\u0103tate\u201d la care a participat europarlamentarul Rosa Estar\u00e0s Ferragut, europarlamentarul Helmut Geuking, profesorul Mara Dierssen Sotos, doctorul Pilar Garcia Fern\u00e1ndez, autoavocatul Jean Phillipe Barone \u0219i expertul Mareike Fuisz au abordat aspecte importante legate de s\u0103n\u0103tate. \u0219i bun\u0103starea persoanelor cu Sindrom Down.<\/p>\n<p><img loading=\"lazy\" decoding=\"async\" class=\"alignright wp-image-33572\" src=\"https:\/\/eufortrisomy21.eu\/wp-content\/uploads\/2023\/06\/IMG_2575-scaled.jpeg\" alt=\"\" width=\"298\" height=\"397\" srcset=\"https:\/\/eufortrisomy21.eu\/wp-content\/uploads\/2023\/06\/IMG_2575-scaled.jpeg 1920w, https:\/\/eufortrisomy21.eu\/wp-content\/uploads\/2023\/06\/IMG_2575-225x300.jpeg 225w, https:\/\/eufortrisomy21.eu\/wp-content\/uploads\/2023\/06\/IMG_2575-768x1024.jpeg 768w, https:\/\/eufortrisomy21.eu\/wp-content\/uploads\/2023\/06\/IMG_2575-1152x1536.jpeg 1152w, https:\/\/eufortrisomy21.eu\/wp-content\/uploads\/2023\/06\/IMG_2575-1536x2048.jpeg 1536w, https:\/\/eufortrisomy21.eu\/wp-content\/uploads\/2023\/06\/IMG_2575-9x12.jpeg 9w\" sizes=\"(max-width: 298px) 100vw, 298px\" \/><\/p>\n<p>Una dintre componentele cele mai de impact ale evenimentului a fost partea \u201eMeet Your MEP\u201d, care a oferit participan\u021bilor ocazia de a se \u00eent\u00e2lni cu reprezentan\u021bii \u021b\u0103rii lor la Parlamentul European \u0219i de a sus\u021bine drepturile lor de auto-avoca\u021bi cu Sindrom Down. Pre\u0219edintele, Roberta Metsola, s-a num\u0103rat printre numero\u0219ii deputa\u021bi europeni care au beneficiat de aceast\u0103 ocazie, salut\u00e2ndu-i cu c\u0103ldur\u0103 pe to\u021bi.<\/p>\n<p>Evenimentul a culminat cu o recep\u021bie \u00eenc\u00e2nt\u0103toare g\u0103zduit\u0103 de europarlamentarul Margarita De la Pisa, oferind participan\u021bilor, vorbitorilor \u0219i organizatorilor \u0219ansa de a se relaxa, de a dansa \u0219i de a savura delicatese spaniole.<\/p>\n<p>EU For Trisomy 21 se m\u00e2ndre\u0219te cu succesul acestui eveniment, reunind un grup divers de auto-avoca\u021bi cu Sindrom Down din diferite \u021b\u0103ri \u0219i medii. Suntem recunosc\u0103tori vorbitorilor, participan\u021bilor \u0219i organiza\u021biilor partenere pentru sprijinul lor extraordinar \u00een sus\u021binerea drepturilor persoanelor cu sindrom Down. De asemenea, le mul\u021bumim europarlamentarilor pentru prezen\u021ba lor bun\u0103 la eveniment. R\u0103m\u00e2ne\u021bi la curent pentru mai multe fotografii, videoclipuri \u0219i \u0219tiri viitoare despre advocacy \u0219i auto-advocacy pentru Sindromul Down pe site-ul nostru \u0219i canalele de socializare.<\/p>","protected":false},"excerpt":{"rendered":"<p>The Future Is Ours: A Resounding Success in Brussels Brussels, May 12, 2023 You can find the official report here.&hellip;<\/p>","protected":false},"author":3,"featured_media":0,"comment_status":"closed","ping_status":"closed","sticky":false,"template":"","format":"standard","meta":{"_acf_changed":false,"footnotes":""},"categories":[45],"tags":[],"class_list":["post-33570","post","type-post","status-publish","format-standard","hentry","category-21-march-21"],"acf":[],"_links":{"self":[{"href":"https:\/\/eufortrisomy21.eu\/ro\/wp-json\/wp\/v2\/posts\/33570"}],"collection":[{"href":"https:\/\/eufortrisomy21.eu\/ro\/wp-json\/wp\/v2\/posts"}],"about":[{"href":"https:\/\/eufortrisomy21.eu\/ro\/wp-json\/wp\/v2\/types\/post"}],"author":[{"embeddable":true,"href":"https:\/\/eufortrisomy21.eu\/ro\/wp-json\/wp\/v2\/users\/3"}],"replies":[{"embeddable":true,"href":"https:\/\/eufortrisomy21.eu\/ro\/wp-json\/wp\/v2\/comments?post=33570"}],"version-history":[{"count":3,"href":"https:\/\/eufortrisomy21.eu\/ro\/wp-json\/wp\/v2\/posts\/33570\/revisions"}],"predecessor-version":[{"id":33630,"href":"https:\/\/eufortrisomy21.eu\/ro\/wp-json\/wp\/v2\/posts\/33570\/revisions\/33630"}],"wp:attachment":[{"href":"https:\/\/eufortrisomy21.eu\/ro\/wp-json\/wp\/v2\/media?parent=33570"}],"wp:term":[{"taxonomy":"category","embeddable":true,"href":"https:\/\/eufortrisomy21.eu\/ro\/wp-json\/wp\/v2\/categories?post=33570"},{"taxonomy":"post_tag","embeddable":true,"href":"https:\/\/eufortrisomy21.eu\/ro\/wp-json\/wp\/v2\/tags?post=33570"}],"curies":[{"name":"wp","href":"https:\/\/api.w.org\/{rel}","templated":true}]}}