{"id":33632,"date":"2023-07-07T14:20:00","date_gmt":"2023-07-07T12:20:00","guid":{"rendered":"https:\/\/eufortrisomy21.eu\/?p=33632"},"modified":"2024-02-20T17:21:50","modified_gmt":"2024-02-20T16:21:50","slug":"time-for-more-equal-treatment","status":"publish","type":"post","link":"https:\/\/eufortrisomy21.eu\/ro\/time-for-more-equal-treatment\/","title":{"rendered":"E timpul pentru un tratament mai egal"},"content":{"rendered":"<p><strong>Proiectul \u201eViitorul este al nostru\u201d: \u00cemputernicirea schimb\u0103rii \u0219i incluziunii<\/strong><\/p>\n<p>7 iulie 2023 \u2014 Re\u021beaua UE pentru Trisomia 21 este \u00eenc\u00e2ntat\u0103 s\u0103 anun\u021be \u00eencheierea cu succes a celui de-al patrulea eveniment din proiectul \u00een curs de desf\u0103\u0219urare \u201eViitorul este al nostru\u201d. Desf\u0103\u0219urat pe 6 iulie, evenimentul, sponsorizat de Uniunea European\u0103 prin grantul CERV, a fost un succes r\u0103sun\u0103tor \u00een stimularea dialogului \u0219i abilitarea persoanelor cu dizabilit\u0103\u021bi intelectuale, cu un accent deosebit pe Tratamentul Egal la locul de munc\u0103 \u0219i subiecte conexe. Pute\u021bi citi raportul oficial <a href=\"https:\/\/drive.google.com\/file\/d\/1scn0DUrbaoWa7EqPKB69h1-JLZh1Gk--\/view?usp=sharing\">Aici<\/a>.<\/p>\n<p>Evenimentul a reunit participan\u021bi din toat\u0103 Europa, cu interpre\u021bi disponibili \u00een mai multe limbi, inclusiv italian\u0103, englez\u0103, rom\u00e2n\u0103 \u0219i maghiar\u0103.<\/p>\n<p>\u201eViitorul este al nostru\u201d este un proiect care a luat na\u0219tere \u00een 2019 ca o re\u021bea de organiza\u021bii locale dedicate s\u0103rb\u0103toririi Zilei Mondiale a Sindromului Down. De-a lungul timpului, a evoluat \u00eentr-o platform\u0103 de advocacy \u0219i abilitare. Proiectul a g\u0103zduit deja dou\u0103 evenimente online \u0219i o \u00eent\u00e2lnire personal\u0103 la Bruxelles, unde 75 de participan\u021bi din diverse \u021b\u0103ri ale UE \u0219i 28 de persoane cu sindrom Down s-au \u00eent\u00e2lnit cu parlamentari pentru a discuta probleme cruciale, inclusiv s\u0103n\u0103tatea.<\/p>\n<p>Acest eveniment final din serie a abordat problema critic\u0103 a tratamentului egal la locul de munc\u0103. Distinsul juriu de vorbitori a inclus Chiara Gemma, deputat \u00een Parlamentul European; Maria James, \u00eenot\u0103toare medaliat\u0103 cu aur \u0219i avocat din Malta; Yasmin Ismail, psiholog junior din Rom\u00e2nia; \u0219i K\u00e1roly Kisari, fondatorul Asocia\u021biei Maghiare Hidden Treasures Down \u0219i al Funda\u021biei Mentor\u00e1ll\u00e1s.<\/p>\n<p>Chiara Gemma, care face parte din Comisia pentru ocuparea for\u021bei de munc\u0103 \u0219i afaceri sociale \u0219i din Intergrupul pentru persoanele cu dizabilit\u0103\u021bi din Parlamentul European, s-a adresat publicului printr-un videoclip pre\u00eenregistrat datorit\u0103 angajamentelor sale de c\u0103l\u0103torie de ultim moment. Ea a subliniat importan\u021ba auto-advocacy \u0219i necesitatea de a amplifica vocile celor cu dizabilit\u0103\u021bi intelectuale \u00een arena politic\u0103.<\/p>\n<p>Maria James, un avocat pasionat \u0219i medaliat\u0103 cu aur la \u00eenot, a \u00eemp\u0103rt\u0103\u0219it c\u0103l\u0103toria ei inspirat\u0103 \u0219i a discutat despre munca ei de promovare a tratamentului egal la locul de munc\u0103 pentru persoanele cu sindrom Down. Yasmin Ismail, psiholog junior, a oferit perspective valoroase despre cariera ei \u0219i despre provoc\u0103rile pe care le-a dep\u0103\u0219it, \u00eencuraj\u00e2ndu-i pe al\u021bii s\u0103-\u0219i urmeze visurile. K\u00e1roly Kisari, un pionier \u00een domeniu, a discutat despre misiunea organiza\u021biilor sale din Ungaria, concentr\u00e2ndu-se pe integrarea persoanelor cu dizabilit\u0103\u021bi \u00een societate \u0219i pe pia\u021ba deschis\u0103 a muncii.<\/p>\n<p>Pe tot parcursul evenimentului, publicul a avut ocazia s\u0103 pun\u0103 \u00eentreb\u0103ri vorbitorilor, stimul\u00e2nd discu\u021biile interactive \u0219i sporind \u00een\u021belegerea.<\/p>\n<p>Re\u021beaua UE pentru Trisomia 21 se angajeaz\u0103 s\u0103 \u00ee\u0219i continue eforturile de advocacy \u0219i de abilitare. A depus cereri pentru un alt proiect UE care urm\u0103re\u0219te s\u0103 \u00eemputerniceasc\u0103 auto-avoca\u021bii s\u0103 comunice eficient cu mass-media, politicienii \u0219i publicul, promov\u00e2nd vizibilitatea \u0219i autonomia.<\/p>\n<p>Succesul proiectului \u201eThe Future is Ours\u201d din 6 iulie reafirm\u0103 angajamentul UE pentru Re\u021beaua Trisomie 21 de a crea o societate mai incluziv\u0103 \u0219i mai echitabil\u0103 pentru persoanele cu dizabilit\u0103\u021bi intelectuale din \u00eentreaga Europ\u0103.<\/p>","protected":false},"excerpt":{"rendered":"<p>&#8220;The Future is Ours&#8221; Project: Empowering Change and Inclusion 7.th July 2023\u2014 The EU for Trisomy 21 Network is delighted&hellip;<\/p>","protected":false},"author":3,"featured_media":0,"comment_status":"closed","ping_status":"closed","sticky":false,"template":"","format":"standard","meta":{"_acf_changed":false,"footnotes":""},"categories":[45],"tags":[],"class_list":["post-33632","post","type-post","status-publish","format-standard","hentry","category-21-march-21"],"acf":[],"_links":{"self":[{"href":"https:\/\/eufortrisomy21.eu\/ro\/wp-json\/wp\/v2\/posts\/33632"}],"collection":[{"href":"https:\/\/eufortrisomy21.eu\/ro\/wp-json\/wp\/v2\/posts"}],"about":[{"href":"https:\/\/eufortrisomy21.eu\/ro\/wp-json\/wp\/v2\/types\/post"}],"author":[{"embeddable":true,"href":"https:\/\/eufortrisomy21.eu\/ro\/wp-json\/wp\/v2\/users\/3"}],"replies":[{"embeddable":true,"href":"https:\/\/eufortrisomy21.eu\/ro\/wp-json\/wp\/v2\/comments?post=33632"}],"version-history":[{"count":3,"href":"https:\/\/eufortrisomy21.eu\/ro\/wp-json\/wp\/v2\/posts\/33632\/revisions"}],"predecessor-version":[{"id":33635,"href":"https:\/\/eufortrisomy21.eu\/ro\/wp-json\/wp\/v2\/posts\/33632\/revisions\/33635"}],"wp:attachment":[{"href":"https:\/\/eufortrisomy21.eu\/ro\/wp-json\/wp\/v2\/media?parent=33632"}],"wp:term":[{"taxonomy":"category","embeddable":true,"href":"https:\/\/eufortrisomy21.eu\/ro\/wp-json\/wp\/v2\/categories?post=33632"},{"taxonomy":"post_tag","embeddable":true,"href":"https:\/\/eufortrisomy21.eu\/ro\/wp-json\/wp\/v2\/tags?post=33632"}],"curies":[{"name":"wp","href":"https:\/\/api.w.org\/{rel}","templated":true}]}}