{"id":30925,"date":"2021-02-19T16:40:13","date_gmt":"2021-02-19T15:40:13","guid":{"rendered":"https:\/\/eufortrisomy21.eu\/?p=30925"},"modified":"2021-02-23T15:00:23","modified_gmt":"2021-02-23T14:00:23","slug":"focus-on-the-21st-of-march-2021-lets-celebrate-world-down-syndrome-day-in-europe","status":"publish","type":"post","link":"https:\/\/eufortrisomy21.eu\/sk\/focus-on-the-21st-of-march-2021-lets-celebrate-world-down-syndrome-day-in-europe\/","title":{"rendered":"Tla\u010dov\u00e1 spr\u00e1va: Zamerajte sa na 21. marca 2021. Osl\u00e1vme v Eur\u00f3pe Svetov\u00fd de\u0148 Downovho syndr\u00f3mu!"},"content":{"rendered":"<p><img loading=\"lazy\" decoding=\"async\" class=\"size-medium wp-image-20686 alignright\" src=\"https:\/\/eufortrisomy21.eu\/wp-content\/uploads\/2020\/11\/Logo_EUforTrisomy21-Couleur-300x213.png\" alt=\"\" width=\"300\" height=\"213\" srcset=\"https:\/\/eufortrisomy21.eu\/wp-content\/uploads\/2020\/11\/Logo_EUforTrisomy21-Couleur-300x213.png 300w, https:\/\/eufortrisomy21.eu\/wp-content\/uploads\/2020\/11\/Logo_EUforTrisomy21-Couleur-1024x727.png 1024w, https:\/\/eufortrisomy21.eu\/wp-content\/uploads\/2020\/11\/Logo_EUforTrisomy21-Couleur-768x545.png 768w, https:\/\/eufortrisomy21.eu\/wp-content\/uploads\/2020\/11\/Logo_EUforTrisomy21-Couleur.png 1429w\" sizes=\"(max-width: 300px) 100vw, 300px\" \/>Bud\u00face vydanie Svetov\u00e9ho d\u0148a Downovho syndr\u00f3mu (21<sup>sv<\/sup> marca, o ktorom rozhoduje Organiz\u00e1cia Spojen\u00fdch n\u00e1rodov) po\u017eaduje osobitn\u00fa dynamiku, preto\u017ee sa kon\u00e1 v roku 2021 a Downov syndr\u00f3m je medic\u00ednsky zn\u00e1my ako triz\u00f3mia 21!<\/p>\n<p>Z tohto h\u013eadiska sa komunita rodi\u010dov det\u00ed s Downov\u00fdm syndr\u00f3mom z celej Eur\u00f3py spojila pod zna\u010dkou EUfortrisomy21. V\u010faka skupine rodi\u010dov, ktor\u00e1 zah\u00e1jila pr\u00edpravy, je v zna\u010dke EUfortrisomy21 u\u017e zast\u00fapen\u00fdch 16 kraj\u00edn, ktor\u00e9 oslav\u00e1m Svetov\u00e9ho d\u0148a Downovho syndr\u00f3mu d\u00e1vaj\u00fa eur\u00f3psky rozmer.<\/p>\n<p>\u010co ich sp\u00e1ja: odhodlanie urobi\u0165 rok 2021 rokom ur\u010den\u00fdm pre \u013eud\u00ed s Downov\u00fdm syndr\u00f3mom; rok na ich po\u010des\u0165 a na z\u00edskanie ich pr\u00e1voplatn\u00e9ho miesta v eur\u00f3pskej spolo\u010dnosti.<\/p>\n<p>Pre 21<sup>sv<\/sup> marca sa navrhn\u00fa tri projekty na oslavu tohto d\u00e1tumu na eur\u00f3pskej \u00farovni. \u0160pecifik\u00e1 t\u00fdchto projektov bud\u00fa ozn\u00e1men\u00e9 v priebehu mesiaca febru\u00e1r: projekt radosti, projekt na zamyslenie a projekt na konanie.<\/p>\n<p><strong>Kontakt: press@eufortrisomy21.eu <\/strong><\/p>\n<p><u>EUfortrisomy21<\/u> je komunita rodi\u010dov det\u00ed s Downov\u00fdm syndr\u00f3mom, zjednoten\u00e1 s cie\u013eom presadzova\u0165 pr\u00e1va \u013eud\u00ed s Downov\u00fdm syndr\u00f3mom v 4 prioritn\u00fdch oblastiach: vidite\u013enos\u0165, nediskrimin\u00e1cia, zdravie, auton\u00f3mia.<\/p>","protected":false},"excerpt":{"rendered":"<p>The next edition of World Down Syndrome Day (21st of March as decided by United Nation) calls for a special&hellip;<\/p>","protected":false},"author":2,"featured_media":0,"comment_status":"closed","ping_status":"closed","sticky":false,"template":"","format":"standard","meta":{"_acf_changed":false,"footnotes":""},"categories":[45],"tags":[],"class_list":["post-30925","post","type-post","status-publish","format-standard","hentry","category-21-march-21"],"acf":[],"_links":{"self":[{"href":"https:\/\/eufortrisomy21.eu\/sk\/wp-json\/wp\/v2\/posts\/30925"}],"collection":[{"href":"https:\/\/eufortrisomy21.eu\/sk\/wp-json\/wp\/v2\/posts"}],"about":[{"href":"https:\/\/eufortrisomy21.eu\/sk\/wp-json\/wp\/v2\/types\/post"}],"author":[{"embeddable":true,"href":"https:\/\/eufortrisomy21.eu\/sk\/wp-json\/wp\/v2\/users\/2"}],"replies":[{"embeddable":true,"href":"https:\/\/eufortrisomy21.eu\/sk\/wp-json\/wp\/v2\/comments?post=30925"}],"version-history":[{"count":0,"href":"https:\/\/eufortrisomy21.eu\/sk\/wp-json\/wp\/v2\/posts\/30925\/revisions"}],"wp:attachment":[{"href":"https:\/\/eufortrisomy21.eu\/sk\/wp-json\/wp\/v2\/media?parent=30925"}],"wp:term":[{"taxonomy":"category","embeddable":true,"href":"https:\/\/eufortrisomy21.eu\/sk\/wp-json\/wp\/v2\/categories?post=30925"},{"taxonomy":"post_tag","embeddable":true,"href":"https:\/\/eufortrisomy21.eu\/sk\/wp-json\/wp\/v2\/tags?post=30925"}],"curies":[{"name":"wp","href":"https:\/\/api.w.org\/{rel}","templated":true}]}}