{"id":31446,"date":"2021-03-09T10:19:38","date_gmt":"2021-03-09T09:19:38","guid":{"rendered":"https:\/\/eufortrisomy21.eu\/?p=31446"},"modified":"2021-03-09T10:20:49","modified_gmt":"2021-03-09T09:20:49","slug":"press-release-one-dancing-challenge-to-join-in-the-celebration","status":"publish","type":"post","link":"https:\/\/eufortrisomy21.eu\/sk\/press-release-one-dancing-challenge-to-join-in-the-celebration\/","title":{"rendered":"Tla\u010dov\u00e1 spr\u00e1va: Jedna tane\u010dn\u00e1 v\u00fdzva zapoji\u0165 sa do sl\u00e1vnosti!"},"content":{"rendered":"<p style=\"text-align: right;\"><img loading=\"lazy\" decoding=\"async\" class=\"size-medium wp-image-14470 alignleft\" src=\"https:\/\/eufortrisomy21.eu\/wp-content\/uploads\/2020\/02\/Banniere7-300x120.jpg\" alt=\"\" width=\"300\" height=\"120\" srcset=\"https:\/\/eufortrisomy21.eu\/wp-content\/uploads\/2020\/02\/Banniere7-300x120.jpg 300w, https:\/\/eufortrisomy21.eu\/wp-content\/uploads\/2020\/02\/Banniere7-1024x410.jpg 1024w, https:\/\/eufortrisomy21.eu\/wp-content\/uploads\/2020\/02\/Banniere7-768x307.jpg 768w, https:\/\/eufortrisomy21.eu\/wp-content\/uploads\/2020\/02\/Banniere7-1536x614.jpg 1536w, https:\/\/eufortrisomy21.eu\/wp-content\/uploads\/2020\/02\/Banniere7.jpg 2000w\" sizes=\"(max-width: 300px) 100vw, 300px\" \/>tla\u010dov\u00e1 spr\u00e1va<\/p>\n<p style=\"text-align: right;\">Brusel<\/p>\n<p style=\"text-align: right;\">3. marca 2021<\/p>\n<p>&nbsp;<\/p>\n<h2 style=\"text-align: center;\"><span style=\"color: #99ccff;\"><strong>Osl\u00e1vme spolu 21. marec <\/strong><\/span><\/h2>\n<h2 style=\"text-align: center;\"><strong><span style=\"color: #ffcc00;\">1<\/span> Tancovanie <span style=\"color: #ffcc00;\">v\u00fdzva <\/span><\/strong>pripoji\u0165 sa k oslave!<\/h2>\n<p>\u010eal\u0161\u00ed <em>Medzin\u00e1rodn\u00fd de\u0148 triz\u00f3mie 21<\/em> sa uskuto\u010dn\u00ed v nede\u013eu 21.3.20<span style=\"color: #99ccff;\"><strong>21<\/strong><\/span>. Na oslavu tohto symbolick\u00e9ho d\u00e1tumu pre osoby s Downov\u00fdm syndr\u00f3mom (tie\u017e naz\u00fdvan\u00fdm triz\u00f3mia <span style=\"color: #99ccff;\"><strong>21<\/strong><\/span>), <em>EUforTrisomy21<\/em> navrhuje tri projekty. Zamerajte sa na tane\u010dn\u00fa v\u00fdzvu osvetli\u0165 \u013eud\u00ed s Downov\u00fdm syndr\u00f3mom: choreografiu na tanec s cie\u013eom radova\u0165 sa, oslavova\u0165 spolu s \u013eu\u010fmi s Downov\u00fdm syndr\u00f3mom.<\/p>\n<h4><span style=\"color: #ffcc00;\"><strong>1. Choreografia<\/strong><\/span><\/h4>\n<p>Predstavil si to choreograf, ktor\u00fd kedysi pracoval v \u0161pecializovanom centre pre \u013eud\u00ed s Downov\u00fdm syndr\u00f3mom. Hudba je v\u00fd\u0148atok z posledn\u00e9ho singla franc\u00fazskej umelkyne Kimberose: \u00ab\u00a0<em>Sp\u00e4\u0165 na nohy.&quot;<\/em><\/p>\n<h4><span style=\"color: #99ccff;\"><strong>2. V\u00fdzva \u00ab Tanec na 21. marec \u2013 Medzin\u00e1rodn\u00fd de\u0148 triz\u00f3mie 21 \u00bb<\/strong><\/span><\/h4>\n<p>Bola spusten\u00e1 na soci\u00e1lnych sie\u0165ach d\u0148a <strong><span style=\"color: #99ccff;\">3. marca 2021<\/span><\/strong>.<\/p>\n<p>Je ur\u010den\u00fd ob\u010danom eur\u00f3pskych kraj\u00edn; v\u0161etci s\u00fa pozvan\u00ed z\u00fa\u010dastni\u0165 sa v\u00fdzvy:<\/p>\n<ul>\n<li>Vyjadri\u0165 rados\u0165 a ucti\u0165 si na\u0161ich bl\u00edzkych s Downov\u00fdm syndr\u00f3mom;<\/li>\n<li>Spozna\u0165 \u013eud\u00ed s Downov\u00fdm syndr\u00f3mom v na\u0161ej komunite;<\/li>\n<li>Vyjadri\u0165 kolekt\u00edvnu v\u010faku za osobitn\u00e9 postavenie \u013eud\u00ed s Downov\u00fdm syndr\u00f3mom v na\u0161ej spolo\u010dnosti, ktor\u00e9 je potrebn\u00e9 zd\u00f4razni\u0165: nevyhnutn\u00e1 s\u00fa\u010das\u0165 na\u0161ej spolo\u010dnosti.<\/li>\n<\/ul>\n<p>Konkr\u00e9tne :<\/p>\n<ul>\n<li>Ka\u017ed\u00fd sa nau\u010d\u00ed choreografiu, zaregistruje sa, zverejn\u00ed ju na soci\u00e1lnych sie\u0165ach a \u0161\u00edri pr\u00edspevky<em> EUforTrisomy21<\/em>.<\/li>\n<li>Pomocou nasleduj\u00facich hashtagov: <span style=\"color: #99ccff;\"><strong>#EUfortrisomia21<\/strong><strong> #v\u00fdzva #downsyndr\u00f3m<\/strong><\/span><\/li>\n<\/ul>\n<h4><strong><span style=\"color: #ffcc00;\">3. K\u00f3d obliekania (ak je to mo\u017en\u00e9)<\/span><\/strong><\/h4>\n<p>Hore : biela \/ Dolu : modr\u00e1 \/ Nezhodn\u00e9 pono\u017eky alebo top\u00e1nky<\/p>\n<h4><strong><span style=\"color: #99ccff;\">4. EUfortrisomia21<\/span><\/strong><\/h4>\n<p>EUfortrisomy21 je komunita rodi\u010dov os\u00f4b s Downov\u00fdm syndr\u00f3mom v celej Eur\u00f3pe: <strong><span style=\"color: #99ccff;\">Zapojen\u00fdch je 19 kraj\u00edn<\/span><\/strong> zastupuj\u00faci <strong><span style=\"color: #99ccff;\">55 spolkov<\/span><\/strong> kto s\u00fa <strong><span style=\"color: #99ccff;\">partneri<\/span><\/strong> projektu EUforTrisomy21 pre ro\u010dn\u00edk Medzin\u00e1rodn\u00e9ho d\u0148a triz\u00f3mie 21 v roku 2021.<\/p>\n<p>&nbsp;<\/p>\n<p style=\"text-align: center;\">Kontakt: contact@eufortrisomy21.eu<\/p>\n<p style=\"text-align: right;\"><a href=\"https:\/\/eufortrisomy21.eu\/wp-content\/uploads\/2021\/03\/EN-EUfortrisomy21-dancing-video-03-03-21.pdf\" target=\"_blank\" rel=\"noopener\">Kliknite tu<\/a> na stiahnutie tla\u010dovej spr\u00e1vy<\/p>","protected":false},"excerpt":{"rendered":"<p>The next International Day of Trisomy 21 will take place on Sunday 21st March 2021. In order to celebrate this&hellip;<\/p>","protected":false},"author":3,"featured_media":0,"comment_status":"closed","ping_status":"closed","sticky":false,"template":"","format":"standard","meta":{"_acf_changed":false,"footnotes":""},"categories":[45],"tags":[],"class_list":["post-31446","post","type-post","status-publish","format-standard","hentry","category-21-march-21"],"acf":[],"_links":{"self":[{"href":"https:\/\/eufortrisomy21.eu\/sk\/wp-json\/wp\/v2\/posts\/31446"}],"collection":[{"href":"https:\/\/eufortrisomy21.eu\/sk\/wp-json\/wp\/v2\/posts"}],"about":[{"href":"https:\/\/eufortrisomy21.eu\/sk\/wp-json\/wp\/v2\/types\/post"}],"author":[{"embeddable":true,"href":"https:\/\/eufortrisomy21.eu\/sk\/wp-json\/wp\/v2\/users\/3"}],"replies":[{"embeddable":true,"href":"https:\/\/eufortrisomy21.eu\/sk\/wp-json\/wp\/v2\/comments?post=31446"}],"version-history":[{"count":0,"href":"https:\/\/eufortrisomy21.eu\/sk\/wp-json\/wp\/v2\/posts\/31446\/revisions"}],"wp:attachment":[{"href":"https:\/\/eufortrisomy21.eu\/sk\/wp-json\/wp\/v2\/media?parent=31446"}],"wp:term":[{"taxonomy":"category","embeddable":true,"href":"https:\/\/eufortrisomy21.eu\/sk\/wp-json\/wp\/v2\/categories?post=31446"},{"taxonomy":"post_tag","embeddable":true,"href":"https:\/\/eufortrisomy21.eu\/sk\/wp-json\/wp\/v2\/tags?post=31446"}],"curies":[{"name":"wp","href":"https:\/\/api.w.org\/{rel}","templated":true}]}}